{"id":1009,"date":"2024-10-09T01:18:29","date_gmt":"2024-10-08T23:18:29","guid":{"rendered":"https:\/\/vieassociative.be\/actualites\/amazon-propose-une-bonne-affaire-sur-les-anciens-airpods-max\/"},"modified":"2024-10-09T01:18:29","modified_gmt":"2024-10-08T23:18:29","slug":"amazon-propose-une-bonne-affaire-sur-les-anciens-airpods-max","status":"publish","type":"post","link":"https:\/\/vieassociative.be\/actualites\/amazon-propose-une-bonne-affaire-sur-les-anciens-airpods-max\/","title":{"rendered":"Amazon propose une bonne affaire sur les anciens AirPods Max"},"content":{"rendered":"<div class=\"mt-4 leading-6 md:mb-8\">La principale diff\u00e9rence par rapport au mod\u00e8le plus r\u00e9cent est que vous perdrez l\u2019USB-C.<\/div>\n<p><\/p>\n<p>J&rsquo;adore mes AirPods Max, mais j&rsquo;ai du mal \u00e0 les recommander. Ils sont assez confortables, ont un son fantastique et s&rsquo;associent automatiquement \u00e0 tous mes appareils Apple. Qu&rsquo;est-ce que ne pas aimer ? Eh bien, le prix\u00a0: 549 $ est presque criminel pour facturer une paire d&rsquo;\u00e9couteurs sans fil, aussi bons soient-ils, \u00e9tant donn\u00e9 qu&rsquo;il existe de nombreux produits concurrents sur le march\u00e9 qui sont <em>chemin<\/em> moins cher.<\/p>\n<p>Cependant, baissez suffisamment le prix et les AirPods Max deviennent soudainement une option tr\u00e8s attrayante, surtout si vous \u00eates d\u00e9j\u00e0 aussi profond\u00e9ment dans l&rsquo;\u00e9cosyst\u00e8me Apple que moi. Si vous avez \u00e9t\u00e9 tent\u00e9 d&rsquo;en acheter une paire, mais que vous avez \u00e9t\u00e9 rebut\u00e9 par le prix ridiculement \u00e9lev\u00e9, il y a une bonne nouvelle : ces \u00e9couteurs sont massivement en vente aux c\u00f4t\u00e9s du Prime Day d&rsquo;octobre, en supposant que vous \u00eates d&rsquo;accord avec l&rsquo;ancien mod\u00e8le.<\/p>\n<p>Cela ne veut pas dire non plus que la derni\u00e8re version d\u2019Apple de ses \u00e9couteurs supra-auriculaires n\u2019est pas en vente : ils le sont, mais avec une remise beaucoup plus faible. Vous pouvez vous procurer les derniers AirPods Max pour 499,99 $, 9 % moins cher que le PDSF. Ce n\u2019est pas une r\u00e9duction terrible si vous deviez quand m\u00eame d\u00e9penser 549 $, mais ce n\u2019est pas l\u2019offre que je recommanderais. S\u00e9rieusement, si vous envisagez d&rsquo;acheter ces choses, achetez l&rsquo;ancien mod\u00e8le pour 349,99 $. Amazon les a mis en vente au m\u00eame prix lors du Prime Day de juillet, mais \u00e0 part cela, il s&rsquo;agit du prix le plus bas que ces \u00e9couteurs aient jamais atteint.<\/p>\n<p>La principale raison pour laquelle je recommande cet ancien mod\u00e8le est simple : ces \u00e9couteurs sont presque identiques aux nouveaux. Les fans des AirPods Max attendaient une mise \u00e0 jour depuis des ann\u00e9es, puisque les \u00e9couteurs d&rsquo;origine sont sortis en d\u00e9cembre 2020. Lorsque Apple a finalement lanc\u00e9 un \u00ab nouveau \u00bb AirPods Max, ces fans ont \u00e9t\u00e9 extr\u00eamement d\u00e9\u00e7us d&rsquo;apprendre que les seuls changements \u00e9taient de nouvelles couleurs et un port USB. Prise en charge C. La prise en charge USB-C est excellente, ne vous m\u00e9prenez pas\u00a0: si vous poss\u00e9dez un iPhone 15 ou plus r\u00e9cent, vous appr\u00e9cierez de transporter un seul c\u00e2ble USB-C pour charger vos appareils, au lieu d&#8217;emballer \u00e0 la fois des c\u00e2bles USB-C et Lightning. c\u00e2bles dans vos sacs. <\/p>\n<p>Cependant, l\u2019USB-C vaut-il 150 $ suppl\u00e9mentaires ? Les nouvelles couleurs valent-elles ce prix ? \u00c0 mon avis, non, surtout quand on a toujours le m\u00eame casque avec la m\u00eame puce H1, sans nouveaut\u00e9s. Apple n&rsquo;a m\u00eame pas ajout\u00e9 certaines des fonctionnalit\u00e9s exclusives des AirPods Pro 2, comme la sensibilisation \u00e0 la conversation ou l&rsquo;audio adaptatif. C&rsquo;est d\u00e9cevant.<\/p>\n<p>Cela dit, pour 349,99 $, les AirPods Max sont une option valable pour les fans d&rsquo;Apple, aux c\u00f4t\u00e9s de choix similaires de Sony et Bose. La qualit\u00e9 sonore est fantastique, parfaite aussi bien pour la musique que pour regarder des \u00e9missions et des films. Si vous poss\u00e9dez une Apple TV, c&rsquo;est de loin ma fa\u00e7on pr\u00e9f\u00e9r\u00e9e de regarder la t\u00e9l\u00e9vision, car mes \u00e9couteurs sont \u00e0 des kilom\u00e8tres au-dessus de ma barre de son. Ils sont \u00e9galement excellents pour les voyages\u00a0: ils bloquent les sons dans un avion, un train, un paysage urbain, etc. Parfois, je n\u2019active m\u00eame pas la suppression du bruit, car l\u2019\u00e9tanch\u00e9it\u00e9 des oreillettes est assez bonne.<\/p>\n<p>Le choix vous appartient, mais si vous \u00eates d\u00e9termin\u00e9 \u00e0 utiliser les AirPods Max, je pense que vous devriez vivre avec un autre appareil Lightning pendant un petit moment et \u00e9conomiser ces 150 $. Les couleurs d&rsquo;origine sont tr\u00e8s bien.<\/p>\n<div class=\"w-full mt-12 text-center sm:text-left\" x-data=\"{ showAll: false }\">\n<div class=\"flex flex-col items-center justify-between sm:px-6 sm:flex-row\">\n<span class=\"text-sm italic\">Les offres sont s\u00e9lectionn\u00e9es par notre \u00e9quipe commerciale<\/span>\n<\/div>\n<\/div>\n","protected":false},"excerpt":{"rendered":"<p>La principale diff\u00e9rence par rapport au mod\u00e8le plus r\u00e9cent est que vous perdrez l\u2019USB-C. J&rsquo;adore mes AirPods Max, mais j&rsquo;ai du mal \u00e0 les recommander.<\/p>\n","protected":false},"author":1,"featured_media":1010,"comment_status":"","ping_status":"","sticky":false,"template":"","format":"standard","meta":{"footnotes":""},"categories":[13],"tags":[1547,15,51,1548,680,14,16,1546,33,110],"class_list":["post-1009","post","type-post","status-publish","format-standard","has-post-thumbnail","hentry","category-technologie","tag-affaire","tag-airpods","tag-amazon","tag-anciens","tag-bonne","tag-les","tag-max","tag-propose","tag-sur","tag-une","generate-columns","tablet-grid-50","mobile-grid-100","grid-parent","grid-33"],"yoast_head":"<!-- This site is optimized with the Yoast SEO plugin v24.0 - https:\/\/yoast.com\/wordpress\/plugins\/seo\/ -->\n<title>Amazon propose une bonne affaire sur les anciens AirPods Max | Vie Associative<\/title>\n<meta name=\"robots\" content=\"index, follow, max-snippet:-1, max-image-preview:large, max-video-preview:-1\" \/>\n<link rel=\"canonical\" href=\"https:\/\/vieassociative.be\/actualites\/amazon-propose-une-bonne-affaire-sur-les-anciens-airpods-max\/\" \/>\n<meta property=\"og:locale\" content=\"fr_FR\" \/>\n<meta property=\"og:type\" content=\"article\" \/>\n<meta property=\"og:title\" content=\"Amazon propose une bonne affaire sur les anciens AirPods Max | Vie Associative\" \/>\n<meta property=\"og:description\" content=\"La principale diff\u00e9rence par rapport au mod\u00e8le plus r\u00e9cent est que vous perdrez l\u2019USB-C. J&rsquo;adore mes AirPods Max, mais j&rsquo;ai du mal \u00e0 les recommander.\" \/>\n<meta property=\"og:url\" content=\"https:\/\/vieassociative.be\/actualites\/amazon-propose-une-bonne-affaire-sur-les-anciens-airpods-max\/\" \/>\n<meta property=\"og:site_name\" content=\"Vie Associative\" \/>\n<meta property=\"article:published_time\" content=\"2024-10-08T23:18:29+00:00\" \/>\n<meta property=\"og:image\" content=\"https:\/\/vieassociative.be\/actualites\/wp-content\/uploads\/2024\/09\/header_backgroundk-01-e1726694325946.png\" \/>\n\t<meta property=\"og:image:width\" content=\"279\" \/>\n\t<meta property=\"og:image:height\" content=\"92\" \/>\n\t<meta property=\"og:image:type\" content=\"image\/png\" \/>\n<meta name=\"author\" content=\"Julien\" \/>\n<meta name=\"twitter:card\" content=\"summary_large_image\" \/>\n<meta name=\"twitter:label1\" content=\"\u00c9crit par\" \/>\n\t<meta name=\"twitter:data1\" content=\"Julien\" \/>\n\t<meta name=\"twitter:label2\" content=\"Dur\u00e9e de lecture est.\" \/>\n\t<meta name=\"twitter:data2\" content=\"3 minutes\" \/>\n<script type=\"application\/ld+json\" class=\"yoast-schema-graph\">{\"@context\":\"https:\/\/schema.org\",\"@graph\":[{\"@type\":\"Article\",\"@id\":\"https:\/\/vieassociative.be\/actualites\/amazon-propose-une-bonne-affaire-sur-les-anciens-airpods-max\/#article\",\"isPartOf\":{\"@id\":\"https:\/\/vieassociative.be\/actualites\/amazon-propose-une-bonne-affaire-sur-les-anciens-airpods-max\/\"},\"author\":{\"name\":\"Julien\",\"@id\":\"https:\/\/vieassociative.be\/actualites\/#\/schema\/person\/b87ac4f82f9d4e7b7cec7395b679edc4\"},\"headline\":\"Amazon propose une bonne affaire sur les anciens AirPods Max\",\"datePublished\":\"2024-10-08T23:18:29+00:00\",\"dateModified\":\"2024-10-08T23:18:29+00:00\",\"mainEntityOfPage\":{\"@id\":\"https:\/\/vieassociative.be\/actualites\/amazon-propose-une-bonne-affaire-sur-les-anciens-airpods-max\/\"},\"wordCount\":668,\"publisher\":{\"@id\":\"https:\/\/vieassociative.be\/actualites\/#organization\"},\"image\":{\"@id\":\"https:\/\/vieassociative.be\/actualites\/amazon-propose-une-bonne-affaire-sur-les-anciens-airpods-max\/#primaryimage\"},\"thumbnailUrl\":\"https:\/\/vieassociative.be\/actualites\/wp-content\/uploads\/2024\/10\/Amazon-propose-une-bonne-affaire-sur-les-anciens-AirPods-Max.png\",\"keywords\":[\"affaire\",\"AirPods\",\"Amazon\",\"anciens\",\"bonne\",\"Les\",\"Max\",\"propose\",\"sur\",\"une\"],\"articleSection\":[\"Technologie\"],\"inLanguage\":\"fr-BE\"},{\"@type\":\"WebPage\",\"@id\":\"https:\/\/vieassociative.be\/actualites\/amazon-propose-une-bonne-affaire-sur-les-anciens-airpods-max\/\",\"url\":\"https:\/\/vieassociative.be\/actualites\/amazon-propose-une-bonne-affaire-sur-les-anciens-airpods-max\/\",\"name\":\"Amazon propose une bonne affaire sur les anciens AirPods Max | Vie Associative\",\"isPartOf\":{\"@id\":\"https:\/\/vieassociative.be\/actualites\/#website\"},\"primaryImageOfPage\":{\"@id\":\"https:\/\/vieassociative.be\/actualites\/amazon-propose-une-bonne-affaire-sur-les-anciens-airpods-max\/#primaryimage\"},\"image\":{\"@id\":\"https:\/\/vieassociative.be\/actualites\/amazon-propose-une-bonne-affaire-sur-les-anciens-airpods-max\/#primaryimage\"},\"thumbnailUrl\":\"https:\/\/vieassociative.be\/actualites\/wp-content\/uploads\/2024\/10\/Amazon-propose-une-bonne-affaire-sur-les-anciens-AirPods-Max.png\",\"datePublished\":\"2024-10-08T23:18:29+00:00\",\"dateModified\":\"2024-10-08T23:18:29+00:00\",\"breadcrumb\":{\"@id\":\"https:\/\/vieassociative.be\/actualites\/amazon-propose-une-bonne-affaire-sur-les-anciens-airpods-max\/#breadcrumb\"},\"inLanguage\":\"fr-BE\",\"potentialAction\":[{\"@type\":\"ReadAction\",\"target\":[\"https:\/\/vieassociative.be\/actualites\/amazon-propose-une-bonne-affaire-sur-les-anciens-airpods-max\/\"]}]},{\"@type\":\"ImageObject\",\"inLanguage\":\"fr-BE\",\"@id\":\"https:\/\/vieassociative.be\/actualites\/amazon-propose-une-bonne-affaire-sur-les-anciens-airpods-max\/#primaryimage\",\"url\":\"https:\/\/vieassociative.be\/actualites\/wp-content\/uploads\/2024\/10\/Amazon-propose-une-bonne-affaire-sur-les-anciens-AirPods-Max.png\",\"contentUrl\":\"https:\/\/vieassociative.be\/actualites\/wp-content\/uploads\/2024\/10\/Amazon-propose-une-bonne-affaire-sur-les-anciens-AirPods-Max.png\",\"width\":1200,\"height\":675,\"caption\":\"Amazon propose une bonne affaire sur les anciens AirPods Max\"},{\"@type\":\"BreadcrumbList\",\"@id\":\"https:\/\/vieassociative.be\/actualites\/amazon-propose-une-bonne-affaire-sur-les-anciens-airpods-max\/#breadcrumb\",\"itemListElement\":[{\"@type\":\"ListItem\",\"position\":1,\"name\":\"Accueil\",\"item\":\"https:\/\/vieassociative.be\/actualites\/\"},{\"@type\":\"ListItem\",\"position\":2,\"name\":\"Amazon propose une bonne affaire sur les anciens AirPods Max\"}]},{\"@type\":\"WebSite\",\"@id\":\"https:\/\/vieassociative.be\/actualites\/#website\",\"url\":\"https:\/\/vieassociative.be\/actualites\/\",\"name\":\"Vie Associative\",\"description\":\"\",\"publisher\":{\"@id\":\"https:\/\/vieassociative.be\/actualites\/#organization\"},\"potentialAction\":[{\"@type\":\"SearchAction\",\"target\":{\"@type\":\"EntryPoint\",\"urlTemplate\":\"https:\/\/vieassociative.be\/actualites\/?s={search_term_string}\"},\"query-input\":{\"@type\":\"PropertyValueSpecification\",\"valueRequired\":true,\"valueName\":\"search_term_string\"}}],\"inLanguage\":\"fr-BE\"},{\"@type\":\"Organization\",\"@id\":\"https:\/\/vieassociative.be\/actualites\/#organization\",\"name\":\"Vie Associative\",\"url\":\"https:\/\/vieassociative.be\/actualites\/\",\"logo\":{\"@type\":\"ImageObject\",\"inLanguage\":\"fr-BE\",\"@id\":\"https:\/\/vieassociative.be\/actualites\/#\/schema\/logo\/image\/\",\"url\":\"https:\/\/vieassociative.be\/actualites\/wp-content\/uploads\/2024\/09\/cropped-vieassociative_favicon.ico.png\",\"contentUrl\":\"https:\/\/vieassociative.be\/actualites\/wp-content\/uploads\/2024\/09\/cropped-vieassociative_favicon.ico.png\",\"width\":512,\"height\":512,\"caption\":\"Vie Associative\"},\"image\":{\"@id\":\"https:\/\/vieassociative.be\/actualites\/#\/schema\/logo\/image\/\"}},{\"@type\":\"Person\",\"@id\":\"https:\/\/vieassociative.be\/actualites\/#\/schema\/person\/b87ac4f82f9d4e7b7cec7395b679edc4\",\"name\":\"Julien\",\"image\":{\"@type\":\"ImageObject\",\"inLanguage\":\"fr-BE\",\"@id\":\"https:\/\/vieassociative.be\/actualites\/#\/schema\/person\/image\/\",\"url\":\"https:\/\/vieassociative.be\/actualites\/wp-content\/uploads\/2024\/09\/vie-associative-1-150x150.jpg\",\"contentUrl\":\"https:\/\/vieassociative.be\/actualites\/wp-content\/uploads\/2024\/09\/vie-associative-1-150x150.jpg\",\"caption\":\"Julien\"},\"description\":\"Je suis Julien, r\u00e9dacteur pour Vie Associative. Passionn\u00e9 par le monde associatif depuis plus de 10 ans, j'ai \u00e0 c\u0153ur de partager des histoires inspirantes et de mettre en lumi\u00e8re les initiatives locales. Mon objectif est de sensibiliser et d'encourager l'engagement communautaire \u00e0 travers mes articles.\",\"sameAs\":[\"https:\/\/vieassociative.be\/\"]}]}<\/script>\n<!-- \/ Yoast SEO plugin. -->","yoast_head_json":{"title":"Amazon propose une bonne affaire sur les anciens AirPods Max | Vie Associative","robots":{"index":"index","follow":"follow","max-snippet":"max-snippet:-1","max-image-preview":"max-image-preview:large","max-video-preview":"max-video-preview:-1"},"canonical":"https:\/\/vieassociative.be\/actualites\/amazon-propose-une-bonne-affaire-sur-les-anciens-airpods-max\/","og_locale":"fr_FR","og_type":"article","og_title":"Amazon propose une bonne affaire sur les anciens AirPods Max | Vie Associative","og_description":"La principale diff\u00e9rence par rapport au mod\u00e8le plus r\u00e9cent est que vous perdrez l\u2019USB-C. J&rsquo;adore mes AirPods Max, mais j&rsquo;ai du mal \u00e0 les recommander.","og_url":"https:\/\/vieassociative.be\/actualites\/amazon-propose-une-bonne-affaire-sur-les-anciens-airpods-max\/","og_site_name":"Vie Associative","article_published_time":"2024-10-08T23:18:29+00:00","og_image":[{"width":279,"height":92,"url":"https:\/\/vieassociative.be\/actualites\/wp-content\/uploads\/2024\/09\/header_backgroundk-01-e1726694325946.png","type":"image\/png"}],"author":"Julien","twitter_card":"summary_large_image","twitter_misc":{"\u00c9crit par":"Julien","Dur\u00e9e de lecture est.":"3 minutes"},"schema":{"@context":"https:\/\/schema.org","@graph":[{"@type":"Article","@id":"https:\/\/vieassociative.be\/actualites\/amazon-propose-une-bonne-affaire-sur-les-anciens-airpods-max\/#article","isPartOf":{"@id":"https:\/\/vieassociative.be\/actualites\/amazon-propose-une-bonne-affaire-sur-les-anciens-airpods-max\/"},"author":{"name":"Julien","@id":"https:\/\/vieassociative.be\/actualites\/#\/schema\/person\/b87ac4f82f9d4e7b7cec7395b679edc4"},"headline":"Amazon propose une bonne affaire sur les anciens AirPods Max","datePublished":"2024-10-08T23:18:29+00:00","dateModified":"2024-10-08T23:18:29+00:00","mainEntityOfPage":{"@id":"https:\/\/vieassociative.be\/actualites\/amazon-propose-une-bonne-affaire-sur-les-anciens-airpods-max\/"},"wordCount":668,"publisher":{"@id":"https:\/\/vieassociative.be\/actualites\/#organization"},"image":{"@id":"https:\/\/vieassociative.be\/actualites\/amazon-propose-une-bonne-affaire-sur-les-anciens-airpods-max\/#primaryimage"},"thumbnailUrl":"https:\/\/vieassociative.be\/actualites\/wp-content\/uploads\/2024\/10\/Amazon-propose-une-bonne-affaire-sur-les-anciens-AirPods-Max.png","keywords":["affaire","AirPods","Amazon","anciens","bonne","Les","Max","propose","sur","une"],"articleSection":["Technologie"],"inLanguage":"fr-BE"},{"@type":"WebPage","@id":"https:\/\/vieassociative.be\/actualites\/amazon-propose-une-bonne-affaire-sur-les-anciens-airpods-max\/","url":"https:\/\/vieassociative.be\/actualites\/amazon-propose-une-bonne-affaire-sur-les-anciens-airpods-max\/","name":"Amazon propose une bonne affaire sur les anciens AirPods Max | Vie Associative","isPartOf":{"@id":"https:\/\/vieassociative.be\/actualites\/#website"},"primaryImageOfPage":{"@id":"https:\/\/vieassociative.be\/actualites\/amazon-propose-une-bonne-affaire-sur-les-anciens-airpods-max\/#primaryimage"},"image":{"@id":"https:\/\/vieassociative.be\/actualites\/amazon-propose-une-bonne-affaire-sur-les-anciens-airpods-max\/#primaryimage"},"thumbnailUrl":"https:\/\/vieassociative.be\/actualites\/wp-content\/uploads\/2024\/10\/Amazon-propose-une-bonne-affaire-sur-les-anciens-AirPods-Max.png","datePublished":"2024-10-08T23:18:29+00:00","dateModified":"2024-10-08T23:18:29+00:00","breadcrumb":{"@id":"https:\/\/vieassociative.be\/actualites\/amazon-propose-une-bonne-affaire-sur-les-anciens-airpods-max\/#breadcrumb"},"inLanguage":"fr-BE","potentialAction":[{"@type":"ReadAction","target":["https:\/\/vieassociative.be\/actualites\/amazon-propose-une-bonne-affaire-sur-les-anciens-airpods-max\/"]}]},{"@type":"ImageObject","inLanguage":"fr-BE","@id":"https:\/\/vieassociative.be\/actualites\/amazon-propose-une-bonne-affaire-sur-les-anciens-airpods-max\/#primaryimage","url":"https:\/\/vieassociative.be\/actualites\/wp-content\/uploads\/2024\/10\/Amazon-propose-une-bonne-affaire-sur-les-anciens-AirPods-Max.png","contentUrl":"https:\/\/vieassociative.be\/actualites\/wp-content\/uploads\/2024\/10\/Amazon-propose-une-bonne-affaire-sur-les-anciens-AirPods-Max.png","width":1200,"height":675,"caption":"Amazon propose une bonne affaire sur les anciens AirPods Max"},{"@type":"BreadcrumbList","@id":"https:\/\/vieassociative.be\/actualites\/amazon-propose-une-bonne-affaire-sur-les-anciens-airpods-max\/#breadcrumb","itemListElement":[{"@type":"ListItem","position":1,"name":"Accueil","item":"https:\/\/vieassociative.be\/actualites\/"},{"@type":"ListItem","position":2,"name":"Amazon propose une bonne affaire sur les anciens AirPods Max"}]},{"@type":"WebSite","@id":"https:\/\/vieassociative.be\/actualites\/#website","url":"https:\/\/vieassociative.be\/actualites\/","name":"Vie Associative","description":"","publisher":{"@id":"https:\/\/vieassociative.be\/actualites\/#organization"},"potentialAction":[{"@type":"SearchAction","target":{"@type":"EntryPoint","urlTemplate":"https:\/\/vieassociative.be\/actualites\/?s={search_term_string}"},"query-input":{"@type":"PropertyValueSpecification","valueRequired":true,"valueName":"search_term_string"}}],"inLanguage":"fr-BE"},{"@type":"Organization","@id":"https:\/\/vieassociative.be\/actualites\/#organization","name":"Vie Associative","url":"https:\/\/vieassociative.be\/actualites\/","logo":{"@type":"ImageObject","inLanguage":"fr-BE","@id":"https:\/\/vieassociative.be\/actualites\/#\/schema\/logo\/image\/","url":"https:\/\/vieassociative.be\/actualites\/wp-content\/uploads\/2024\/09\/cropped-vieassociative_favicon.ico.png","contentUrl":"https:\/\/vieassociative.be\/actualites\/wp-content\/uploads\/2024\/09\/cropped-vieassociative_favicon.ico.png","width":512,"height":512,"caption":"Vie Associative"},"image":{"@id":"https:\/\/vieassociative.be\/actualites\/#\/schema\/logo\/image\/"}},{"@type":"Person","@id":"https:\/\/vieassociative.be\/actualites\/#\/schema\/person\/b87ac4f82f9d4e7b7cec7395b679edc4","name":"Julien","image":{"@type":"ImageObject","inLanguage":"fr-BE","@id":"https:\/\/vieassociative.be\/actualites\/#\/schema\/person\/image\/","url":"https:\/\/vieassociative.be\/actualites\/wp-content\/uploads\/2024\/09\/vie-associative-1-150x150.jpg","contentUrl":"https:\/\/vieassociative.be\/actualites\/wp-content\/uploads\/2024\/09\/vie-associative-1-150x150.jpg","caption":"Julien"},"description":"Je suis Julien, r\u00e9dacteur pour Vie Associative. Passionn\u00e9 par le monde associatif depuis plus de 10 ans, j'ai \u00e0 c\u0153ur de partager des histoires inspirantes et de mettre en lumi\u00e8re les initiatives locales. Mon objectif est de sensibiliser et d'encourager l'engagement communautaire \u00e0 travers mes articles.","sameAs":["https:\/\/vieassociative.be\/"]}]}},"_links":{"self":[{"href":"https:\/\/vieassociative.be\/actualites\/wp-json\/wp\/v2\/posts\/1009"}],"collection":[{"href":"https:\/\/vieassociative.be\/actualites\/wp-json\/wp\/v2\/posts"}],"about":[{"href":"https:\/\/vieassociative.be\/actualites\/wp-json\/wp\/v2\/types\/post"}],"author":[{"embeddable":true,"href":"https:\/\/vieassociative.be\/actualites\/wp-json\/wp\/v2\/users\/1"}],"replies":[{"embeddable":true,"href":"https:\/\/vieassociative.be\/actualites\/wp-json\/wp\/v2\/comments?post=1009"}],"version-history":[{"count":0,"href":"https:\/\/vieassociative.be\/actualites\/wp-json\/wp\/v2\/posts\/1009\/revisions"}],"wp:featuredmedia":[{"embeddable":true,"href":"https:\/\/vieassociative.be\/actualites\/wp-json\/wp\/v2\/media\/1010"}],"wp:attachment":[{"href":"https:\/\/vieassociative.be\/actualites\/wp-json\/wp\/v2\/media?parent=1009"}],"wp:term":[{"taxonomy":"category","embeddable":true,"href":"https:\/\/vieassociative.be\/actualites\/wp-json\/wp\/v2\/categories?post=1009"},{"taxonomy":"post_tag","embeddable":true,"href":"https:\/\/vieassociative.be\/actualites\/wp-json\/wp\/v2\/tags?post=1009"}],"curies":[{"name":"wp","href":"https:\/\/api.w.org\/{rel}","templated":true}]}}