{"id":10088,"date":"2025-09-17T10:17:45","date_gmt":"2025-09-17T08:17:45","guid":{"rendered":"https:\/\/vieassociative.be\/actualites\/les-champions-de-la-ligue-league-commence-avec-union-st-gilloise-et-bruges-questions-et-reponses\/"},"modified":"2025-09-17T10:17:45","modified_gmt":"2025-09-17T08:17:45","slug":"les-champions-de-la-ligue-league-commence-avec-union-st-gilloise-et-bruges-questions-et-reponses","status":"publish","type":"post","link":"https:\/\/vieassociative.be\/actualites\/les-champions-de-la-ligue-league-commence-avec-union-st-gilloise-et-bruges-questions-et-reponses\/","title":{"rendered":"Les champions de la Ligue League commence &#8211; avec Union St. Gillo\u00efse et Bruges (Questions et r\u00e9ponses)"},"content":{"rendered":"<p><strong>\u00ab\u00a0Vous \u00eates les meilleurs\u00a0\u00bb, on le trouve \u00e0 nouveau dans les stades d&rsquo;Europe pour le c\u00e9l\u00e8bre hymne d&rsquo;aujourd&rsquo;hui. La Ligue des champions commence. Ce que les fans doivent savoir.<\/strong><\/p>\n<p><span id=\"more-424687\"><\/span>La Ligue des champions commence une nouvelle saison plus de trois mois apr\u00e8s la finale de Munich. Avec deux \u00e9quipes belges et pour la premi\u00e8re fois avec six repr\u00e9sentants de Soccer Crescent en Angleterre, il redevient s\u00e9rieux dans la premi\u00e8re classe. Au total, 36 \u00e9quipes peuvent esp\u00e9rer le Henkelpott. En cons\u00e9quence, des questions et des r\u00e9ponses sur la ligue.<\/p>\n<p><strong>&#8211; Comment est le format et quelles sont les nouvelles?<\/strong><\/p>\n<p>La saison 2025\/2026 est la deuxi\u00e8me saison avec le nouveau mode. Il y a un leagueapse avec 36 \u00e9quipes. Chaque \u00e9quipe joue huit matchs contre huit adversaires diff\u00e9rents: quatre \u00e0 domicile, quatre \u00e0 l&rsquo;ext\u00e9rieur. Les huit meilleurs clubs se qualifient directement pour la finale de 16. Les clubs en lieux de 9 \u00e0 24 matchs dans une manche interm\u00e9diaire. La saison internationale se termine pour les \u00e9quipes de 25 \u00e0 36 se classe.<\/p>\n<div id=\"attachment_414788\" class=\"wp-caption alignleft\" style=\"max-width: 300px\"><img fetchpriority=\"high\" decoding=\"async\" class=\"wp-image-414788 size-medium\" src=\"https:\/\/vieassociative.be\/actualites\/wp-content\/uploads\/2025\/05\/1748204273_923_Royale-Union-Saint-Gilloie-apres-3-1-victoire-contre-Gand-enfin-lors.jpg\" alt=\"\" width=\"300\" height=\"208\"><\/div>\n<p>Le format de base reste le m\u00eame, mais il y a un changement dans les d\u00e9tails. Au cours de la premi\u00e8re ann\u00e9e, la meilleure \u00e9quipe de la ronde interm\u00e9diaire et la ronde de 16 des droits \u00e0 domicile pour le match retour ont \u00e9t\u00e9 garanties pour le match retour &#8211; c&rsquo;\u00e9tait ouvert aux autres tours. Maintenant, les quatre premiers de la table dans le quart de finale ont certainement la deuxi\u00e8me \u00e9tape dans leur propre stade. Cela s&rsquo;applique aux demi-finales pour les deux meilleures \u00e9quipes. La condition pr\u00e9alable est que les \u00e9quipes arrivent aussi loin.<\/p>\n<p><strong>&#8211; Quelles \u00e9quipes belges y a-t-il?<\/strong><\/p>\n<p>Pour la premi\u00e8re fois depuis la saison 2019\/2020, la Belgique est avec deux \u00e9quipes dans la premi\u00e8re classe.<\/p>\n<p>Ce mardi, Neuling Union Saint-Gilloie, en tant que champion belge r\u00e9gnant, sera en concurrence avec PSV Eindhoven \u00e0 18 h 45. (Live sur RTL Club et Proximus Pickx). Jeudi, Runner -Up FC Bruges accueille \u00e9galement l&rsquo;\u00e9quipe AS Monaco \u00e0 18 h 45.<\/p>\n<p>Les adversaires de l&rsquo;Union Saint-Gilloise (H = Home Game, A = Game Away): PSV Eindhoven (A), Newcastle United (H), Inter Milan (H), Atl\u00e9tico Madrid (A), Galatasaray Istanbul (A), Olympique Marseille (H), Bayer Munich (A), Atalanta Bergamo (H).<\/p>\n<p>Les adversaires du FC Bruges: As Monaco (H), Atalanta Bergamo (A), Bayern Munich (A), Barcelone (H), Sporting Lisbonne (A), Arsenal London (H), Cairat Almaty (A), Olympique Marseille (H).<\/p>\n<div id=\"attachment_423283\" class=\"wp-caption alignleft\" style=\"max-width: 300px\"><img decoding=\"async\" class=\"wp-image-423283 size-medium\" src=\"https:\/\/vieassociative.be\/actualites\/wp-content\/uploads\/2025\/09\/Les-champions-de-la-Ligue-League-commence-avec-Union.jpg\" alt=\"\" width=\"300\" height=\"200\"><\/div>\n<p>Le Br\u00fcgger ne devrait pas \u00eatre tr\u00e8s heureux qu&rsquo;ils doivent concourir \u00e0 Almaty au Kazakhstan dans les plus de 5 000 kilom\u00e8tres de Jan Breydelstadion. Un match \u00e0 l&rsquo;ext\u00e9rieur au Celtic Glasgow, dans lequel les Kazakhs ont pr\u00e9valu dans l&rsquo;elfe, auraient pr\u00e9f\u00e9r\u00e9 \u00abBlauw en zwart\u00bb. Mais un tirage n&rsquo;est pas un concert de r\u00eave!<\/p>\n<p><strong>&#8211; O\u00f9 la Ligue des champions peut-elle exister \u00e0 la t\u00e9l\u00e9vision?<\/strong><\/p>\n<p>En Belgique, vous pouvez voir les champions de la Ligue des champions \u00e0 la t\u00e9l\u00e9vision ou par streaming. Proximus Pickx a le droit de montrer tous les matchs de la Ligue des champions jusqu&rsquo;\u00e0 la saison 2026\/27. Telenet \/ Play Sports montre \u00e9galement tous les matchs de la Ligue des champions (Pay TV) en Flandre pour la p\u00e9riode 2024-27. RTL Club (fran\u00e7ais) et VTM 2 (Flamand) ont gard\u00e9 le package t\u00e9l\u00e9vis\u00e9 gratuit pour les droits de la Ligue des champions en Belgique. L\u00e0, vous pouvez certainement voir les jeux d&rsquo;Union Saint-Gilloise et du FC Bruges.<\/p>\n<p><strong>&#8211; Qui sont les favoris?<\/strong><\/p>\n<p>Le Paris Saint-Germain a attir\u00e9 l&rsquo;attention sur le titre de classe royale et le Furious 5-0 en finale contre l&rsquo;Inter Milan &#8211; la d\u00e9faite en finale de la Coupe du monde du club contre Chelsea n&rsquo;a pas pu changer cela. Le FC Liverpool, qui s&rsquo;est renforc\u00e9 avec Florian Wirtz et Hugo Ekititik\u00e9, est \u00e9galement un candidat au titre tr\u00e8s chaud.<\/p>\n<p>Le Real Madrid \u00e0 propos des superstars Kylian Mbapp\u00e9, Vinicius Jr. et Jude Bellingham est \u00e9galement l&rsquo;un des grands pr\u00e9tendants au Henkelpott. Derri\u00e8re les meilleurs favoris, le FC Barcelone, Manchester City, le FC Bayern, Chelsea et le FC Arsenal figurent \u00e9galement parmi les candidats au titre.<\/p>\n<\/p>\n<div id=\"attachment_424696\" class=\"wp-caption alignleft\" style=\"max-width: 300px\"><img decoding=\"async\" class=\"wp-image-424696 size-medium\" src=\"https:\/\/vieassociative.be\/actualites\/wp-content\/uploads\/2025\/09\/1758097065_426_Les-champions-de-la-Ligue-League-commence-avec-Union.jpg\" alt=\"\" width=\"300\" height=\"200\"><\/div>\n<p><strong>&#8211; O\u00f9 la finale augmente-t-elle &#8211; et quelle est sp\u00e9ciale?<\/strong><\/p>\n<p>La derni\u00e8re augmentation du 30 mai et donc moins de deux semaines avant le d\u00e9but de la Coupe du monde en Am\u00e9rique du Nord. Le dernier emplacement est l&rsquo;ar\u00e8ne Puskas de Budapest. Contrairement \u00e0 l&rsquo;habitude, Kick -off n&rsquo;est pas \u00e0 21h00, mais \u00e0 18 h. Selon l&rsquo;UEFA, l&rsquo;UEFA veut activer les spectateurs du stade et devant les t\u00e9l\u00e9viseurs une \u00ab\u00a0meilleure exp\u00e9rience de fans\u00a0\u00bb.<\/p>\n<p><strong>&#8211; Combien d&rsquo;argent y a-t-il pour les clubs participants?<\/strong><\/p>\n<p>Pour le d\u00e9but de la ligue, chaque club re\u00e7oit une prime de 18,62 millions d&rsquo;euros. Mais ce n&rsquo;est que le d\u00e9but. Les clubs re\u00e7oivent 2,1 millions d&rsquo;euros pour chaque victoire de la ligue, au moins 700 000 euros pour chaque nul. Et puis il y a aussi de l&rsquo;argent pour le placement dans la table finale de la ligue.<\/p>\n<p>L&rsquo;\u00e9quipe en premi\u00e8re place re\u00e7oit le bonus le plus \u00e9lev\u00e9, le bas de la plus petite somme. En outre, il y a des bonus de classement pour les huit meilleures \u00e9quipes, chacune avec deux millions d&rsquo;euros et pour les clubs en classe 9 \u00e0 16, chacun avec un million d&rsquo;euros. Les primes se poursuivent dans la phase KO.<\/p>\n<p><strong>&#8211; Et les autres comp\u00e9titions?<\/strong><\/p>\n<p>Le mode dans la Ligue Europa et la Ligue de conf\u00e9rence (seulement six au lieu de huit matchs ronds pr\u00e9liminaires) est similaire. Apr\u00e8s avoir quitt\u00e9 le RSC Anderlecht et SC Charleroi, la Belgique n&rsquo;est repr\u00e9sent\u00e9e que par le Genk KRC en Ligue Europa, aucun club belge ne peut \u00eatre trouv\u00e9 dans la ligue de la conf\u00e9rence.<\/p>\n<p>Les adversaires du KRC Genk dans la Ligue Europa: Glasgow Rangers (A), Ferencvaros Budapest (H), Real Betis Sevilla (H), Braga (A), FC Basel (H), FC Midtjylland (A), FC Utrecht (A), Malm\u00f6 ff (H).<\/p>\n<p>Alors que seuls les matchs de classe royale auront lieu cette semaine (mardi, mercredi et jeudi), la deuxi\u00e8me comp\u00e9tition de clubs europ\u00e9ens le plus \u00e9lev\u00e9 commencera la semaine prochaine sans comp\u00e9tition en Ligue des champions. Cela devrait favoriser la visibilit\u00e9 des trois ligues. La Ligue de la conf\u00e9rence a sa journ\u00e9e exclusive peu avant No\u00ebl le 18 d\u00e9cembre (DPA \/ CRE)<\/p>\n","protected":false},"excerpt":{"rendered":"<p>\u00ab\u00a0Vous \u00eates les meilleurs\u00a0\u00bb, on le trouve \u00e0 nouveau dans les stades d&rsquo;Europe pour le c\u00e9l\u00e8bre hymne d&rsquo;aujourd&rsquo;hui. La Ligue des champions commence. Ce que<\/p>\n","protected":false},"author":1,"featured_media":10089,"comment_status":"","ping_status":"","sticky":false,"template":"","format":"standard","meta":{"footnotes":""},"categories":[298],"tags":[61,2851,2818,1051,8584,3950,14,2817,481,1882,4627],"class_list":["post-10088","post","type-post","status-publish","format-standard","has-post-thumbnail","hentry","category-belgique","tag-avec","tag-bruges","tag-champions","tag-commence","tag-gilloise","tag-league","tag-les","tag-ligue","tag-questions","tag-reponses","tag-union","generate-columns","tablet-grid-50","mobile-grid-100","grid-parent","grid-33"],"yoast_head":"<!-- This site is optimized with the Yoast SEO plugin v24.0 - https:\/\/yoast.com\/wordpress\/plugins\/seo\/ -->\n<title>Les champions de la Ligue League commence - avec Union St. Gillo\u00efse et Bruges (Questions et r\u00e9ponses) | Vie Associative<\/title>\n<meta name=\"robots\" content=\"index, follow, max-snippet:-1, max-image-preview:large, max-video-preview:-1\" \/>\n<link rel=\"canonical\" href=\"https:\/\/vieassociative.be\/actualites\/les-champions-de-la-ligue-league-commence-avec-union-st-gilloise-et-bruges-questions-et-reponses\/\" \/>\n<meta property=\"og:locale\" content=\"fr_FR\" \/>\n<meta property=\"og:type\" content=\"article\" \/>\n<meta property=\"og:title\" content=\"Les champions de la Ligue League commence - avec Union St. Gillo\u00efse et Bruges (Questions et r\u00e9ponses) | Vie Associative\" \/>\n<meta property=\"og:description\" content=\"\u00ab\u00a0Vous \u00eates les meilleurs\u00a0\u00bb, on le trouve \u00e0 nouveau dans les stades d&rsquo;Europe pour le c\u00e9l\u00e8bre hymne d&rsquo;aujourd&rsquo;hui. La Ligue des champions commence. Ce que\" \/>\n<meta property=\"og:url\" content=\"https:\/\/vieassociative.be\/actualites\/les-champions-de-la-ligue-league-commence-avec-union-st-gilloise-et-bruges-questions-et-reponses\/\" \/>\n<meta property=\"og:site_name\" content=\"Vie Associative\" \/>\n<meta property=\"article:published_time\" content=\"2025-09-17T08:17:45+00:00\" \/>\n<meta property=\"og:image\" content=\"https:\/\/vieassociative.be\/actualites\/wp-content\/uploads\/2024\/09\/header_backgroundk-01-e1726694325946.png\" \/>\n\t<meta property=\"og:image:width\" content=\"279\" \/>\n\t<meta property=\"og:image:height\" content=\"92\" \/>\n\t<meta property=\"og:image:type\" content=\"image\/png\" \/>\n<meta name=\"author\" content=\"Julien\" \/>\n<meta name=\"twitter:card\" content=\"summary_large_image\" \/>\n<meta name=\"twitter:label1\" content=\"\u00c9crit par\" \/>\n\t<meta name=\"twitter:data1\" content=\"Julien\" \/>\n\t<meta name=\"twitter:label2\" content=\"Dur\u00e9e de lecture est.\" \/>\n\t<meta name=\"twitter:data2\" content=\"5 minutes\" \/>\n<script type=\"application\/ld+json\" class=\"yoast-schema-graph\">{\"@context\":\"https:\/\/schema.org\",\"@graph\":[{\"@type\":\"Article\",\"@id\":\"https:\/\/vieassociative.be\/actualites\/les-champions-de-la-ligue-league-commence-avec-union-st-gilloise-et-bruges-questions-et-reponses\/#article\",\"isPartOf\":{\"@id\":\"https:\/\/vieassociative.be\/actualites\/les-champions-de-la-ligue-league-commence-avec-union-st-gilloise-et-bruges-questions-et-reponses\/\"},\"author\":{\"name\":\"Julien\",\"@id\":\"https:\/\/vieassociative.be\/actualites\/#\/schema\/person\/b87ac4f82f9d4e7b7cec7395b679edc4\"},\"headline\":\"Les champions de la Ligue League commence &#8211; avec Union St. Gillo\u00efse et Bruges (Questions et r\u00e9ponses)\",\"datePublished\":\"2025-09-17T08:17:45+00:00\",\"dateModified\":\"2025-09-17T08:17:45+00:00\",\"mainEntityOfPage\":{\"@id\":\"https:\/\/vieassociative.be\/actualites\/les-champions-de-la-ligue-league-commence-avec-union-st-gilloise-et-bruges-questions-et-reponses\/\"},\"wordCount\":1099,\"publisher\":{\"@id\":\"https:\/\/vieassociative.be\/actualites\/#organization\"},\"image\":{\"@id\":\"https:\/\/vieassociative.be\/actualites\/les-champions-de-la-ligue-league-commence-avec-union-st-gilloise-et-bruges-questions-et-reponses\/#primaryimage\"},\"thumbnailUrl\":\"https:\/\/vieassociative.be\/actualites\/wp-content\/uploads\/2025\/09\/1758097070_Les-champions-de-la-Ligue-League-commence-avec-Union.jpg\",\"keywords\":[\"avec\",\"Bruges\",\"Champions\",\"commenc\u00e9\",\"Gillo\u00efse\",\"League\",\"Les\",\"Ligue\",\"questions\",\"r\u00e9ponses\",\"Union\"],\"articleSection\":[\"Belgique\"],\"inLanguage\":\"fr-BE\"},{\"@type\":\"WebPage\",\"@id\":\"https:\/\/vieassociative.be\/actualites\/les-champions-de-la-ligue-league-commence-avec-union-st-gilloise-et-bruges-questions-et-reponses\/\",\"url\":\"https:\/\/vieassociative.be\/actualites\/les-champions-de-la-ligue-league-commence-avec-union-st-gilloise-et-bruges-questions-et-reponses\/\",\"name\":\"Les champions de la Ligue League commence - avec Union St. Gillo\u00efse et Bruges (Questions et r\u00e9ponses) | Vie Associative\",\"isPartOf\":{\"@id\":\"https:\/\/vieassociative.be\/actualites\/#website\"},\"primaryImageOfPage\":{\"@id\":\"https:\/\/vieassociative.be\/actualites\/les-champions-de-la-ligue-league-commence-avec-union-st-gilloise-et-bruges-questions-et-reponses\/#primaryimage\"},\"image\":{\"@id\":\"https:\/\/vieassociative.be\/actualites\/les-champions-de-la-ligue-league-commence-avec-union-st-gilloise-et-bruges-questions-et-reponses\/#primaryimage\"},\"thumbnailUrl\":\"https:\/\/vieassociative.be\/actualites\/wp-content\/uploads\/2025\/09\/1758097070_Les-champions-de-la-Ligue-League-commence-avec-Union.jpg\",\"datePublished\":\"2025-09-17T08:17:45+00:00\",\"dateModified\":\"2025-09-17T08:17:45+00:00\",\"breadcrumb\":{\"@id\":\"https:\/\/vieassociative.be\/actualites\/les-champions-de-la-ligue-league-commence-avec-union-st-gilloise-et-bruges-questions-et-reponses\/#breadcrumb\"},\"inLanguage\":\"fr-BE\",\"potentialAction\":[{\"@type\":\"ReadAction\",\"target\":[\"https:\/\/vieassociative.be\/actualites\/les-champions-de-la-ligue-league-commence-avec-union-st-gilloise-et-bruges-questions-et-reponses\/\"]}]},{\"@type\":\"ImageObject\",\"inLanguage\":\"fr-BE\",\"@id\":\"https:\/\/vieassociative.be\/actualites\/les-champions-de-la-ligue-league-commence-avec-union-st-gilloise-et-bruges-questions-et-reponses\/#primaryimage\",\"url\":\"https:\/\/vieassociative.be\/actualites\/wp-content\/uploads\/2025\/09\/1758097070_Les-champions-de-la-Ligue-League-commence-avec-Union.jpg\",\"contentUrl\":\"https:\/\/vieassociative.be\/actualites\/wp-content\/uploads\/2025\/09\/1758097070_Les-champions-de-la-Ligue-League-commence-avec-Union.jpg\",\"width\":1200,\"height\":800,\"caption\":\"Les champions de la Ligue League commence - avec Union St. Gillo\u00efse et Bruges (Questions et r\u00e9ponses)\"},{\"@type\":\"BreadcrumbList\",\"@id\":\"https:\/\/vieassociative.be\/actualites\/les-champions-de-la-ligue-league-commence-avec-union-st-gilloise-et-bruges-questions-et-reponses\/#breadcrumb\",\"itemListElement\":[{\"@type\":\"ListItem\",\"position\":1,\"name\":\"Accueil\",\"item\":\"https:\/\/vieassociative.be\/actualites\/\"},{\"@type\":\"ListItem\",\"position\":2,\"name\":\"Les champions de la Ligue League commence &#8211; avec Union St. Gillo\u00efse et Bruges (Questions et r\u00e9ponses)\"}]},{\"@type\":\"WebSite\",\"@id\":\"https:\/\/vieassociative.be\/actualites\/#website\",\"url\":\"https:\/\/vieassociative.be\/actualites\/\",\"name\":\"Vie Associative\",\"description\":\"\",\"publisher\":{\"@id\":\"https:\/\/vieassociative.be\/actualites\/#organization\"},\"potentialAction\":[{\"@type\":\"SearchAction\",\"target\":{\"@type\":\"EntryPoint\",\"urlTemplate\":\"https:\/\/vieassociative.be\/actualites\/?s={search_term_string}\"},\"query-input\":{\"@type\":\"PropertyValueSpecification\",\"valueRequired\":true,\"valueName\":\"search_term_string\"}}],\"inLanguage\":\"fr-BE\"},{\"@type\":\"Organization\",\"@id\":\"https:\/\/vieassociative.be\/actualites\/#organization\",\"name\":\"Vie Associative\",\"url\":\"https:\/\/vieassociative.be\/actualites\/\",\"logo\":{\"@type\":\"ImageObject\",\"inLanguage\":\"fr-BE\",\"@id\":\"https:\/\/vieassociative.be\/actualites\/#\/schema\/logo\/image\/\",\"url\":\"https:\/\/vieassociative.be\/actualites\/wp-content\/uploads\/2024\/09\/cropped-vieassociative_favicon.ico.png\",\"contentUrl\":\"https:\/\/vieassociative.be\/actualites\/wp-content\/uploads\/2024\/09\/cropped-vieassociative_favicon.ico.png\",\"width\":512,\"height\":512,\"caption\":\"Vie Associative\"},\"image\":{\"@id\":\"https:\/\/vieassociative.be\/actualites\/#\/schema\/logo\/image\/\"}},{\"@type\":\"Person\",\"@id\":\"https:\/\/vieassociative.be\/actualites\/#\/schema\/person\/b87ac4f82f9d4e7b7cec7395b679edc4\",\"name\":\"Julien\",\"image\":{\"@type\":\"ImageObject\",\"inLanguage\":\"fr-BE\",\"@id\":\"https:\/\/vieassociative.be\/actualites\/#\/schema\/person\/image\/\",\"url\":\"https:\/\/vieassociative.be\/actualites\/wp-content\/uploads\/2024\/09\/vie-associative-1-150x150.jpg\",\"contentUrl\":\"https:\/\/vieassociative.be\/actualites\/wp-content\/uploads\/2024\/09\/vie-associative-1-150x150.jpg\",\"caption\":\"Julien\"},\"description\":\"Je suis Julien, r\u00e9dacteur pour Vie Associative. Passionn\u00e9 par le monde associatif depuis plus de 10 ans, j'ai \u00e0 c\u0153ur de partager des histoires inspirantes et de mettre en lumi\u00e8re les initiatives locales. Mon objectif est de sensibiliser et d'encourager l'engagement communautaire \u00e0 travers mes articles.\",\"sameAs\":[\"https:\/\/vieassociative.be\/\"]}]}<\/script>\n<!-- \/ Yoast SEO plugin. -->","yoast_head_json":{"title":"Les champions de la Ligue League commence - avec Union St. Gillo\u00efse et Bruges (Questions et r\u00e9ponses) | Vie Associative","robots":{"index":"index","follow":"follow","max-snippet":"max-snippet:-1","max-image-preview":"max-image-preview:large","max-video-preview":"max-video-preview:-1"},"canonical":"https:\/\/vieassociative.be\/actualites\/les-champions-de-la-ligue-league-commence-avec-union-st-gilloise-et-bruges-questions-et-reponses\/","og_locale":"fr_FR","og_type":"article","og_title":"Les champions de la Ligue League commence - avec Union St. Gillo\u00efse et Bruges (Questions et r\u00e9ponses) | Vie Associative","og_description":"\u00ab\u00a0Vous \u00eates les meilleurs\u00a0\u00bb, on le trouve \u00e0 nouveau dans les stades d&rsquo;Europe pour le c\u00e9l\u00e8bre hymne d&rsquo;aujourd&rsquo;hui. La Ligue des champions commence. Ce que","og_url":"https:\/\/vieassociative.be\/actualites\/les-champions-de-la-ligue-league-commence-avec-union-st-gilloise-et-bruges-questions-et-reponses\/","og_site_name":"Vie Associative","article_published_time":"2025-09-17T08:17:45+00:00","og_image":[{"width":279,"height":92,"url":"https:\/\/vieassociative.be\/actualites\/wp-content\/uploads\/2024\/09\/header_backgroundk-01-e1726694325946.png","type":"image\/png"}],"author":"Julien","twitter_card":"summary_large_image","twitter_misc":{"\u00c9crit par":"Julien","Dur\u00e9e de lecture est.":"5 minutes"},"schema":{"@context":"https:\/\/schema.org","@graph":[{"@type":"Article","@id":"https:\/\/vieassociative.be\/actualites\/les-champions-de-la-ligue-league-commence-avec-union-st-gilloise-et-bruges-questions-et-reponses\/#article","isPartOf":{"@id":"https:\/\/vieassociative.be\/actualites\/les-champions-de-la-ligue-league-commence-avec-union-st-gilloise-et-bruges-questions-et-reponses\/"},"author":{"name":"Julien","@id":"https:\/\/vieassociative.be\/actualites\/#\/schema\/person\/b87ac4f82f9d4e7b7cec7395b679edc4"},"headline":"Les champions de la Ligue League commence &#8211; avec Union St. Gillo\u00efse et Bruges (Questions et r\u00e9ponses)","datePublished":"2025-09-17T08:17:45+00:00","dateModified":"2025-09-17T08:17:45+00:00","mainEntityOfPage":{"@id":"https:\/\/vieassociative.be\/actualites\/les-champions-de-la-ligue-league-commence-avec-union-st-gilloise-et-bruges-questions-et-reponses\/"},"wordCount":1099,"publisher":{"@id":"https:\/\/vieassociative.be\/actualites\/#organization"},"image":{"@id":"https:\/\/vieassociative.be\/actualites\/les-champions-de-la-ligue-league-commence-avec-union-st-gilloise-et-bruges-questions-et-reponses\/#primaryimage"},"thumbnailUrl":"https:\/\/vieassociative.be\/actualites\/wp-content\/uploads\/2025\/09\/1758097070_Les-champions-de-la-Ligue-League-commence-avec-Union.jpg","keywords":["avec","Bruges","Champions","commenc\u00e9","Gillo\u00efse","League","Les","Ligue","questions","r\u00e9ponses","Union"],"articleSection":["Belgique"],"inLanguage":"fr-BE"},{"@type":"WebPage","@id":"https:\/\/vieassociative.be\/actualites\/les-champions-de-la-ligue-league-commence-avec-union-st-gilloise-et-bruges-questions-et-reponses\/","url":"https:\/\/vieassociative.be\/actualites\/les-champions-de-la-ligue-league-commence-avec-union-st-gilloise-et-bruges-questions-et-reponses\/","name":"Les champions de la Ligue League commence - avec Union St. Gillo\u00efse et Bruges (Questions et r\u00e9ponses) | Vie Associative","isPartOf":{"@id":"https:\/\/vieassociative.be\/actualites\/#website"},"primaryImageOfPage":{"@id":"https:\/\/vieassociative.be\/actualites\/les-champions-de-la-ligue-league-commence-avec-union-st-gilloise-et-bruges-questions-et-reponses\/#primaryimage"},"image":{"@id":"https:\/\/vieassociative.be\/actualites\/les-champions-de-la-ligue-league-commence-avec-union-st-gilloise-et-bruges-questions-et-reponses\/#primaryimage"},"thumbnailUrl":"https:\/\/vieassociative.be\/actualites\/wp-content\/uploads\/2025\/09\/1758097070_Les-champions-de-la-Ligue-League-commence-avec-Union.jpg","datePublished":"2025-09-17T08:17:45+00:00","dateModified":"2025-09-17T08:17:45+00:00","breadcrumb":{"@id":"https:\/\/vieassociative.be\/actualites\/les-champions-de-la-ligue-league-commence-avec-union-st-gilloise-et-bruges-questions-et-reponses\/#breadcrumb"},"inLanguage":"fr-BE","potentialAction":[{"@type":"ReadAction","target":["https:\/\/vieassociative.be\/actualites\/les-champions-de-la-ligue-league-commence-avec-union-st-gilloise-et-bruges-questions-et-reponses\/"]}]},{"@type":"ImageObject","inLanguage":"fr-BE","@id":"https:\/\/vieassociative.be\/actualites\/les-champions-de-la-ligue-league-commence-avec-union-st-gilloise-et-bruges-questions-et-reponses\/#primaryimage","url":"https:\/\/vieassociative.be\/actualites\/wp-content\/uploads\/2025\/09\/1758097070_Les-champions-de-la-Ligue-League-commence-avec-Union.jpg","contentUrl":"https:\/\/vieassociative.be\/actualites\/wp-content\/uploads\/2025\/09\/1758097070_Les-champions-de-la-Ligue-League-commence-avec-Union.jpg","width":1200,"height":800,"caption":"Les champions de la Ligue League commence - avec Union St. Gillo\u00efse et Bruges (Questions et r\u00e9ponses)"},{"@type":"BreadcrumbList","@id":"https:\/\/vieassociative.be\/actualites\/les-champions-de-la-ligue-league-commence-avec-union-st-gilloise-et-bruges-questions-et-reponses\/#breadcrumb","itemListElement":[{"@type":"ListItem","position":1,"name":"Accueil","item":"https:\/\/vieassociative.be\/actualites\/"},{"@type":"ListItem","position":2,"name":"Les champions de la Ligue League commence &#8211; avec Union St. Gillo\u00efse et Bruges (Questions et r\u00e9ponses)"}]},{"@type":"WebSite","@id":"https:\/\/vieassociative.be\/actualites\/#website","url":"https:\/\/vieassociative.be\/actualites\/","name":"Vie Associative","description":"","publisher":{"@id":"https:\/\/vieassociative.be\/actualites\/#organization"},"potentialAction":[{"@type":"SearchAction","target":{"@type":"EntryPoint","urlTemplate":"https:\/\/vieassociative.be\/actualites\/?s={search_term_string}"},"query-input":{"@type":"PropertyValueSpecification","valueRequired":true,"valueName":"search_term_string"}}],"inLanguage":"fr-BE"},{"@type":"Organization","@id":"https:\/\/vieassociative.be\/actualites\/#organization","name":"Vie Associative","url":"https:\/\/vieassociative.be\/actualites\/","logo":{"@type":"ImageObject","inLanguage":"fr-BE","@id":"https:\/\/vieassociative.be\/actualites\/#\/schema\/logo\/image\/","url":"https:\/\/vieassociative.be\/actualites\/wp-content\/uploads\/2024\/09\/cropped-vieassociative_favicon.ico.png","contentUrl":"https:\/\/vieassociative.be\/actualites\/wp-content\/uploads\/2024\/09\/cropped-vieassociative_favicon.ico.png","width":512,"height":512,"caption":"Vie Associative"},"image":{"@id":"https:\/\/vieassociative.be\/actualites\/#\/schema\/logo\/image\/"}},{"@type":"Person","@id":"https:\/\/vieassociative.be\/actualites\/#\/schema\/person\/b87ac4f82f9d4e7b7cec7395b679edc4","name":"Julien","image":{"@type":"ImageObject","inLanguage":"fr-BE","@id":"https:\/\/vieassociative.be\/actualites\/#\/schema\/person\/image\/","url":"https:\/\/vieassociative.be\/actualites\/wp-content\/uploads\/2024\/09\/vie-associative-1-150x150.jpg","contentUrl":"https:\/\/vieassociative.be\/actualites\/wp-content\/uploads\/2024\/09\/vie-associative-1-150x150.jpg","caption":"Julien"},"description":"Je suis Julien, r\u00e9dacteur pour Vie Associative. Passionn\u00e9 par le monde associatif depuis plus de 10 ans, j'ai \u00e0 c\u0153ur de partager des histoires inspirantes et de mettre en lumi\u00e8re les initiatives locales. Mon objectif est de sensibiliser et d'encourager l'engagement communautaire \u00e0 travers mes articles.","sameAs":["https:\/\/vieassociative.be\/"]}]}},"_links":{"self":[{"href":"https:\/\/vieassociative.be\/actualites\/wp-json\/wp\/v2\/posts\/10088"}],"collection":[{"href":"https:\/\/vieassociative.be\/actualites\/wp-json\/wp\/v2\/posts"}],"about":[{"href":"https:\/\/vieassociative.be\/actualites\/wp-json\/wp\/v2\/types\/post"}],"author":[{"embeddable":true,"href":"https:\/\/vieassociative.be\/actualites\/wp-json\/wp\/v2\/users\/1"}],"replies":[{"embeddable":true,"href":"https:\/\/vieassociative.be\/actualites\/wp-json\/wp\/v2\/comments?post=10088"}],"version-history":[{"count":0,"href":"https:\/\/vieassociative.be\/actualites\/wp-json\/wp\/v2\/posts\/10088\/revisions"}],"wp:featuredmedia":[{"embeddable":true,"href":"https:\/\/vieassociative.be\/actualites\/wp-json\/wp\/v2\/media\/10089"}],"wp:attachment":[{"href":"https:\/\/vieassociative.be\/actualites\/wp-json\/wp\/v2\/media?parent=10088"}],"wp:term":[{"taxonomy":"category","embeddable":true,"href":"https:\/\/vieassociative.be\/actualites\/wp-json\/wp\/v2\/categories?post=10088"},{"taxonomy":"post_tag","embeddable":true,"href":"https:\/\/vieassociative.be\/actualites\/wp-json\/wp\/v2\/tags?post=10088"}],"curies":[{"name":"wp","href":"https:\/\/api.w.org\/{rel}","templated":true}]}}