{"id":10084,"date":"2025-09-17T04:17:08","date_gmt":"2025-09-17T02:17:08","guid":{"rendered":"https:\/\/vieassociative.be\/actualites\/linwandidol-sans-etoile-air-robert-redford-89-est-decede\/"},"modified":"2025-09-17T04:17:08","modified_gmt":"2025-09-17T02:17:08","slug":"linwandidol-sans-etoile-air-robert-redford-89-est-decede","status":"publish","type":"post","link":"https:\/\/vieassociative.be\/actualites\/linwandidol-sans-etoile-air-robert-redford-89-est-decede\/","title":{"rendered":"Linwandidol sans \u00e9toile Air: Robert Redford (89) est d\u00e9c\u00e9d\u00e9"},"content":{"rendered":"<p><strong>Le film du film pleure la perte d&rsquo;un canvasidol: l&rsquo;acteur et r\u00e9alisateur am\u00e9ricain Robert Redford est mort. Il est d\u00e9c\u00e9d\u00e9 \u00e0 l&rsquo;\u00e2ge de 89 ans dans sa maison dans l&rsquo;\u00c9tat am\u00e9ricain de l&rsquo;Utah, comme l&rsquo;a confirm\u00e9 sa porte-parole de l&rsquo;agence de presse allemande.<\/strong><\/p>\n<p><span id=\"more-424721\"><\/span>En tant que charmant Ganove, Redford \u00e9tait devenu une star d&rsquo;Hollywood il y a plus de 50 ans. Dans la com\u00e9die occidentale \u00ab\u00a0Two Bandits\u00a0\u00bb (1969, titre original: Butch Cassidy et The Sundance Kid), il a vol\u00e9 les chemins de fer et les banques avec Paul Newman.<\/p>\n<p>Gray, mais toujours avec le sourire charismatique-concret, Redford a de nouveau tir\u00e9 des armes dans \u00ab\u00a0A Gauner &#038; Gentleman\u00a0\u00bb (2018) en tant que voleur de banque Forrest Tucker. Tucker s&rsquo;est amus\u00e9 avec ses escrocs, a d\u00e9clar\u00e9 la star au \u00ab\u00a0San Francisco Chronicle\u00a0\u00bb \u00e0 l&rsquo;\u00e9poque. Il avait lui-m\u00eame un c\u00f4t\u00e9 rebelle d\u00e8s son plus jeune \u00e2ge et se sentait toujours comme un \u00e9tranger.<\/p>\n<div id=\"attachment_424726\" class=\"wp-caption alignleft\" style=\"max-width: 300px\"><img fetchpriority=\"high\" decoding=\"async\" class=\"wp-image-424726 size-medium\" src=\"https:\/\/vieassociative.be\/actualites\/wp-content\/uploads\/2025\/09\/Linwandidol-sans-etoile-Air-Robert-Redford-89-est-decede.jpg\" alt=\"\" width=\"300\" height=\"200\"><\/div>\n<p>Dans le spectacle de super-h\u00e9ros \u00ab\u00a0Avengers: Endgame\u00a0\u00bb (2019), il a montr\u00e9 son m\u00e9chant en tant qu&rsquo;agent Alexander Pierce. Ce r\u00f4le de soutien a \u00e9t\u00e9 sa derni\u00e8re apparition devant la cam\u00e9ra cin\u00e9matographique. Dans une interview avec le magazine \u00ab\u00a0Rolling Stone\u00a0\u00bb, Redford a d\u00e9clar\u00e9 en avril 2021 qu&rsquo;il n&rsquo;avait pas manqu\u00e9 le travail devant ou derri\u00e8re la cam\u00e9ra. Il voulait maintenant laisser ce travail \u00e0 d&rsquo;autres.<\/p>\n<p><strong>&#8211; The Long Way vers le monde du cin\u00e9ma:<\/strong> Sa mont\u00e9e dans la star du Riege d&rsquo;Hollywood \u00e9tait plut\u00f4t cahoteuse. Redford est n\u00e9 \u00e0 Santa Monica, en Californie, en bordure du film Metropolis. En tant que fils d&rsquo;un comptable, il a grandi dans des conditions simples. Une bourse sportive lui a donn\u00e9 acc\u00e8s \u00e0 l&rsquo;Universit\u00e9 du Colorado. Le jeune Redford a travers\u00e9 l&rsquo;Europe, a vendu des photos auto-peintes et a finalement r\u00e9ussi \u00e0 se d\u00e9tacher dans une \u00e9cole d&rsquo;acteur de New York.<\/p>\n<p>\u00ab\u00a0Hollywood n&rsquo;a jamais \u00e9t\u00e9 ma destination de r\u00eave\u00a0\u00bb, a-t-il d\u00e9clar\u00e9 \u00e0 \u00ab\u00a0Esquire\u00a0\u00bb en 2013. Il n&rsquo;a jamais pu prendre la rigidit\u00e9 au s\u00e9rieux. \u00ab\u00a0Je suis n\u00e9 \u00e0 c\u00f4t\u00e9\u00a0\u00bb, a soulign\u00e9 Redford. Mais apr\u00e8s des films tels que \u00ab\u00a0Barefoot in the Park\u00a0\u00bb avec Jane Fonda et la com\u00e9die occidentale \u00ab\u00a0Two Bandits\u00a0\u00bb avec Paul Newman, Redford est rapidement devenu un Canvasidol \u00e0 la fin des ann\u00e9es 1960. Les yeux bleus en acier, le visage angulaire et les cheveux blonds des cheveux ont aid\u00e9.<\/p>\n<p><strong>&#8211; Lover \u00e0 l&rsquo;\u00e9cran, vie priv\u00e9e en secret:<\/strong> \u00c0 l&rsquo;\u00e9cran, il brillait en tant qu&rsquo;amant, par exemple avec Mia Farrow dans \u00ab\u00a0The Great Gatsby\u00a0\u00bb (1974) ou aux c\u00f4t\u00e9s de Meryl Streep dans le m\u00e9lodrame prim\u00e9 \u00ab\u00a0Beyond Africa\u00a0\u00bb \u200b\u200b(1985). Mais il a toujours gard\u00e9 sa vie priv\u00e9e sous la fermeture et des titres.<\/p>\n<div id=\"attachment_424727\" class=\"wp-caption alignleft\" style=\"max-width: 300px\"><img decoding=\"async\" class=\"wp-image-424727 size-medium\" src=\"https:\/\/vieassociative.be\/actualites\/wp-content\/uploads\/2025\/09\/1758075428_819_Linwandidol-sans-etoile-Air-Robert-Redford-89-est-decede.jpg\" alt=\"\" width=\"300\" height=\"200\"><\/div>\n<p>\u00c0 l&rsquo;\u00e2ge de 22 ans, il a \u00e9pous\u00e9 la derni\u00e8re historienne Lola Van Wagenen. Le mariage de quatre fois les parents a divorc\u00e9 en 1985. Son fils premier-n\u00e9 est d\u00e9c\u00e9d\u00e9 \u00e0 l&rsquo;\u00e2ge de quelques mois. Son James, \u00e9galement cin\u00e9aste, a succomb\u00e9 au cancer \u00e0 l&rsquo;\u00e2ge de 58 ans \u00e0 l&rsquo;\u00e2ge de 58 ans.<\/p>\n<p>Le deuxi\u00e8me mariage a c\u00e9l\u00e9br\u00e9 Redford \u00e0 Hambourg. L\u00e0, il a donn\u00e9 le mot oui \u00e0 son ami allemand \u00e0 long terme, le peintre Sibylle Szaggars. Lors des f\u00eates, vous avez rarement vu le couple. Redford, le skieur enthousiaste, cavalier et randonneur, vivait du battage m\u00e9diatique dans une maison de campagne de l&rsquo;\u00c9tat am\u00e9ricain de l&rsquo;Utah et du nord de la Californie.<\/p>\n<p><strong>-Promote Productions de films ind\u00e9pendants:<\/strong> En 1980, il a lanc\u00e9 le \u00abSundance Institute\u00bb dans les Rocheuses. Le Sundance Festival est d\u00e9sormais le plus grand festival du film am\u00e9ricain pour les productions ind\u00e9pendantes &#8211; chaque ann\u00e9e, la sc\u00e8ne ind\u00e9pendante se r\u00e9unit en janvier. Redford a vu sa mission de promouvoir des voix jeunes et critiques.<\/p>\n<p>Il n&rsquo;avait rien contre le cin\u00e9ma grand public hollywoodien, a-t-il d\u00e9clar\u00e9 en 2016 \u00e0 l&rsquo;ouverture. Mais surtout, il est important pour lui de soutenir la vari\u00e9t\u00e9 des productions ind\u00e9pendantes. \u00ab\u00a0La diversit\u00e9 vient du mot ind\u00e9pendance, selon ce principe, nous travaillons ici\u00a0\u00bb, a soulign\u00e9 le gagnant des Oscars.<\/p>\n<p><strong>&#8211; activiste sur et derri\u00e8re l&rsquo;\u00e9cran:<\/strong> Il \u00e9tait \u00e9galement un activiste et un \u00e9cologiste environnementaux engag\u00e9s. Il a connu son \u00abr\u00e9veil\u00bb en 1989, lors d&rsquo;une conf\u00e9rence \u00e0 Denver, lorsque deux scientifiques ont mis en garde contre le r\u00e9chauffement climatique, a d\u00e9clar\u00e9 Redford au magazine \u00abRolling Stone\u00bb en 2021.<\/p>\n<div id=\"attachment_424728\" class=\"wp-caption alignleft\" style=\"max-width: 300px\"><img decoding=\"async\" class=\"wp-image-424728 size-medium\" src=\"https:\/\/vieassociative.be\/actualites\/wp-content\/uploads\/2025\/09\/1758075428_480_Linwandidol-sans-etoile-Air-Robert-Redford-89-est-decede.jpg\" alt=\"\" width=\"300\" height=\"200\"><\/div>\n<p>Il a \u00e9galement souvent emm\u00e9nag\u00e9 dans un poste sur la toile ou sur le fauteuil du directeur. Comme d\u00e9j\u00e0 en 1972, il est devenu politique en tant qu&rsquo;acteur principal de la satire \u00e9lectorale de \u00ab\u00a0Bill McKay-the Candidate\u00a0\u00bb. Dans le drame \u00ab\u00a0Die Unscrimen\u00a0\u00bb (1976), lui et Dustin Hoffman se sont transform\u00e9s en chiens de d\u00e9tection \u00ab\u00a0Watergate\u00a0\u00bb du \u00ab\u00a0Washington Post\u00a0\u00bb, que Richard Nixon a ramen\u00e9. Dans Sa Parole &#8211; Drame Heavy \u00ab\u00a0von L\u00f6wen et L\u00e4mmen\u00a0\u00bb (2007), Redford a abord\u00e9 des \u00e9carts verrouillables et de l&rsquo;incomp\u00e9tence \u00e0 Washington, un journalisme non critique et une t\u00e9l\u00e9vision stupides.<\/p>\n<p><strong>&#8211; Honneur la plus \u00e9lev\u00e9e:<\/strong> En tant qu&rsquo;acteur, il a couru dans le drame de survie \u00ab\u00a0All Is Lost\u00a0\u00bb \u00e0 l&rsquo;\u00e2ge de 77 ans. Il joue un marin qui conduit dans l&rsquo;oc\u00e9an sur sa fuite seule. Pendant le tournage, il est all\u00e9 \u00e0 ses limites physiques. Mais la nomination esp\u00e9r\u00e9e par Oscar pour \u00ab\u00a0All Is Lost\u00a0\u00bb a \u00e9t\u00e9 \u00e9tonnamment \u00e9chou\u00e9 sans surprise en 2014.<\/p>\n<p>Redford, du c\u00f4t\u00e9 de Paul Newman, avait sa seule chance de profit aux Oscars en tant qu&rsquo;acteur dans la com\u00e9die Crook \u00ab\u00a0Der Clou\u00a0\u00bb (1973). Mais le troph\u00e9e est all\u00e9 \u00e0 Jack Lemmon pour la satire \u00ab\u00a0Save the Tiger\u00a0\u00bb. Au cours de sa longue carri\u00e8re, Redford n&rsquo;a remport\u00e9 qu&rsquo;un seul Gold Boy, en 1981 en tant que r\u00e9alisateur de son premier film \u00ab\u00a0A Normal Family\u00a0\u00bb. Une consolation: en 2002, la Film Academy l&rsquo;a honor\u00e9 un troph\u00e9e pour le travail de sa vie.<\/p>\n<p>\u00c0 l&rsquo;\u00e2ge de 81 ans, il \u00e9tait sous les projecteurs avec Jane Fonda. Le festival du film \u00e0 Venise a r\u00e9compens\u00e9 les deux v\u00e9t\u00e9rans de la toile The Golden Lion pour le travail de leur vie en 2017. L\u00e0, ils ont \u00e9galement pr\u00e9sent\u00e9 le drame d&rsquo;amour \u00ab\u00a0Our Souls at Night\u00a0\u00bb, dans lequel ils jouent des voisins qui approchent lentement. \u00ab\u00a0Je voulais vraiment travailler \u00e0 nouveau avec Jane avant que je ne morte\u00a0\u00bb, a \u00ab\u00a0Redford, aplati devant les journalistes \u00e0 l&rsquo;\u00e9poque.<\/p>\n<p>&#8211; \u00ab\u00a0Je referais tout\u00a0\u00bb: il a \u00e9galement comment\u00e9 satisfait de sa vie \u00e0 l&rsquo;avance. \u00ab\u00a0Je referais tout, y compris les erreurs qui font partie du processus de vie\u00a0\u00bb, a d\u00e9clar\u00e9 l&rsquo;acteur et directeur de l&rsquo;agence de presse allemande en 2013 lorsqu&rsquo;il a pr\u00e9sent\u00e9 le travail de son neuvi\u00e8me directeur, le Polittriller \u00ab\u00a0l&rsquo;entreprise que vous gardez le dossier de subvention\u00a0\u00bb. Alors il n&rsquo;a rien regrett\u00e9? \u00ab\u00a0Rien en professionnel, peut-\u00eatre en priv\u00e9, mais je ne vous le dirai pas.\u00a0\u00bb (DPA)<\/p>\n","protected":false},"excerpt":{"rendered":"<p>Le film du film pleure la perte d&rsquo;un canvasidol: l&rsquo;acteur et r\u00e9alisateur am\u00e9ricain Robert Redford est mort. Il est d\u00e9c\u00e9d\u00e9 \u00e0 l&rsquo;\u00e2ge de 89 ans<\/p>\n","protected":false},"author":1,"featured_media":10085,"comment_status":"","ping_status":"","sticky":false,"template":"","format":"standard","meta":{"footnotes":""},"categories":[298],"tags":[1327,1223,76,8582,8581,8583,4856,130],"class_list":["post-10084","post","type-post","status-publish","format-standard","has-post-thumbnail","hentry","category-belgique","tag-air","tag-decede","tag-est","tag-etoile","tag-linwandidol","tag-redford","tag-robert","tag-sans","generate-columns","tablet-grid-50","mobile-grid-100","grid-parent","grid-33"],"yoast_head":"<!-- This site is optimized with the Yoast SEO plugin v24.0 - https:\/\/yoast.com\/wordpress\/plugins\/seo\/ -->\n<title>Linwandidol sans \u00e9toile Air: Robert Redford (89) est d\u00e9c\u00e9d\u00e9 | Vie Associative<\/title>\n<meta name=\"robots\" content=\"index, follow, max-snippet:-1, max-image-preview:large, max-video-preview:-1\" \/>\n<link rel=\"canonical\" href=\"https:\/\/vieassociative.be\/actualites\/linwandidol-sans-etoile-air-robert-redford-89-est-decede\/\" \/>\n<meta property=\"og:locale\" content=\"fr_FR\" \/>\n<meta property=\"og:type\" content=\"article\" \/>\n<meta property=\"og:title\" content=\"Linwandidol sans \u00e9toile Air: Robert Redford (89) est d\u00e9c\u00e9d\u00e9 | Vie Associative\" \/>\n<meta property=\"og:description\" content=\"Le film du film pleure la perte d&rsquo;un canvasidol: l&rsquo;acteur et r\u00e9alisateur am\u00e9ricain Robert Redford est mort. Il est d\u00e9c\u00e9d\u00e9 \u00e0 l&rsquo;\u00e2ge de 89 ans\" \/>\n<meta property=\"og:url\" content=\"https:\/\/vieassociative.be\/actualites\/linwandidol-sans-etoile-air-robert-redford-89-est-decede\/\" \/>\n<meta property=\"og:site_name\" content=\"Vie Associative\" \/>\n<meta property=\"article:published_time\" content=\"2025-09-17T02:17:08+00:00\" \/>\n<meta property=\"og:image\" content=\"https:\/\/vieassociative.be\/actualites\/wp-content\/uploads\/2024\/09\/header_backgroundk-01-e1726694325946.png\" \/>\n\t<meta property=\"og:image:width\" content=\"279\" \/>\n\t<meta property=\"og:image:height\" content=\"92\" \/>\n\t<meta property=\"og:image:type\" content=\"image\/png\" \/>\n<meta name=\"author\" content=\"Julien\" \/>\n<meta name=\"twitter:card\" content=\"summary_large_image\" \/>\n<meta name=\"twitter:label1\" content=\"\u00c9crit par\" \/>\n\t<meta name=\"twitter:data1\" content=\"Julien\" \/>\n\t<meta name=\"twitter:label2\" content=\"Dur\u00e9e de lecture est.\" \/>\n\t<meta name=\"twitter:data2\" content=\"6 minutes\" \/>\n<script type=\"application\/ld+json\" class=\"yoast-schema-graph\">{\"@context\":\"https:\/\/schema.org\",\"@graph\":[{\"@type\":\"Article\",\"@id\":\"https:\/\/vieassociative.be\/actualites\/linwandidol-sans-etoile-air-robert-redford-89-est-decede\/#article\",\"isPartOf\":{\"@id\":\"https:\/\/vieassociative.be\/actualites\/linwandidol-sans-etoile-air-robert-redford-89-est-decede\/\"},\"author\":{\"name\":\"Julien\",\"@id\":\"https:\/\/vieassociative.be\/actualites\/#\/schema\/person\/b87ac4f82f9d4e7b7cec7395b679edc4\"},\"headline\":\"Linwandidol sans \u00e9toile Air: Robert Redford (89) est d\u00e9c\u00e9d\u00e9\",\"datePublished\":\"2025-09-17T02:17:08+00:00\",\"dateModified\":\"2025-09-17T02:17:08+00:00\",\"mainEntityOfPage\":{\"@id\":\"https:\/\/vieassociative.be\/actualites\/linwandidol-sans-etoile-air-robert-redford-89-est-decede\/\"},\"wordCount\":1186,\"publisher\":{\"@id\":\"https:\/\/vieassociative.be\/actualites\/#organization\"},\"image\":{\"@id\":\"https:\/\/vieassociative.be\/actualites\/linwandidol-sans-etoile-air-robert-redford-89-est-decede\/#primaryimage\"},\"thumbnailUrl\":\"https:\/\/vieassociative.be\/actualites\/wp-content\/uploads\/2025\/09\/1758075428_Linwandidol-sans-etoile-Air-Robert-Redford-89-est-decede.jpg\",\"keywords\":[\"air\",\"d\u00e9c\u00e9d\u00e9\",\"est\",\"\u00e9toile\",\"Linwandidol\",\"Redford\",\"Robert\",\"sans\"],\"articleSection\":[\"Belgique\"],\"inLanguage\":\"fr-BE\"},{\"@type\":\"WebPage\",\"@id\":\"https:\/\/vieassociative.be\/actualites\/linwandidol-sans-etoile-air-robert-redford-89-est-decede\/\",\"url\":\"https:\/\/vieassociative.be\/actualites\/linwandidol-sans-etoile-air-robert-redford-89-est-decede\/\",\"name\":\"Linwandidol sans \u00e9toile Air: Robert Redford (89) est d\u00e9c\u00e9d\u00e9 | Vie Associative\",\"isPartOf\":{\"@id\":\"https:\/\/vieassociative.be\/actualites\/#website\"},\"primaryImageOfPage\":{\"@id\":\"https:\/\/vieassociative.be\/actualites\/linwandidol-sans-etoile-air-robert-redford-89-est-decede\/#primaryimage\"},\"image\":{\"@id\":\"https:\/\/vieassociative.be\/actualites\/linwandidol-sans-etoile-air-robert-redford-89-est-decede\/#primaryimage\"},\"thumbnailUrl\":\"https:\/\/vieassociative.be\/actualites\/wp-content\/uploads\/2025\/09\/1758075428_Linwandidol-sans-etoile-Air-Robert-Redford-89-est-decede.jpg\",\"datePublished\":\"2025-09-17T02:17:08+00:00\",\"dateModified\":\"2025-09-17T02:17:08+00:00\",\"breadcrumb\":{\"@id\":\"https:\/\/vieassociative.be\/actualites\/linwandidol-sans-etoile-air-robert-redford-89-est-decede\/#breadcrumb\"},\"inLanguage\":\"fr-BE\",\"potentialAction\":[{\"@type\":\"ReadAction\",\"target\":[\"https:\/\/vieassociative.be\/actualites\/linwandidol-sans-etoile-air-robert-redford-89-est-decede\/\"]}]},{\"@type\":\"ImageObject\",\"inLanguage\":\"fr-BE\",\"@id\":\"https:\/\/vieassociative.be\/actualites\/linwandidol-sans-etoile-air-robert-redford-89-est-decede\/#primaryimage\",\"url\":\"https:\/\/vieassociative.be\/actualites\/wp-content\/uploads\/2025\/09\/1758075428_Linwandidol-sans-etoile-Air-Robert-Redford-89-est-decede.jpg\",\"contentUrl\":\"https:\/\/vieassociative.be\/actualites\/wp-content\/uploads\/2025\/09\/1758075428_Linwandidol-sans-etoile-Air-Robert-Redford-89-est-decede.jpg\",\"width\":1200,\"height\":836,\"caption\":\"Linwandidol sans \u00e9toile Air: Robert Redford (89) est d\u00e9c\u00e9d\u00e9\"},{\"@type\":\"BreadcrumbList\",\"@id\":\"https:\/\/vieassociative.be\/actualites\/linwandidol-sans-etoile-air-robert-redford-89-est-decede\/#breadcrumb\",\"itemListElement\":[{\"@type\":\"ListItem\",\"position\":1,\"name\":\"Accueil\",\"item\":\"https:\/\/vieassociative.be\/actualites\/\"},{\"@type\":\"ListItem\",\"position\":2,\"name\":\"Linwandidol sans \u00e9toile Air: Robert Redford (89) est d\u00e9c\u00e9d\u00e9\"}]},{\"@type\":\"WebSite\",\"@id\":\"https:\/\/vieassociative.be\/actualites\/#website\",\"url\":\"https:\/\/vieassociative.be\/actualites\/\",\"name\":\"Vie Associative\",\"description\":\"\",\"publisher\":{\"@id\":\"https:\/\/vieassociative.be\/actualites\/#organization\"},\"potentialAction\":[{\"@type\":\"SearchAction\",\"target\":{\"@type\":\"EntryPoint\",\"urlTemplate\":\"https:\/\/vieassociative.be\/actualites\/?s={search_term_string}\"},\"query-input\":{\"@type\":\"PropertyValueSpecification\",\"valueRequired\":true,\"valueName\":\"search_term_string\"}}],\"inLanguage\":\"fr-BE\"},{\"@type\":\"Organization\",\"@id\":\"https:\/\/vieassociative.be\/actualites\/#organization\",\"name\":\"Vie Associative\",\"url\":\"https:\/\/vieassociative.be\/actualites\/\",\"logo\":{\"@type\":\"ImageObject\",\"inLanguage\":\"fr-BE\",\"@id\":\"https:\/\/vieassociative.be\/actualites\/#\/schema\/logo\/image\/\",\"url\":\"https:\/\/vieassociative.be\/actualites\/wp-content\/uploads\/2024\/09\/cropped-vieassociative_favicon.ico.png\",\"contentUrl\":\"https:\/\/vieassociative.be\/actualites\/wp-content\/uploads\/2024\/09\/cropped-vieassociative_favicon.ico.png\",\"width\":512,\"height\":512,\"caption\":\"Vie Associative\"},\"image\":{\"@id\":\"https:\/\/vieassociative.be\/actualites\/#\/schema\/logo\/image\/\"}},{\"@type\":\"Person\",\"@id\":\"https:\/\/vieassociative.be\/actualites\/#\/schema\/person\/b87ac4f82f9d4e7b7cec7395b679edc4\",\"name\":\"Julien\",\"image\":{\"@type\":\"ImageObject\",\"inLanguage\":\"fr-BE\",\"@id\":\"https:\/\/vieassociative.be\/actualites\/#\/schema\/person\/image\/\",\"url\":\"https:\/\/vieassociative.be\/actualites\/wp-content\/uploads\/2024\/09\/vie-associative-1-150x150.jpg\",\"contentUrl\":\"https:\/\/vieassociative.be\/actualites\/wp-content\/uploads\/2024\/09\/vie-associative-1-150x150.jpg\",\"caption\":\"Julien\"},\"description\":\"Je suis Julien, r\u00e9dacteur pour Vie Associative. Passionn\u00e9 par le monde associatif depuis plus de 10 ans, j'ai \u00e0 c\u0153ur de partager des histoires inspirantes et de mettre en lumi\u00e8re les initiatives locales. Mon objectif est de sensibiliser et d'encourager l'engagement communautaire \u00e0 travers mes articles.\",\"sameAs\":[\"https:\/\/vieassociative.be\/\"]}]}<\/script>\n<!-- \/ Yoast SEO plugin. -->","yoast_head_json":{"title":"Linwandidol sans \u00e9toile Air: Robert Redford (89) est d\u00e9c\u00e9d\u00e9 | Vie Associative","robots":{"index":"index","follow":"follow","max-snippet":"max-snippet:-1","max-image-preview":"max-image-preview:large","max-video-preview":"max-video-preview:-1"},"canonical":"https:\/\/vieassociative.be\/actualites\/linwandidol-sans-etoile-air-robert-redford-89-est-decede\/","og_locale":"fr_FR","og_type":"article","og_title":"Linwandidol sans \u00e9toile Air: Robert Redford (89) est d\u00e9c\u00e9d\u00e9 | Vie Associative","og_description":"Le film du film pleure la perte d&rsquo;un canvasidol: l&rsquo;acteur et r\u00e9alisateur am\u00e9ricain Robert Redford est mort. Il est d\u00e9c\u00e9d\u00e9 \u00e0 l&rsquo;\u00e2ge de 89 ans","og_url":"https:\/\/vieassociative.be\/actualites\/linwandidol-sans-etoile-air-robert-redford-89-est-decede\/","og_site_name":"Vie Associative","article_published_time":"2025-09-17T02:17:08+00:00","og_image":[{"width":279,"height":92,"url":"https:\/\/vieassociative.be\/actualites\/wp-content\/uploads\/2024\/09\/header_backgroundk-01-e1726694325946.png","type":"image\/png"}],"author":"Julien","twitter_card":"summary_large_image","twitter_misc":{"\u00c9crit par":"Julien","Dur\u00e9e de lecture est.":"6 minutes"},"schema":{"@context":"https:\/\/schema.org","@graph":[{"@type":"Article","@id":"https:\/\/vieassociative.be\/actualites\/linwandidol-sans-etoile-air-robert-redford-89-est-decede\/#article","isPartOf":{"@id":"https:\/\/vieassociative.be\/actualites\/linwandidol-sans-etoile-air-robert-redford-89-est-decede\/"},"author":{"name":"Julien","@id":"https:\/\/vieassociative.be\/actualites\/#\/schema\/person\/b87ac4f82f9d4e7b7cec7395b679edc4"},"headline":"Linwandidol sans \u00e9toile Air: Robert Redford (89) est d\u00e9c\u00e9d\u00e9","datePublished":"2025-09-17T02:17:08+00:00","dateModified":"2025-09-17T02:17:08+00:00","mainEntityOfPage":{"@id":"https:\/\/vieassociative.be\/actualites\/linwandidol-sans-etoile-air-robert-redford-89-est-decede\/"},"wordCount":1186,"publisher":{"@id":"https:\/\/vieassociative.be\/actualites\/#organization"},"image":{"@id":"https:\/\/vieassociative.be\/actualites\/linwandidol-sans-etoile-air-robert-redford-89-est-decede\/#primaryimage"},"thumbnailUrl":"https:\/\/vieassociative.be\/actualites\/wp-content\/uploads\/2025\/09\/1758075428_Linwandidol-sans-etoile-Air-Robert-Redford-89-est-decede.jpg","keywords":["air","d\u00e9c\u00e9d\u00e9","est","\u00e9toile","Linwandidol","Redford","Robert","sans"],"articleSection":["Belgique"],"inLanguage":"fr-BE"},{"@type":"WebPage","@id":"https:\/\/vieassociative.be\/actualites\/linwandidol-sans-etoile-air-robert-redford-89-est-decede\/","url":"https:\/\/vieassociative.be\/actualites\/linwandidol-sans-etoile-air-robert-redford-89-est-decede\/","name":"Linwandidol sans \u00e9toile Air: Robert Redford (89) est d\u00e9c\u00e9d\u00e9 | Vie Associative","isPartOf":{"@id":"https:\/\/vieassociative.be\/actualites\/#website"},"primaryImageOfPage":{"@id":"https:\/\/vieassociative.be\/actualites\/linwandidol-sans-etoile-air-robert-redford-89-est-decede\/#primaryimage"},"image":{"@id":"https:\/\/vieassociative.be\/actualites\/linwandidol-sans-etoile-air-robert-redford-89-est-decede\/#primaryimage"},"thumbnailUrl":"https:\/\/vieassociative.be\/actualites\/wp-content\/uploads\/2025\/09\/1758075428_Linwandidol-sans-etoile-Air-Robert-Redford-89-est-decede.jpg","datePublished":"2025-09-17T02:17:08+00:00","dateModified":"2025-09-17T02:17:08+00:00","breadcrumb":{"@id":"https:\/\/vieassociative.be\/actualites\/linwandidol-sans-etoile-air-robert-redford-89-est-decede\/#breadcrumb"},"inLanguage":"fr-BE","potentialAction":[{"@type":"ReadAction","target":["https:\/\/vieassociative.be\/actualites\/linwandidol-sans-etoile-air-robert-redford-89-est-decede\/"]}]},{"@type":"ImageObject","inLanguage":"fr-BE","@id":"https:\/\/vieassociative.be\/actualites\/linwandidol-sans-etoile-air-robert-redford-89-est-decede\/#primaryimage","url":"https:\/\/vieassociative.be\/actualites\/wp-content\/uploads\/2025\/09\/1758075428_Linwandidol-sans-etoile-Air-Robert-Redford-89-est-decede.jpg","contentUrl":"https:\/\/vieassociative.be\/actualites\/wp-content\/uploads\/2025\/09\/1758075428_Linwandidol-sans-etoile-Air-Robert-Redford-89-est-decede.jpg","width":1200,"height":836,"caption":"Linwandidol sans \u00e9toile Air: Robert Redford (89) est d\u00e9c\u00e9d\u00e9"},{"@type":"BreadcrumbList","@id":"https:\/\/vieassociative.be\/actualites\/linwandidol-sans-etoile-air-robert-redford-89-est-decede\/#breadcrumb","itemListElement":[{"@type":"ListItem","position":1,"name":"Accueil","item":"https:\/\/vieassociative.be\/actualites\/"},{"@type":"ListItem","position":2,"name":"Linwandidol sans \u00e9toile Air: Robert Redford (89) est d\u00e9c\u00e9d\u00e9"}]},{"@type":"WebSite","@id":"https:\/\/vieassociative.be\/actualites\/#website","url":"https:\/\/vieassociative.be\/actualites\/","name":"Vie Associative","description":"","publisher":{"@id":"https:\/\/vieassociative.be\/actualites\/#organization"},"potentialAction":[{"@type":"SearchAction","target":{"@type":"EntryPoint","urlTemplate":"https:\/\/vieassociative.be\/actualites\/?s={search_term_string}"},"query-input":{"@type":"PropertyValueSpecification","valueRequired":true,"valueName":"search_term_string"}}],"inLanguage":"fr-BE"},{"@type":"Organization","@id":"https:\/\/vieassociative.be\/actualites\/#organization","name":"Vie Associative","url":"https:\/\/vieassociative.be\/actualites\/","logo":{"@type":"ImageObject","inLanguage":"fr-BE","@id":"https:\/\/vieassociative.be\/actualites\/#\/schema\/logo\/image\/","url":"https:\/\/vieassociative.be\/actualites\/wp-content\/uploads\/2024\/09\/cropped-vieassociative_favicon.ico.png","contentUrl":"https:\/\/vieassociative.be\/actualites\/wp-content\/uploads\/2024\/09\/cropped-vieassociative_favicon.ico.png","width":512,"height":512,"caption":"Vie Associative"},"image":{"@id":"https:\/\/vieassociative.be\/actualites\/#\/schema\/logo\/image\/"}},{"@type":"Person","@id":"https:\/\/vieassociative.be\/actualites\/#\/schema\/person\/b87ac4f82f9d4e7b7cec7395b679edc4","name":"Julien","image":{"@type":"ImageObject","inLanguage":"fr-BE","@id":"https:\/\/vieassociative.be\/actualites\/#\/schema\/person\/image\/","url":"https:\/\/vieassociative.be\/actualites\/wp-content\/uploads\/2024\/09\/vie-associative-1-150x150.jpg","contentUrl":"https:\/\/vieassociative.be\/actualites\/wp-content\/uploads\/2024\/09\/vie-associative-1-150x150.jpg","caption":"Julien"},"description":"Je suis Julien, r\u00e9dacteur pour Vie Associative. Passionn\u00e9 par le monde associatif depuis plus de 10 ans, j'ai \u00e0 c\u0153ur de partager des histoires inspirantes et de mettre en lumi\u00e8re les initiatives locales. Mon objectif est de sensibiliser et d'encourager l'engagement communautaire \u00e0 travers mes articles.","sameAs":["https:\/\/vieassociative.be\/"]}]}},"_links":{"self":[{"href":"https:\/\/vieassociative.be\/actualites\/wp-json\/wp\/v2\/posts\/10084"}],"collection":[{"href":"https:\/\/vieassociative.be\/actualites\/wp-json\/wp\/v2\/posts"}],"about":[{"href":"https:\/\/vieassociative.be\/actualites\/wp-json\/wp\/v2\/types\/post"}],"author":[{"embeddable":true,"href":"https:\/\/vieassociative.be\/actualites\/wp-json\/wp\/v2\/users\/1"}],"replies":[{"embeddable":true,"href":"https:\/\/vieassociative.be\/actualites\/wp-json\/wp\/v2\/comments?post=10084"}],"version-history":[{"count":0,"href":"https:\/\/vieassociative.be\/actualites\/wp-json\/wp\/v2\/posts\/10084\/revisions"}],"wp:featuredmedia":[{"embeddable":true,"href":"https:\/\/vieassociative.be\/actualites\/wp-json\/wp\/v2\/media\/10085"}],"wp:attachment":[{"href":"https:\/\/vieassociative.be\/actualites\/wp-json\/wp\/v2\/media?parent=10084"}],"wp:term":[{"taxonomy":"category","embeddable":true,"href":"https:\/\/vieassociative.be\/actualites\/wp-json\/wp\/v2\/categories?post=10084"},{"taxonomy":"post_tag","embeddable":true,"href":"https:\/\/vieassociative.be\/actualites\/wp-json\/wp\/v2\/tags?post=10084"}],"curies":[{"name":"wp","href":"https:\/\/api.w.org\/{rel}","templated":true}]}}