{"id":10082,"date":"2025-09-17T03:17:12","date_gmt":"2025-09-17T01:17:12","guid":{"rendered":"https:\/\/vieassociative.be\/actualites\/comment-corriger-les-icones-dapplication-de-mode-sombre-inclinees-dans-ios-26\/"},"modified":"2025-09-17T03:17:12","modified_gmt":"2025-09-17T01:17:12","slug":"comment-corriger-les-icones-dapplication-de-mode-sombre-inclinees-dans-ios-26","status":"publish","type":"post","link":"https:\/\/vieassociative.be\/actualites\/comment-corriger-les-icones-dapplication-de-mode-sombre-inclinees-dans-ios-26\/","title":{"rendered":"Comment corriger les ic\u00f4nes d&rsquo;application de mode sombre \u00abinclin\u00e9es dans iOS 26"},"content":{"rendered":"<div class=\"mt-4 leading-6 md:mb-8\">Apple travaille probablement sur une solution, mais il y a quelque chose que vous pouvez faire entre-temps.<\/div>\n<p><\/p>\n<p><em>Saviez-vous que vous pouvez personnaliser Google pour filtrer les ordures? Prendre ces \u00e9tapes<\/em><em>  Pour de meilleurs r\u00e9sultats de recherche, notamment l&rsquo;ajout de Vie Associative comme source pr\u00e9f\u00e9r\u00e9e pour les nouvelles technologiques<\/em><em>.<\/em><\/p>\n<hr>\n<p>iOS 26 est l\u00e0, et avec lui, la refonte de conception \u00aben verre liquide\u00bb d&rsquo;Apple. Hier, j&rsquo;ai couvert comment annuler rapidement la plupart des changements les plus durs qui accompagnent le verre liquide, mais une plainte que les utilisateurs font aujourd&rsquo;hui n\u00e9cessite une correction enti\u00e8rement s\u00e9par\u00e9e. Heureusement, il y a une option qui pourrait vous aider, m\u00eame si ce n&rsquo;est pas pour tout le monde.<\/p>\n<h2 id=\"dark-mode-icons-look-a-little-tilted-right-now\">Les ic\u00f4nes en mode noir ont l&rsquo;air un peu inclin\u00e9es maintenant<\/h2>\n<p>Alors que les utilisateurs publient sur Reddit, il s&rsquo;av\u00e8re que les ic\u00f4nes d&rsquo;applications en mode noir ne jouent pas bien avec la nouvelle esth\u00e9tique de verre liquide d&rsquo;iOS 26. Combien cela vous d\u00e9rangera de varier d&rsquo;une personne \u00e0 l&rsquo;autre, mais essentiellement, certaines personnes en ligne (et dans l&rsquo;\u00e9quipe Vie Associative) se plaignent maintenant que leurs ic\u00f4nes en mode sombre ont l&rsquo;air inclin\u00e9es, comme s&rsquo;ils ne sont pas parfaitement morts.<\/p>\n<div class=\"mx-auto mb-12 mt-5 w-full max-w-3xl rounded-md border-2 border-gray-100 p-3 shadow-md md:px-7 md:pb-7 md:pt-5\" id=\"related-video\">\n<div class=\"mb-3 flex items-center md:mb-5\">\n        <img decoding=\"async\" class=\"mr-4 mt-0 h-10 w-10 md:mr-5 md:h-12 md:w-12\" src=\"https:\/\/vieassociative.be\/actualites\/wp-content\/uploads\/2025\/09\/1757726237_608_Meta-pourrait-devoiler-une-montre-intelligente-pour-controler-ses-lunettes.jpg\" alt=\"Logo Lifehacker\"><\/p><\/div>\n<div class=\"aspect-video w-full overflow-hidden rounded-md\">\n<div id=\"video-container-01K5AKRMTD02HG2KDWG2MR91WZ\"><\/div>\n<\/p><\/div>\n<\/div>\n<p>Personnellement, j&rsquo;ai du mal \u00e0 voir cela en regardant mon \u00e9cran d&rsquo;accueil dans son ensemble, mais apr\u00e8s qu&rsquo;un coll\u00e8gue m&rsquo;a envoy\u00e9 un coup plus zoom\u00e9, je peux voir comment cela le d\u00e9rangerait. C&rsquo;est une illusion d&rsquo;optique, car le positionnement de l&rsquo;ic\u00f4ne est le m\u00eame, mais il est l\u00e0.<\/p>\n<div class=\"eloquent-imagery-image\">\n<div class=\"flex justify-center\">\n                    <img decoding=\"async\" class=\"border border-gray-100\" src=\"https:\/\/vieassociative.be\/actualites\/wp-content\/uploads\/2025\/09\/Comment-corriger-les-icones-dapplication-de-mode-sombre-inclinees-dans.png\" alt=\"Ic\u00f4nes d'application en mode noir inclin\u00e9\" width=\"2000\" height=\"432\" loading=\"lazy\"  >\n            <\/div>\n<\/p><\/div>\n<p>Le probl\u00e8me, semble-t-il, est dans de nouveaux points forts ajout\u00e9s \u00e0 certaines coins d&rsquo;ic\u00f4nes d&rsquo;application, mais pas \u00e0 tous tout en utilisant le mode sombre. L&rsquo;\u00e9clairage in\u00e9gal produit un effet qui, tel que rapport\u00e9 par Vie Associative Sister Site Mashable, a des utilisateurs qui se plaignent de vertiges. Pire encore, \u00e0 quel point les points forts sont importants d\u00e9pend de votre arri\u00e8re-plan &#8211; je peux les voir plus facilement sur des parties sombres de mon arri\u00e8re-plan, mais elles ont tendance \u00e0 saigner en parties plus l\u00e9g\u00e8res. <\/p>\n<p>Techniquement, ces points forts sont \u00e9galement l\u00e0 lors de l&rsquo;utilisation d&rsquo;ic\u00f4nes d&rsquo;application avec des arri\u00e8re-plans plus l\u00e9gers, mais ils sont moins visibles, car ils ne contrastent pas autant avec eux.<\/p>\n<p>Encore une fois, vous n&rsquo;\u00eates peut-\u00eatre pas sensible \u00e0 l&rsquo;effet. Si je ne me concentre pas dessus, j&rsquo;ai tendance \u00e0 l&rsquo;oublier. Mais si cela vous d\u00e9range, que pouvez-vous faire?<\/p>\n<h2 id=\"reducing-transparency-does-nothing\">La r\u00e9duction de la transparence ne fait rien<\/h2>\n<p>Malheureusement, le correctif \u00e0 un coup de travail qui annule la plupart des probl\u00e8mes avec le verre liquide, \u00abr\u00e9duire la transparence\u00bb, ne semble rien faire pour les ic\u00f4nes de votre application. Voici mon \u00e9cran d&rsquo;accueil de l&rsquo;iPhone avec une r\u00e9duction de la transparence, et le m\u00eame \u00e9cran avec (veuillez ne pas juger mon courrier non lu et mes rappels non coch\u00e9s).<\/p>\n<div class=\"eloquent-imagery-image\">\n<div class=\"flex justify-center\">\n                    <img decoding=\"async\" class=\"border border-gray-100\" src=\"https:\/\/vieassociative.be\/actualites\/wp-content\/uploads\/2025\/09\/1758071831_121_Comment-corriger-les-icones-dapplication-de-mode-sombre-inclinees-dans.png\" alt=\"\u00c9cran d'accueil de l'iPhone avec ic\u00f4nes d'application en mode sombre et r\u00e9duisez la transparence (gauche) vs sur (\u00e0 droite)\" width=\"2000\" height=\"1125\" loading=\"lazy\"  >\n            <\/div>\n<\/p><\/div>\n<p>C&rsquo;est dommage, car r\u00e9duire la transparence est facile \u00e0 mettre en \u0153uvre: vous l&rsquo;allumez simplement sous <strong>Param\u00e8tres> Accessibilit\u00e9> Affichage et taille du texte<\/strong>et cela se d\u00e9barrassera de la plupart des \u00e9l\u00e9ments transparents en verre liquide pour vous. Mais parce que les ic\u00f4nes sont solides de toute fa\u00e7on, cela ne fera rien ici. Au lieu de cela, vous devrez faire preuve de cr\u00e9ativit\u00e9.<\/p>\n<h2 id=\"try-tinting-your-app-icons\">Essayez de teindre les ic\u00f4nes de votre application<\/h2>\n<p>En ce moment, je n&rsquo;ai malheureusement pas de solution pour les ic\u00f4nes d&rsquo;application en mode noir d&rsquo;Apple. M\u00eame les ic\u00f4nes personnalis\u00e9es qui utilisent la couleur d&rsquo;arri\u00e8re-plan du mode fonc\u00e9 d&rsquo;Apple auront toujours les nouveaux reflets. Mais j&rsquo;ai un conseil qui vous rapprochera de la m\u00eame exp\u00e9rience.<\/p>\n<p>Il s&rsquo;av\u00e8re que la d\u00e9finition de vos ic\u00f4nes d&rsquo;application sur le mode Dark n&rsquo;est pas le seul moyen de les amener \u00e0 utiliser des couleurs plus tamis\u00e9es. Si le mode sombre vous semble laid en ce moment, vous pouvez plut\u00f4t essayer de teindre les ic\u00f4nes de votre application.<\/p>\n<p>Cela donne \u00e0 vos ic\u00f4nes d&rsquo;application une apparence monochrome avec du texte blanc ou gris, et bien que cela signifie malheureusement perdre des ic\u00f4nes d&rsquo;application avec plus de deux couleurs, cela signifie \u00e9galement que vous pouvez \u00e9changer vers d&rsquo;autres arri\u00e8re-plans de couleur fonc\u00e9e qui pourraient vous sembler un peu moins inclin\u00e9es. Les reflets incrimin\u00e9s seront toujours l\u00e0, mais avec le bon fond teint\u00e9, vous pourrez peut-\u00eatre les rendre moins visibles.<\/p>\n<p>Pour l&rsquo;essayer, dirigez-vous vers votre \u00e9cran d&rsquo;accueil, puis appuyez longtemps jusqu&rsquo;\u00e0 ce que vos applications commencent \u00e0 semer. Faire un clic <strong>Modifier <\/strong>Dans le coin sup\u00e9rieur gauche, puis <strong>Personnaliser<\/strong>. Dans le menu qui appara\u00eet en bas de votre \u00e9cran, choisissez <strong>Teint\u00e9<\/strong>.<\/p>\n<p>Vous obtiendrez deux barres de cueilleurs de couleurs, ainsi que l&rsquo;option de choix <strong>Lumi\u00e8re <\/strong>ou <strong>Sombre<\/strong> Ic\u00f4nes (ceci est distinct des ic\u00f4nes d&rsquo;application de lumi\u00e8re et de mode sombre g\u00e9n\u00e9rales, qui ne sont pas monochromes). Consid\u00e9rez la barre de cueillette de couleur sup\u00e9rieure comme la couleur g\u00e9n\u00e9rale de l&rsquo;application et le bas comme un moyen de devenir plus sp\u00e9cifique dans cette zone de couleur. Entre-temps, <strong>Lumi\u00e8re<\/strong> Fera le texte et les \u00e9l\u00e9ments graphiques de l&rsquo;application blancs, tandis que <strong>Sombre<\/strong> utilisera un ton plus gris\u00e2tre.<\/p>\n<div class=\"eloquent-imagery-image\">\n<div class=\"flex justify-center\">\n                    <img decoding=\"async\" class=\"border border-gray-100\" src=\"https:\/\/vieassociative.be\/actualites\/wp-content\/uploads\/2025\/09\/1758071832_39_Comment-corriger-les-icones-dapplication-de-mode-sombre-inclinees-dans.png\" alt=\"Ic\u00f4nes d'application teint\u00e9es dans iOS 26\" width=\"2000\" height=\"1125\" loading=\"lazy\"  >\n            <\/div>\n<\/p><\/div>\n<p>Vous pouvez jouer ici pour obtenir une teinte d&rsquo;application que vous aimez le mieux, bien qu&rsquo;Apple ait quelques boutons de raccourci pour vous aider \u00e0 trouver la couleur pour vous. Personnellement, j&rsquo;aime le bouton le plus \u00e0 gauche, sous les barres de s\u00e9lecteur de couleurs, qui vous emm\u00e8ne en noir et blanc standard si vous avez s\u00e9lectionn\u00e9 Light ou un gris noir et fonc\u00e9 plus mod\u00e9r\u00e9 si vous avez s\u00e9lectionn\u00e9 Dark. Si aucun de ceux-ci ne fonctionne pour vous, il y a aussi un bouton d&rsquo;intelligence Apple qui essaiera de choisir une teinte qui va bien avec votre fond d&rsquo;\u00e9cran, ou une pipette qui vous permettra de choisir une couleur dans votre fond d&rsquo;\u00e9cran.<\/p>\n<p>Rien de tout cela n&rsquo;est tout \u00e0 fait la m\u00eame que l&rsquo;utilisation d&rsquo;ic\u00f4nes en mode noir, mais si vous \u00eates comme moi, cela pourrait \u00eatre assez proche.<\/p>\n<h2 id=\"or-wait-for-an-update\">Ou attendez une mise \u00e0 jour<\/h2>\n<p>Si la teinture des ic\u00f4nes de votre application ne fonctionne pas pour vous, cependant, ne d\u00e9sesp\u00e9rez pas. Il est probable qu&rsquo;Apple voit ces plaintes et ajustera le verre liquide en cons\u00e9quence. Cela l&rsquo;a d\u00e9j\u00e0 att\u00e9nu\u00e9 deux fois par rapport \u00e0 la version b\u00eata d&rsquo;iOS 26, donc peut-\u00eatre que la vraie solution ici est le temps.<\/p>\n","protected":false},"excerpt":{"rendered":"<p>Apple travaille probablement sur une solution, mais il y a quelque chose que vous pouvez faire entre-temps. Saviez-vous que vous pouvez personnaliser Google pour filtrer<\/p>\n","protected":false},"author":1,"featured_media":10083,"comment_status":"","ping_status":"","sticky":false,"template":"","format":"standard","meta":{"footnotes":""},"categories":[13],"tags":[44,2900,166,8119,6300,8580,21,14,2050,3863],"class_list":["post-10082","post","type-post","status-publish","format-standard","has-post-thumbnail","hentry","category-technologie","tag-comment","tag-corriger","tag-dans","tag-dapplication","tag-icones","tag-inclinees","tag-ios","tag-les","tag-mode","tag-sombre","generate-columns","tablet-grid-50","mobile-grid-100","grid-parent","grid-33"],"yoast_head":"<!-- This site is optimized with the Yoast SEO plugin v24.0 - https:\/\/yoast.com\/wordpress\/plugins\/seo\/ -->\n<title>Comment corriger les ic\u00f4nes d&#039;application de mode sombre \u00abinclin\u00e9es dans iOS 26 | Vie Associative<\/title>\n<meta name=\"robots\" content=\"index, follow, max-snippet:-1, max-image-preview:large, max-video-preview:-1\" \/>\n<link rel=\"canonical\" href=\"https:\/\/vieassociative.be\/actualites\/comment-corriger-les-icones-dapplication-de-mode-sombre-inclinees-dans-ios-26\/\" \/>\n<meta property=\"og:locale\" content=\"fr_FR\" \/>\n<meta property=\"og:type\" content=\"article\" \/>\n<meta property=\"og:title\" content=\"Comment corriger les ic\u00f4nes d&#039;application de mode sombre \u00abinclin\u00e9es dans iOS 26 | Vie Associative\" \/>\n<meta property=\"og:description\" content=\"Apple travaille probablement sur une solution, mais il y a quelque chose que vous pouvez faire entre-temps. Saviez-vous que vous pouvez personnaliser Google pour filtrer\" \/>\n<meta property=\"og:url\" content=\"https:\/\/vieassociative.be\/actualites\/comment-corriger-les-icones-dapplication-de-mode-sombre-inclinees-dans-ios-26\/\" \/>\n<meta property=\"og:site_name\" content=\"Vie Associative\" \/>\n<meta property=\"article:published_time\" content=\"2025-09-17T01:17:12+00:00\" \/>\n<meta property=\"og:image\" content=\"https:\/\/vieassociative.be\/actualites\/wp-content\/uploads\/2025\/09\/1757726237_608_Meta-pourrait-devoiler-une-montre-intelligente-pour-controler-ses-lunettes.jpg\" \/>\n<meta name=\"author\" content=\"Julien\" \/>\n<meta name=\"twitter:card\" content=\"summary_large_image\" \/>\n<meta name=\"twitter:label1\" content=\"\u00c9crit par\" \/>\n\t<meta name=\"twitter:data1\" content=\"Julien\" \/>\n\t<meta name=\"twitter:label2\" content=\"Dur\u00e9e de lecture est.\" \/>\n\t<meta name=\"twitter:data2\" content=\"6 minutes\" \/>\n<script type=\"application\/ld+json\" class=\"yoast-schema-graph\">{\"@context\":\"https:\/\/schema.org\",\"@graph\":[{\"@type\":\"Article\",\"@id\":\"https:\/\/vieassociative.be\/actualites\/comment-corriger-les-icones-dapplication-de-mode-sombre-inclinees-dans-ios-26\/#article\",\"isPartOf\":{\"@id\":\"https:\/\/vieassociative.be\/actualites\/comment-corriger-les-icones-dapplication-de-mode-sombre-inclinees-dans-ios-26\/\"},\"author\":{\"name\":\"Julien\",\"@id\":\"https:\/\/vieassociative.be\/actualites\/#\/schema\/person\/b87ac4f82f9d4e7b7cec7395b679edc4\"},\"headline\":\"Comment corriger les ic\u00f4nes d&rsquo;application de mode sombre \u00abinclin\u00e9es dans iOS 26\",\"datePublished\":\"2025-09-17T01:17:12+00:00\",\"dateModified\":\"2025-09-17T01:17:12+00:00\",\"mainEntityOfPage\":{\"@id\":\"https:\/\/vieassociative.be\/actualites\/comment-corriger-les-icones-dapplication-de-mode-sombre-inclinees-dans-ios-26\/\"},\"wordCount\":1176,\"publisher\":{\"@id\":\"https:\/\/vieassociative.be\/actualites\/#organization\"},\"image\":{\"@id\":\"https:\/\/vieassociative.be\/actualites\/comment-corriger-les-icones-dapplication-de-mode-sombre-inclinees-dans-ios-26\/#primaryimage\"},\"thumbnailUrl\":\"https:\/\/vieassociative.be\/actualites\/wp-content\/uploads\/2025\/09\/1758071833_Comment-corriger-les-icones-dapplication-de-mode-sombre-inclinees-dans.png\",\"keywords\":[\"Comment\",\"corriger\",\"dans\",\"dapplication\",\"ic\u00f4nes\",\"inclin\u00e9es\",\"iOS\",\"Les\",\"mode\",\"sombre\"],\"articleSection\":[\"Technologie\"],\"inLanguage\":\"fr-BE\"},{\"@type\":\"WebPage\",\"@id\":\"https:\/\/vieassociative.be\/actualites\/comment-corriger-les-icones-dapplication-de-mode-sombre-inclinees-dans-ios-26\/\",\"url\":\"https:\/\/vieassociative.be\/actualites\/comment-corriger-les-icones-dapplication-de-mode-sombre-inclinees-dans-ios-26\/\",\"name\":\"Comment corriger les ic\u00f4nes d'application de mode sombre \u00abinclin\u00e9es dans iOS 26 | Vie Associative\",\"isPartOf\":{\"@id\":\"https:\/\/vieassociative.be\/actualites\/#website\"},\"primaryImageOfPage\":{\"@id\":\"https:\/\/vieassociative.be\/actualites\/comment-corriger-les-icones-dapplication-de-mode-sombre-inclinees-dans-ios-26\/#primaryimage\"},\"image\":{\"@id\":\"https:\/\/vieassociative.be\/actualites\/comment-corriger-les-icones-dapplication-de-mode-sombre-inclinees-dans-ios-26\/#primaryimage\"},\"thumbnailUrl\":\"https:\/\/vieassociative.be\/actualites\/wp-content\/uploads\/2025\/09\/1758071833_Comment-corriger-les-icones-dapplication-de-mode-sombre-inclinees-dans.png\",\"datePublished\":\"2025-09-17T01:17:12+00:00\",\"dateModified\":\"2025-09-17T01:17:12+00:00\",\"breadcrumb\":{\"@id\":\"https:\/\/vieassociative.be\/actualites\/comment-corriger-les-icones-dapplication-de-mode-sombre-inclinees-dans-ios-26\/#breadcrumb\"},\"inLanguage\":\"fr-BE\",\"potentialAction\":[{\"@type\":\"ReadAction\",\"target\":[\"https:\/\/vieassociative.be\/actualites\/comment-corriger-les-icones-dapplication-de-mode-sombre-inclinees-dans-ios-26\/\"]}]},{\"@type\":\"ImageObject\",\"inLanguage\":\"fr-BE\",\"@id\":\"https:\/\/vieassociative.be\/actualites\/comment-corriger-les-icones-dapplication-de-mode-sombre-inclinees-dans-ios-26\/#primaryimage\",\"url\":\"https:\/\/vieassociative.be\/actualites\/wp-content\/uploads\/2025\/09\/1758071833_Comment-corriger-les-icones-dapplication-de-mode-sombre-inclinees-dans.png\",\"contentUrl\":\"https:\/\/vieassociative.be\/actualites\/wp-content\/uploads\/2025\/09\/1758071833_Comment-corriger-les-icones-dapplication-de-mode-sombre-inclinees-dans.png\",\"width\":1200,\"height\":675,\"caption\":\"Comment corriger les ic\u00f4nes d'application de mode sombre \u00abinclin\u00e9es dans iOS 26\"},{\"@type\":\"BreadcrumbList\",\"@id\":\"https:\/\/vieassociative.be\/actualites\/comment-corriger-les-icones-dapplication-de-mode-sombre-inclinees-dans-ios-26\/#breadcrumb\",\"itemListElement\":[{\"@type\":\"ListItem\",\"position\":1,\"name\":\"Accueil\",\"item\":\"https:\/\/vieassociative.be\/actualites\/\"},{\"@type\":\"ListItem\",\"position\":2,\"name\":\"Comment corriger les ic\u00f4nes d&rsquo;application de mode sombre \u00abinclin\u00e9es dans iOS 26\"}]},{\"@type\":\"WebSite\",\"@id\":\"https:\/\/vieassociative.be\/actualites\/#website\",\"url\":\"https:\/\/vieassociative.be\/actualites\/\",\"name\":\"Vie Associative\",\"description\":\"\",\"publisher\":{\"@id\":\"https:\/\/vieassociative.be\/actualites\/#organization\"},\"potentialAction\":[{\"@type\":\"SearchAction\",\"target\":{\"@type\":\"EntryPoint\",\"urlTemplate\":\"https:\/\/vieassociative.be\/actualites\/?s={search_term_string}\"},\"query-input\":{\"@type\":\"PropertyValueSpecification\",\"valueRequired\":true,\"valueName\":\"search_term_string\"}}],\"inLanguage\":\"fr-BE\"},{\"@type\":\"Organization\",\"@id\":\"https:\/\/vieassociative.be\/actualites\/#organization\",\"name\":\"Vie Associative\",\"url\":\"https:\/\/vieassociative.be\/actualites\/\",\"logo\":{\"@type\":\"ImageObject\",\"inLanguage\":\"fr-BE\",\"@id\":\"https:\/\/vieassociative.be\/actualites\/#\/schema\/logo\/image\/\",\"url\":\"https:\/\/vieassociative.be\/actualites\/wp-content\/uploads\/2024\/09\/cropped-vieassociative_favicon.ico.png\",\"contentUrl\":\"https:\/\/vieassociative.be\/actualites\/wp-content\/uploads\/2024\/09\/cropped-vieassociative_favicon.ico.png\",\"width\":512,\"height\":512,\"caption\":\"Vie Associative\"},\"image\":{\"@id\":\"https:\/\/vieassociative.be\/actualites\/#\/schema\/logo\/image\/\"}},{\"@type\":\"Person\",\"@id\":\"https:\/\/vieassociative.be\/actualites\/#\/schema\/person\/b87ac4f82f9d4e7b7cec7395b679edc4\",\"name\":\"Julien\",\"image\":{\"@type\":\"ImageObject\",\"inLanguage\":\"fr-BE\",\"@id\":\"https:\/\/vieassociative.be\/actualites\/#\/schema\/person\/image\/\",\"url\":\"https:\/\/vieassociative.be\/actualites\/wp-content\/uploads\/2024\/09\/vie-associative-1-150x150.jpg\",\"contentUrl\":\"https:\/\/vieassociative.be\/actualites\/wp-content\/uploads\/2024\/09\/vie-associative-1-150x150.jpg\",\"caption\":\"Julien\"},\"description\":\"Je suis Julien, r\u00e9dacteur pour Vie Associative. Passionn\u00e9 par le monde associatif depuis plus de 10 ans, j'ai \u00e0 c\u0153ur de partager des histoires inspirantes et de mettre en lumi\u00e8re les initiatives locales. Mon objectif est de sensibiliser et d'encourager l'engagement communautaire \u00e0 travers mes articles.\",\"sameAs\":[\"https:\/\/vieassociative.be\/\"]}]}<\/script>\n<!-- \/ Yoast SEO plugin. -->","yoast_head_json":{"title":"Comment corriger les ic\u00f4nes d'application de mode sombre \u00abinclin\u00e9es dans iOS 26 | Vie Associative","robots":{"index":"index","follow":"follow","max-snippet":"max-snippet:-1","max-image-preview":"max-image-preview:large","max-video-preview":"max-video-preview:-1"},"canonical":"https:\/\/vieassociative.be\/actualites\/comment-corriger-les-icones-dapplication-de-mode-sombre-inclinees-dans-ios-26\/","og_locale":"fr_FR","og_type":"article","og_title":"Comment corriger les ic\u00f4nes d'application de mode sombre \u00abinclin\u00e9es dans iOS 26 | Vie Associative","og_description":"Apple travaille probablement sur une solution, mais il y a quelque chose que vous pouvez faire entre-temps. Saviez-vous que vous pouvez personnaliser Google pour filtrer","og_url":"https:\/\/vieassociative.be\/actualites\/comment-corriger-les-icones-dapplication-de-mode-sombre-inclinees-dans-ios-26\/","og_site_name":"Vie Associative","article_published_time":"2025-09-17T01:17:12+00:00","og_image":[{"url":"https:\/\/vieassociative.be\/actualites\/wp-content\/uploads\/2025\/09\/1757726237_608_Meta-pourrait-devoiler-une-montre-intelligente-pour-controler-ses-lunettes.jpg","type":"","width":"","height":""}],"author":"Julien","twitter_card":"summary_large_image","twitter_misc":{"\u00c9crit par":"Julien","Dur\u00e9e de lecture est.":"6 minutes"},"schema":{"@context":"https:\/\/schema.org","@graph":[{"@type":"Article","@id":"https:\/\/vieassociative.be\/actualites\/comment-corriger-les-icones-dapplication-de-mode-sombre-inclinees-dans-ios-26\/#article","isPartOf":{"@id":"https:\/\/vieassociative.be\/actualites\/comment-corriger-les-icones-dapplication-de-mode-sombre-inclinees-dans-ios-26\/"},"author":{"name":"Julien","@id":"https:\/\/vieassociative.be\/actualites\/#\/schema\/person\/b87ac4f82f9d4e7b7cec7395b679edc4"},"headline":"Comment corriger les ic\u00f4nes d&rsquo;application de mode sombre \u00abinclin\u00e9es dans iOS 26","datePublished":"2025-09-17T01:17:12+00:00","dateModified":"2025-09-17T01:17:12+00:00","mainEntityOfPage":{"@id":"https:\/\/vieassociative.be\/actualites\/comment-corriger-les-icones-dapplication-de-mode-sombre-inclinees-dans-ios-26\/"},"wordCount":1176,"publisher":{"@id":"https:\/\/vieassociative.be\/actualites\/#organization"},"image":{"@id":"https:\/\/vieassociative.be\/actualites\/comment-corriger-les-icones-dapplication-de-mode-sombre-inclinees-dans-ios-26\/#primaryimage"},"thumbnailUrl":"https:\/\/vieassociative.be\/actualites\/wp-content\/uploads\/2025\/09\/1758071833_Comment-corriger-les-icones-dapplication-de-mode-sombre-inclinees-dans.png","keywords":["Comment","corriger","dans","dapplication","ic\u00f4nes","inclin\u00e9es","iOS","Les","mode","sombre"],"articleSection":["Technologie"],"inLanguage":"fr-BE"},{"@type":"WebPage","@id":"https:\/\/vieassociative.be\/actualites\/comment-corriger-les-icones-dapplication-de-mode-sombre-inclinees-dans-ios-26\/","url":"https:\/\/vieassociative.be\/actualites\/comment-corriger-les-icones-dapplication-de-mode-sombre-inclinees-dans-ios-26\/","name":"Comment corriger les ic\u00f4nes d'application de mode sombre \u00abinclin\u00e9es dans iOS 26 | Vie Associative","isPartOf":{"@id":"https:\/\/vieassociative.be\/actualites\/#website"},"primaryImageOfPage":{"@id":"https:\/\/vieassociative.be\/actualites\/comment-corriger-les-icones-dapplication-de-mode-sombre-inclinees-dans-ios-26\/#primaryimage"},"image":{"@id":"https:\/\/vieassociative.be\/actualites\/comment-corriger-les-icones-dapplication-de-mode-sombre-inclinees-dans-ios-26\/#primaryimage"},"thumbnailUrl":"https:\/\/vieassociative.be\/actualites\/wp-content\/uploads\/2025\/09\/1758071833_Comment-corriger-les-icones-dapplication-de-mode-sombre-inclinees-dans.png","datePublished":"2025-09-17T01:17:12+00:00","dateModified":"2025-09-17T01:17:12+00:00","breadcrumb":{"@id":"https:\/\/vieassociative.be\/actualites\/comment-corriger-les-icones-dapplication-de-mode-sombre-inclinees-dans-ios-26\/#breadcrumb"},"inLanguage":"fr-BE","potentialAction":[{"@type":"ReadAction","target":["https:\/\/vieassociative.be\/actualites\/comment-corriger-les-icones-dapplication-de-mode-sombre-inclinees-dans-ios-26\/"]}]},{"@type":"ImageObject","inLanguage":"fr-BE","@id":"https:\/\/vieassociative.be\/actualites\/comment-corriger-les-icones-dapplication-de-mode-sombre-inclinees-dans-ios-26\/#primaryimage","url":"https:\/\/vieassociative.be\/actualites\/wp-content\/uploads\/2025\/09\/1758071833_Comment-corriger-les-icones-dapplication-de-mode-sombre-inclinees-dans.png","contentUrl":"https:\/\/vieassociative.be\/actualites\/wp-content\/uploads\/2025\/09\/1758071833_Comment-corriger-les-icones-dapplication-de-mode-sombre-inclinees-dans.png","width":1200,"height":675,"caption":"Comment corriger les ic\u00f4nes d'application de mode sombre \u00abinclin\u00e9es dans iOS 26"},{"@type":"BreadcrumbList","@id":"https:\/\/vieassociative.be\/actualites\/comment-corriger-les-icones-dapplication-de-mode-sombre-inclinees-dans-ios-26\/#breadcrumb","itemListElement":[{"@type":"ListItem","position":1,"name":"Accueil","item":"https:\/\/vieassociative.be\/actualites\/"},{"@type":"ListItem","position":2,"name":"Comment corriger les ic\u00f4nes d&rsquo;application de mode sombre \u00abinclin\u00e9es dans iOS 26"}]},{"@type":"WebSite","@id":"https:\/\/vieassociative.be\/actualites\/#website","url":"https:\/\/vieassociative.be\/actualites\/","name":"Vie Associative","description":"","publisher":{"@id":"https:\/\/vieassociative.be\/actualites\/#organization"},"potentialAction":[{"@type":"SearchAction","target":{"@type":"EntryPoint","urlTemplate":"https:\/\/vieassociative.be\/actualites\/?s={search_term_string}"},"query-input":{"@type":"PropertyValueSpecification","valueRequired":true,"valueName":"search_term_string"}}],"inLanguage":"fr-BE"},{"@type":"Organization","@id":"https:\/\/vieassociative.be\/actualites\/#organization","name":"Vie Associative","url":"https:\/\/vieassociative.be\/actualites\/","logo":{"@type":"ImageObject","inLanguage":"fr-BE","@id":"https:\/\/vieassociative.be\/actualites\/#\/schema\/logo\/image\/","url":"https:\/\/vieassociative.be\/actualites\/wp-content\/uploads\/2024\/09\/cropped-vieassociative_favicon.ico.png","contentUrl":"https:\/\/vieassociative.be\/actualites\/wp-content\/uploads\/2024\/09\/cropped-vieassociative_favicon.ico.png","width":512,"height":512,"caption":"Vie Associative"},"image":{"@id":"https:\/\/vieassociative.be\/actualites\/#\/schema\/logo\/image\/"}},{"@type":"Person","@id":"https:\/\/vieassociative.be\/actualites\/#\/schema\/person\/b87ac4f82f9d4e7b7cec7395b679edc4","name":"Julien","image":{"@type":"ImageObject","inLanguage":"fr-BE","@id":"https:\/\/vieassociative.be\/actualites\/#\/schema\/person\/image\/","url":"https:\/\/vieassociative.be\/actualites\/wp-content\/uploads\/2024\/09\/vie-associative-1-150x150.jpg","contentUrl":"https:\/\/vieassociative.be\/actualites\/wp-content\/uploads\/2024\/09\/vie-associative-1-150x150.jpg","caption":"Julien"},"description":"Je suis Julien, r\u00e9dacteur pour Vie Associative. Passionn\u00e9 par le monde associatif depuis plus de 10 ans, j'ai \u00e0 c\u0153ur de partager des histoires inspirantes et de mettre en lumi\u00e8re les initiatives locales. Mon objectif est de sensibiliser et d'encourager l'engagement communautaire \u00e0 travers mes articles.","sameAs":["https:\/\/vieassociative.be\/"]}]}},"_links":{"self":[{"href":"https:\/\/vieassociative.be\/actualites\/wp-json\/wp\/v2\/posts\/10082"}],"collection":[{"href":"https:\/\/vieassociative.be\/actualites\/wp-json\/wp\/v2\/posts"}],"about":[{"href":"https:\/\/vieassociative.be\/actualites\/wp-json\/wp\/v2\/types\/post"}],"author":[{"embeddable":true,"href":"https:\/\/vieassociative.be\/actualites\/wp-json\/wp\/v2\/users\/1"}],"replies":[{"embeddable":true,"href":"https:\/\/vieassociative.be\/actualites\/wp-json\/wp\/v2\/comments?post=10082"}],"version-history":[{"count":0,"href":"https:\/\/vieassociative.be\/actualites\/wp-json\/wp\/v2\/posts\/10082\/revisions"}],"wp:featuredmedia":[{"embeddable":true,"href":"https:\/\/vieassociative.be\/actualites\/wp-json\/wp\/v2\/media\/10083"}],"wp:attachment":[{"href":"https:\/\/vieassociative.be\/actualites\/wp-json\/wp\/v2\/media?parent=10082"}],"wp:term":[{"taxonomy":"category","embeddable":true,"href":"https:\/\/vieassociative.be\/actualites\/wp-json\/wp\/v2\/categories?post=10082"},{"taxonomy":"post_tag","embeddable":true,"href":"https:\/\/vieassociative.be\/actualites\/wp-json\/wp\/v2\/tags?post=10082"}],"curies":[{"name":"wp","href":"https:\/\/api.w.org\/{rel}","templated":true}]}}