{"id":10080,"date":"2025-09-16T22:17:21","date_gmt":"2025-09-16T20:17:21","guid":{"rendered":"https:\/\/vieassociative.be\/actualites\/grandios-union-saint-gilloie-commence-3-1-victoire-au-psv-eindhoven-en-ligaphase-de-la-ligue-des-champions\/"},"modified":"2025-09-16T22:17:21","modified_gmt":"2025-09-16T20:17:21","slug":"grandios-union-saint-gilloie-commence-3-1-victoire-au-psv-eindhoven-en-ligaphase-de-la-ligue-des-champions","status":"publish","type":"post","link":"https:\/\/vieassociative.be\/actualites\/grandios-union-saint-gilloie-commence-3-1-victoire-au-psv-eindhoven-en-ligaphase-de-la-ligue-des-champions\/","title":{"rendered":"Grandios: Union Saint-Gilloie commence 3-1 victoire au PSV Eindhoven en Ligaphase de la Ligue des champions"},"content":{"rendered":"<p><strong>Les champions de la ligue ont commenc\u00e9 avec une grande surprise. L&rsquo;Union Saint-Gilloie a \u00e9galement impressionn\u00e9 l&rsquo;Europe lors de son tout premier match dans la premi\u00e8re classe. Le ma\u00eetre belge a gagn\u00e9 3-1 au champion n\u00e9erlandais PSV Eindhoven.<\/strong><\/p>\n<p><span id=\"more-424736\"><\/span>L&rsquo;Union Saint-Gilloise est officiellement mont\u00e9e dans la ligue des grandes mardi et a d\u00e9couvert la Ligue des champions. En raison du plan de match d\u00e9favorable, les Bruxelles savaient que leur premier match \u00e0 l&rsquo;ext\u00e9rieur au PSV deviendrait d&rsquo;une grande importance s&rsquo;ils voulaient r\u00eaver du top 24.<\/p>\n<div id=\"attachment_424739\" class=\"wp-caption alignleft\" style=\"max-width: 300px\"><img fetchpriority=\"high\" decoding=\"async\" class=\"wp-image-424739 size-medium\" src=\"https:\/\/vieassociative.be\/actualites\/wp-content\/uploads\/2025\/09\/Grandios-Union-Saint-Gilloie-commence-3-1-victoire-au-PSV-Eindhoven-en.jpg\" alt=\"\" width=\"300\" height=\"200\"><\/div>\n<p>Le jeu a finalement offert ce qui \u00e9tait attendu: une rencontre globale \u00e9quilibr\u00e9e mais plut\u00f4t d\u00e9brid\u00e9e et spectaculaire.<\/p>\n<p>Chaque petit d\u00e9tail peut compter dans de tels matchs, et l&rsquo;\u00e9quipe la plus efficace est souvent en avance. Le PSV a probablement appris cela \u00e0 ses d\u00e9pens. Apr\u00e8s seulement six minutes, les N\u00e9erlandais auraient pu prendre les devants \u00e0 travers Saibari, mais dont le tir vient de passer le but (6e).<\/p>\n<p>Il n&rsquo;a fallu que deux minutes pour que le premier but d&rsquo;aller &#8230; pour l&rsquo;union gr\u00e2ce \u00e0 une p\u00e9nalit\u00e9 de David (8e). Le syndicat \u00e9tait initialement sup\u00e9rieur, mais les h\u00f4tes ont ensuite trouv\u00e9 de mieux en mieux le jeu jusqu&rsquo;\u00e0 ce que Ruben Van Bommel, le fils de l&rsquo;ancien ma\u00eetre n\u00e9erlandais, ait marqu\u00e9 la barre transversale avec un joli coup (16e). Cependant, l&rsquo;objectif de la soir\u00e9e est all\u00e9 \u00e0 Ait El Hadj, qui a organis\u00e9 une excellente course en solo (39.). Union a men\u00e9 0: 2 \u00e0 la pause et a pu croire en une belle victoire plus que jamais.<\/p>\n<div id=\"attachment_424740\" class=\"wp-caption alignleft\" style=\"max-width: 300px\"><img decoding=\"async\" class=\"wp-image-424740 size-medium\" src=\"https:\/\/vieassociative.be\/actualites\/wp-content\/uploads\/2025\/09\/1758053841_873_Grandios-Union-Saint-Gilloie-commence-3-1-victoire-au-PSV-Eindhoven-en.jpg\" alt=\"\" width=\"300\" height=\"200\"><\/div>\n<p>Apr\u00e8s la pause, l&rsquo;impression de la premi\u00e8re moiti\u00e9 s&rsquo;est renforc\u00e9e. Avec son dos au mur, le PSV a pris le contr\u00f4le du ballon et a pouss\u00e9 vers l&rsquo;avant. Malheureusement, les N\u00e9erlandais ont \u00e9chou\u00e9 \u00e0 plusieurs reprises en raison de la d\u00e9fense de Bruxelles. Sans un autre tir manqu\u00e9 par Saibari (55e), qui \u00e9tait toujours flagrant que le pr\u00e9c\u00e9dent, le stade aurait pu \u00e9clater d&rsquo;enthousiasme.<\/p>\n<p>Petit \u00e0 petit, le PSV n&rsquo;\u00e9tait plus en mesure de devenir dangereux, donc Scherpen a pass\u00e9 une soir\u00e9e tr\u00e8s calme. \u00c0 la fin du match, Union a utilis\u00e9 la situation comme une \u00e9quipe exp\u00e9riment\u00e9e et a mis fin \u00e0 la tension avec un but de Mac Allister apr\u00e8s un coin &#8230; avec la cuisse (81e).<\/p>\n<p>Dans le temps suppl\u00e9mentaire, Van Bommel a toujours sauv\u00e9 l&rsquo;honneur de son \u00e9quipe en raccourcissant le d\u00e9ficit. En fin de compte, cet objectif n&rsquo;\u00e9tait qu&rsquo;une note marginale dans cette rencontre, dans laquelle Union a remport\u00e9 une victoire importante (1: 3) pour son entr\u00e9e dans le tournoi. (Cre)<\/p>\n<p><em><strong>Sur le sujet, voir \u00e9galement l&rsquo;article suivant sur OD:<\/strong><\/em><\/p>\n<div class=\"responsive-embed widescreen\">\n<blockquote class=\"wp-embedded-content\" data-secret=\"zjrcPcahXb\">\n<p>Les champions de la Ligue League commence &#8211; avec Union St. Gillo\u00efse et Bruges (Questions et r\u00e9ponses)<\/p>\n<\/blockquote>\n<p><iframe loading=\"lazy\" class=\"wp-embedded-content\" sandbox=\"allow-scripts\" security=\"restricted\" style=\"position: absolute; visibility: hidden;\" title=\"\u201eDie Ligaphase der Champions League beginnt \u2013 mit Union St. Gilloise und Br\u00fcgge (Fragen &amp; Antworten)\u201c \u2014 Ostbelgien Direkt\" src=\"https:\/\/ostbelgiendirekt.be\/about:blank\" data-secret=\"zjrcPcahXb\" width=\"500\" height=\"282\" frameborder=\"0\" marginwidth=\"0\" marginheight=\"0\" scrolling=\"no\" data-rocket-lazyload=\"fitvidscompatible\" data-lazy-src=\"https:\/\/ostbelgiendirekt.be\/ligaphase-champions-league-424687\/embed#?secret=ftzAcwDnub#?secret=zjrcPcahXb\"><\/iframe><noscript><iframe class=\"wp-embedded-content\" sandbox=\"allow-scripts\" security=\"restricted\" style=\"position: absolute; visibility: hidden;\" title=\"\u201eDie Ligaphase der Champions League beginnt \u2013 mit Union St. Gilloise und Br\u00fcgge (Fragen &amp; Antworten)\u201c \u2014 Ostbelgien Direkt\" src=\"https:\/\/ostbelgiendirekt.be\/ligaphase-champions-league-424687\/embed#?secret=ftzAcwDnub#?secret=zjrcPcahXb\" data-secret=\"zjrcPcahXb\" width=\"500\" height=\"282\" frameborder=\"0\" marginwidth=\"0\" marginheight=\"0\" scrolling=\"no\"><\/iframe><\/noscript><\/p>\n<\/div>\n","protected":false},"excerpt":{"rendered":"<p>Les champions de la ligue ont commenc\u00e9 avec une grande surprise. L&rsquo;Union Saint-Gilloie a \u00e9galement impressionn\u00e9 l&rsquo;Europe lors de son tout premier match dans la<\/p>\n","protected":false},"author":1,"featured_media":10081,"comment_status":"","ping_status":"","sticky":false,"template":"","format":"standard","meta":{"footnotes":""},"categories":[298],"tags":[2818,1051,29,8578,8576,8579,2817,8577,6934,4627,784],"class_list":["post-10080","post","type-post","status-publish","format-standard","has-post-thumbnail","hentry","category-belgique","tag-champions","tag-commence","tag-des","tag-eindhoven","tag-grandios","tag-ligaphase","tag-ligue","tag-psv","tag-saintgilloie","tag-union","tag-victoire","generate-columns","tablet-grid-50","mobile-grid-100","grid-parent","grid-33"],"yoast_head":"<!-- This site is optimized with the Yoast SEO plugin v24.0 - https:\/\/yoast.com\/wordpress\/plugins\/seo\/ -->\n<title>Grandios: Union Saint-Gilloie commence 3-1 victoire au PSV Eindhoven en Ligaphase de la Ligue des champions | Vie Associative<\/title>\n<meta name=\"robots\" content=\"index, follow, max-snippet:-1, max-image-preview:large, max-video-preview:-1\" \/>\n<link rel=\"canonical\" href=\"https:\/\/vieassociative.be\/actualites\/grandios-union-saint-gilloie-commence-3-1-victoire-au-psv-eindhoven-en-ligaphase-de-la-ligue-des-champions\/\" \/>\n<meta property=\"og:locale\" content=\"fr_FR\" \/>\n<meta property=\"og:type\" content=\"article\" \/>\n<meta property=\"og:title\" content=\"Grandios: Union Saint-Gilloie commence 3-1 victoire au PSV Eindhoven en Ligaphase de la Ligue des champions | Vie Associative\" \/>\n<meta property=\"og:description\" content=\"Les champions de la ligue ont commenc\u00e9 avec une grande surprise. L&rsquo;Union Saint-Gilloie a \u00e9galement impressionn\u00e9 l&rsquo;Europe lors de son tout premier match dans la\" \/>\n<meta property=\"og:url\" content=\"https:\/\/vieassociative.be\/actualites\/grandios-union-saint-gilloie-commence-3-1-victoire-au-psv-eindhoven-en-ligaphase-de-la-ligue-des-champions\/\" \/>\n<meta property=\"og:site_name\" content=\"Vie Associative\" \/>\n<meta property=\"article:published_time\" content=\"2025-09-16T20:17:21+00:00\" \/>\n<meta property=\"og:image\" content=\"https:\/\/vieassociative.be\/actualites\/wp-content\/uploads\/2024\/09\/header_backgroundk-01-e1726694325946.png\" \/>\n\t<meta property=\"og:image:width\" content=\"279\" \/>\n\t<meta property=\"og:image:height\" content=\"92\" \/>\n\t<meta property=\"og:image:type\" content=\"image\/png\" \/>\n<meta name=\"author\" content=\"Julien\" \/>\n<meta name=\"twitter:card\" content=\"summary_large_image\" \/>\n<meta name=\"twitter:label1\" content=\"\u00c9crit par\" \/>\n\t<meta name=\"twitter:data1\" content=\"Julien\" \/>\n\t<meta name=\"twitter:label2\" content=\"Dur\u00e9e de lecture est.\" \/>\n\t<meta name=\"twitter:data2\" content=\"2 minutes\" \/>\n<script type=\"application\/ld+json\" class=\"yoast-schema-graph\">{\"@context\":\"https:\/\/schema.org\",\"@graph\":[{\"@type\":\"Article\",\"@id\":\"https:\/\/vieassociative.be\/actualites\/grandios-union-saint-gilloie-commence-3-1-victoire-au-psv-eindhoven-en-ligaphase-de-la-ligue-des-champions\/#article\",\"isPartOf\":{\"@id\":\"https:\/\/vieassociative.be\/actualites\/grandios-union-saint-gilloie-commence-3-1-victoire-au-psv-eindhoven-en-ligaphase-de-la-ligue-des-champions\/\"},\"author\":{\"name\":\"Julien\",\"@id\":\"https:\/\/vieassociative.be\/actualites\/#\/schema\/person\/b87ac4f82f9d4e7b7cec7395b679edc4\"},\"headline\":\"Grandios: Union Saint-Gilloie commence 3-1 victoire au PSV Eindhoven en Ligaphase de la Ligue des champions\",\"datePublished\":\"2025-09-16T20:17:21+00:00\",\"dateModified\":\"2025-09-16T20:17:21+00:00\",\"mainEntityOfPage\":{\"@id\":\"https:\/\/vieassociative.be\/actualites\/grandios-union-saint-gilloie-commence-3-1-victoire-au-psv-eindhoven-en-ligaphase-de-la-ligue-des-champions\/\"},\"wordCount\":505,\"publisher\":{\"@id\":\"https:\/\/vieassociative.be\/actualites\/#organization\"},\"image\":{\"@id\":\"https:\/\/vieassociative.be\/actualites\/grandios-union-saint-gilloie-commence-3-1-victoire-au-psv-eindhoven-en-ligaphase-de-la-ligue-des-champions\/#primaryimage\"},\"thumbnailUrl\":\"https:\/\/vieassociative.be\/actualites\/wp-content\/uploads\/2025\/09\/1758053842_Grandios-Union-Saint-Gilloie-commence-3-1-victoire-au-PSV-Eindhoven-en.jpg\",\"keywords\":[\"Champions\",\"commenc\u00e9\",\"Des\",\"Eindhoven\",\"Grandios\",\"Ligaphase\",\"Ligue\",\"PSV\",\"SaintGilloie\",\"Union\",\"victoire\"],\"articleSection\":[\"Belgique\"],\"inLanguage\":\"fr-BE\"},{\"@type\":\"WebPage\",\"@id\":\"https:\/\/vieassociative.be\/actualites\/grandios-union-saint-gilloie-commence-3-1-victoire-au-psv-eindhoven-en-ligaphase-de-la-ligue-des-champions\/\",\"url\":\"https:\/\/vieassociative.be\/actualites\/grandios-union-saint-gilloie-commence-3-1-victoire-au-psv-eindhoven-en-ligaphase-de-la-ligue-des-champions\/\",\"name\":\"Grandios: Union Saint-Gilloie commence 3-1 victoire au PSV Eindhoven en Ligaphase de la Ligue des champions | Vie Associative\",\"isPartOf\":{\"@id\":\"https:\/\/vieassociative.be\/actualites\/#website\"},\"primaryImageOfPage\":{\"@id\":\"https:\/\/vieassociative.be\/actualites\/grandios-union-saint-gilloie-commence-3-1-victoire-au-psv-eindhoven-en-ligaphase-de-la-ligue-des-champions\/#primaryimage\"},\"image\":{\"@id\":\"https:\/\/vieassociative.be\/actualites\/grandios-union-saint-gilloie-commence-3-1-victoire-au-psv-eindhoven-en-ligaphase-de-la-ligue-des-champions\/#primaryimage\"},\"thumbnailUrl\":\"https:\/\/vieassociative.be\/actualites\/wp-content\/uploads\/2025\/09\/1758053842_Grandios-Union-Saint-Gilloie-commence-3-1-victoire-au-PSV-Eindhoven-en.jpg\",\"datePublished\":\"2025-09-16T20:17:21+00:00\",\"dateModified\":\"2025-09-16T20:17:21+00:00\",\"breadcrumb\":{\"@id\":\"https:\/\/vieassociative.be\/actualites\/grandios-union-saint-gilloie-commence-3-1-victoire-au-psv-eindhoven-en-ligaphase-de-la-ligue-des-champions\/#breadcrumb\"},\"inLanguage\":\"fr-BE\",\"potentialAction\":[{\"@type\":\"ReadAction\",\"target\":[\"https:\/\/vieassociative.be\/actualites\/grandios-union-saint-gilloie-commence-3-1-victoire-au-psv-eindhoven-en-ligaphase-de-la-ligue-des-champions\/\"]}]},{\"@type\":\"ImageObject\",\"inLanguage\":\"fr-BE\",\"@id\":\"https:\/\/vieassociative.be\/actualites\/grandios-union-saint-gilloie-commence-3-1-victoire-au-psv-eindhoven-en-ligaphase-de-la-ligue-des-champions\/#primaryimage\",\"url\":\"https:\/\/vieassociative.be\/actualites\/wp-content\/uploads\/2025\/09\/1758053842_Grandios-Union-Saint-Gilloie-commence-3-1-victoire-au-PSV-Eindhoven-en.jpg\",\"contentUrl\":\"https:\/\/vieassociative.be\/actualites\/wp-content\/uploads\/2025\/09\/1758053842_Grandios-Union-Saint-Gilloie-commence-3-1-victoire-au-PSV-Eindhoven-en.jpg\",\"width\":1200,\"height\":800,\"caption\":\"Grandios: Union Saint-Gilloie commence 3-1 victoire au PSV Eindhoven en Ligaphase de la Ligue des champions\"},{\"@type\":\"BreadcrumbList\",\"@id\":\"https:\/\/vieassociative.be\/actualites\/grandios-union-saint-gilloie-commence-3-1-victoire-au-psv-eindhoven-en-ligaphase-de-la-ligue-des-champions\/#breadcrumb\",\"itemListElement\":[{\"@type\":\"ListItem\",\"position\":1,\"name\":\"Accueil\",\"item\":\"https:\/\/vieassociative.be\/actualites\/\"},{\"@type\":\"ListItem\",\"position\":2,\"name\":\"Grandios: Union Saint-Gilloie commence 3-1 victoire au PSV Eindhoven en Ligaphase de la Ligue des champions\"}]},{\"@type\":\"WebSite\",\"@id\":\"https:\/\/vieassociative.be\/actualites\/#website\",\"url\":\"https:\/\/vieassociative.be\/actualites\/\",\"name\":\"Vie Associative\",\"description\":\"\",\"publisher\":{\"@id\":\"https:\/\/vieassociative.be\/actualites\/#organization\"},\"potentialAction\":[{\"@type\":\"SearchAction\",\"target\":{\"@type\":\"EntryPoint\",\"urlTemplate\":\"https:\/\/vieassociative.be\/actualites\/?s={search_term_string}\"},\"query-input\":{\"@type\":\"PropertyValueSpecification\",\"valueRequired\":true,\"valueName\":\"search_term_string\"}}],\"inLanguage\":\"fr-BE\"},{\"@type\":\"Organization\",\"@id\":\"https:\/\/vieassociative.be\/actualites\/#organization\",\"name\":\"Vie Associative\",\"url\":\"https:\/\/vieassociative.be\/actualites\/\",\"logo\":{\"@type\":\"ImageObject\",\"inLanguage\":\"fr-BE\",\"@id\":\"https:\/\/vieassociative.be\/actualites\/#\/schema\/logo\/image\/\",\"url\":\"https:\/\/vieassociative.be\/actualites\/wp-content\/uploads\/2024\/09\/cropped-vieassociative_favicon.ico.png\",\"contentUrl\":\"https:\/\/vieassociative.be\/actualites\/wp-content\/uploads\/2024\/09\/cropped-vieassociative_favicon.ico.png\",\"width\":512,\"height\":512,\"caption\":\"Vie Associative\"},\"image\":{\"@id\":\"https:\/\/vieassociative.be\/actualites\/#\/schema\/logo\/image\/\"}},{\"@type\":\"Person\",\"@id\":\"https:\/\/vieassociative.be\/actualites\/#\/schema\/person\/b87ac4f82f9d4e7b7cec7395b679edc4\",\"name\":\"Julien\",\"image\":{\"@type\":\"ImageObject\",\"inLanguage\":\"fr-BE\",\"@id\":\"https:\/\/vieassociative.be\/actualites\/#\/schema\/person\/image\/\",\"url\":\"https:\/\/vieassociative.be\/actualites\/wp-content\/uploads\/2024\/09\/vie-associative-1-150x150.jpg\",\"contentUrl\":\"https:\/\/vieassociative.be\/actualites\/wp-content\/uploads\/2024\/09\/vie-associative-1-150x150.jpg\",\"caption\":\"Julien\"},\"description\":\"Je suis Julien, r\u00e9dacteur pour Vie Associative. Passionn\u00e9 par le monde associatif depuis plus de 10 ans, j'ai \u00e0 c\u0153ur de partager des histoires inspirantes et de mettre en lumi\u00e8re les initiatives locales. Mon objectif est de sensibiliser et d'encourager l'engagement communautaire \u00e0 travers mes articles.\",\"sameAs\":[\"https:\/\/vieassociative.be\/\"]}]}<\/script>\n<!-- \/ Yoast SEO plugin. -->","yoast_head_json":{"title":"Grandios: Union Saint-Gilloie commence 3-1 victoire au PSV Eindhoven en Ligaphase de la Ligue des champions | Vie Associative","robots":{"index":"index","follow":"follow","max-snippet":"max-snippet:-1","max-image-preview":"max-image-preview:large","max-video-preview":"max-video-preview:-1"},"canonical":"https:\/\/vieassociative.be\/actualites\/grandios-union-saint-gilloie-commence-3-1-victoire-au-psv-eindhoven-en-ligaphase-de-la-ligue-des-champions\/","og_locale":"fr_FR","og_type":"article","og_title":"Grandios: Union Saint-Gilloie commence 3-1 victoire au PSV Eindhoven en Ligaphase de la Ligue des champions | Vie Associative","og_description":"Les champions de la ligue ont commenc\u00e9 avec une grande surprise. L&rsquo;Union Saint-Gilloie a \u00e9galement impressionn\u00e9 l&rsquo;Europe lors de son tout premier match dans la","og_url":"https:\/\/vieassociative.be\/actualites\/grandios-union-saint-gilloie-commence-3-1-victoire-au-psv-eindhoven-en-ligaphase-de-la-ligue-des-champions\/","og_site_name":"Vie Associative","article_published_time":"2025-09-16T20:17:21+00:00","og_image":[{"width":279,"height":92,"url":"https:\/\/vieassociative.be\/actualites\/wp-content\/uploads\/2024\/09\/header_backgroundk-01-e1726694325946.png","type":"image\/png"}],"author":"Julien","twitter_card":"summary_large_image","twitter_misc":{"\u00c9crit par":"Julien","Dur\u00e9e de lecture est.":"2 minutes"},"schema":{"@context":"https:\/\/schema.org","@graph":[{"@type":"Article","@id":"https:\/\/vieassociative.be\/actualites\/grandios-union-saint-gilloie-commence-3-1-victoire-au-psv-eindhoven-en-ligaphase-de-la-ligue-des-champions\/#article","isPartOf":{"@id":"https:\/\/vieassociative.be\/actualites\/grandios-union-saint-gilloie-commence-3-1-victoire-au-psv-eindhoven-en-ligaphase-de-la-ligue-des-champions\/"},"author":{"name":"Julien","@id":"https:\/\/vieassociative.be\/actualites\/#\/schema\/person\/b87ac4f82f9d4e7b7cec7395b679edc4"},"headline":"Grandios: Union Saint-Gilloie commence 3-1 victoire au PSV Eindhoven en Ligaphase de la Ligue des champions","datePublished":"2025-09-16T20:17:21+00:00","dateModified":"2025-09-16T20:17:21+00:00","mainEntityOfPage":{"@id":"https:\/\/vieassociative.be\/actualites\/grandios-union-saint-gilloie-commence-3-1-victoire-au-psv-eindhoven-en-ligaphase-de-la-ligue-des-champions\/"},"wordCount":505,"publisher":{"@id":"https:\/\/vieassociative.be\/actualites\/#organization"},"image":{"@id":"https:\/\/vieassociative.be\/actualites\/grandios-union-saint-gilloie-commence-3-1-victoire-au-psv-eindhoven-en-ligaphase-de-la-ligue-des-champions\/#primaryimage"},"thumbnailUrl":"https:\/\/vieassociative.be\/actualites\/wp-content\/uploads\/2025\/09\/1758053842_Grandios-Union-Saint-Gilloie-commence-3-1-victoire-au-PSV-Eindhoven-en.jpg","keywords":["Champions","commenc\u00e9","Des","Eindhoven","Grandios","Ligaphase","Ligue","PSV","SaintGilloie","Union","victoire"],"articleSection":["Belgique"],"inLanguage":"fr-BE"},{"@type":"WebPage","@id":"https:\/\/vieassociative.be\/actualites\/grandios-union-saint-gilloie-commence-3-1-victoire-au-psv-eindhoven-en-ligaphase-de-la-ligue-des-champions\/","url":"https:\/\/vieassociative.be\/actualites\/grandios-union-saint-gilloie-commence-3-1-victoire-au-psv-eindhoven-en-ligaphase-de-la-ligue-des-champions\/","name":"Grandios: Union Saint-Gilloie commence 3-1 victoire au PSV Eindhoven en Ligaphase de la Ligue des champions | Vie Associative","isPartOf":{"@id":"https:\/\/vieassociative.be\/actualites\/#website"},"primaryImageOfPage":{"@id":"https:\/\/vieassociative.be\/actualites\/grandios-union-saint-gilloie-commence-3-1-victoire-au-psv-eindhoven-en-ligaphase-de-la-ligue-des-champions\/#primaryimage"},"image":{"@id":"https:\/\/vieassociative.be\/actualites\/grandios-union-saint-gilloie-commence-3-1-victoire-au-psv-eindhoven-en-ligaphase-de-la-ligue-des-champions\/#primaryimage"},"thumbnailUrl":"https:\/\/vieassociative.be\/actualites\/wp-content\/uploads\/2025\/09\/1758053842_Grandios-Union-Saint-Gilloie-commence-3-1-victoire-au-PSV-Eindhoven-en.jpg","datePublished":"2025-09-16T20:17:21+00:00","dateModified":"2025-09-16T20:17:21+00:00","breadcrumb":{"@id":"https:\/\/vieassociative.be\/actualites\/grandios-union-saint-gilloie-commence-3-1-victoire-au-psv-eindhoven-en-ligaphase-de-la-ligue-des-champions\/#breadcrumb"},"inLanguage":"fr-BE","potentialAction":[{"@type":"ReadAction","target":["https:\/\/vieassociative.be\/actualites\/grandios-union-saint-gilloie-commence-3-1-victoire-au-psv-eindhoven-en-ligaphase-de-la-ligue-des-champions\/"]}]},{"@type":"ImageObject","inLanguage":"fr-BE","@id":"https:\/\/vieassociative.be\/actualites\/grandios-union-saint-gilloie-commence-3-1-victoire-au-psv-eindhoven-en-ligaphase-de-la-ligue-des-champions\/#primaryimage","url":"https:\/\/vieassociative.be\/actualites\/wp-content\/uploads\/2025\/09\/1758053842_Grandios-Union-Saint-Gilloie-commence-3-1-victoire-au-PSV-Eindhoven-en.jpg","contentUrl":"https:\/\/vieassociative.be\/actualites\/wp-content\/uploads\/2025\/09\/1758053842_Grandios-Union-Saint-Gilloie-commence-3-1-victoire-au-PSV-Eindhoven-en.jpg","width":1200,"height":800,"caption":"Grandios: Union Saint-Gilloie commence 3-1 victoire au PSV Eindhoven en Ligaphase de la Ligue des champions"},{"@type":"BreadcrumbList","@id":"https:\/\/vieassociative.be\/actualites\/grandios-union-saint-gilloie-commence-3-1-victoire-au-psv-eindhoven-en-ligaphase-de-la-ligue-des-champions\/#breadcrumb","itemListElement":[{"@type":"ListItem","position":1,"name":"Accueil","item":"https:\/\/vieassociative.be\/actualites\/"},{"@type":"ListItem","position":2,"name":"Grandios: Union Saint-Gilloie commence 3-1 victoire au PSV Eindhoven en Ligaphase de la Ligue des champions"}]},{"@type":"WebSite","@id":"https:\/\/vieassociative.be\/actualites\/#website","url":"https:\/\/vieassociative.be\/actualites\/","name":"Vie Associative","description":"","publisher":{"@id":"https:\/\/vieassociative.be\/actualites\/#organization"},"potentialAction":[{"@type":"SearchAction","target":{"@type":"EntryPoint","urlTemplate":"https:\/\/vieassociative.be\/actualites\/?s={search_term_string}"},"query-input":{"@type":"PropertyValueSpecification","valueRequired":true,"valueName":"search_term_string"}}],"inLanguage":"fr-BE"},{"@type":"Organization","@id":"https:\/\/vieassociative.be\/actualites\/#organization","name":"Vie Associative","url":"https:\/\/vieassociative.be\/actualites\/","logo":{"@type":"ImageObject","inLanguage":"fr-BE","@id":"https:\/\/vieassociative.be\/actualites\/#\/schema\/logo\/image\/","url":"https:\/\/vieassociative.be\/actualites\/wp-content\/uploads\/2024\/09\/cropped-vieassociative_favicon.ico.png","contentUrl":"https:\/\/vieassociative.be\/actualites\/wp-content\/uploads\/2024\/09\/cropped-vieassociative_favicon.ico.png","width":512,"height":512,"caption":"Vie Associative"},"image":{"@id":"https:\/\/vieassociative.be\/actualites\/#\/schema\/logo\/image\/"}},{"@type":"Person","@id":"https:\/\/vieassociative.be\/actualites\/#\/schema\/person\/b87ac4f82f9d4e7b7cec7395b679edc4","name":"Julien","image":{"@type":"ImageObject","inLanguage":"fr-BE","@id":"https:\/\/vieassociative.be\/actualites\/#\/schema\/person\/image\/","url":"https:\/\/vieassociative.be\/actualites\/wp-content\/uploads\/2024\/09\/vie-associative-1-150x150.jpg","contentUrl":"https:\/\/vieassociative.be\/actualites\/wp-content\/uploads\/2024\/09\/vie-associative-1-150x150.jpg","caption":"Julien"},"description":"Je suis Julien, r\u00e9dacteur pour Vie Associative. Passionn\u00e9 par le monde associatif depuis plus de 10 ans, j'ai \u00e0 c\u0153ur de partager des histoires inspirantes et de mettre en lumi\u00e8re les initiatives locales. Mon objectif est de sensibiliser et d'encourager l'engagement communautaire \u00e0 travers mes articles.","sameAs":["https:\/\/vieassociative.be\/"]}]}},"_links":{"self":[{"href":"https:\/\/vieassociative.be\/actualites\/wp-json\/wp\/v2\/posts\/10080"}],"collection":[{"href":"https:\/\/vieassociative.be\/actualites\/wp-json\/wp\/v2\/posts"}],"about":[{"href":"https:\/\/vieassociative.be\/actualites\/wp-json\/wp\/v2\/types\/post"}],"author":[{"embeddable":true,"href":"https:\/\/vieassociative.be\/actualites\/wp-json\/wp\/v2\/users\/1"}],"replies":[{"embeddable":true,"href":"https:\/\/vieassociative.be\/actualites\/wp-json\/wp\/v2\/comments?post=10080"}],"version-history":[{"count":0,"href":"https:\/\/vieassociative.be\/actualites\/wp-json\/wp\/v2\/posts\/10080\/revisions"}],"wp:featuredmedia":[{"embeddable":true,"href":"https:\/\/vieassociative.be\/actualites\/wp-json\/wp\/v2\/media\/10081"}],"wp:attachment":[{"href":"https:\/\/vieassociative.be\/actualites\/wp-json\/wp\/v2\/media?parent=10080"}],"wp:term":[{"taxonomy":"category","embeddable":true,"href":"https:\/\/vieassociative.be\/actualites\/wp-json\/wp\/v2\/categories?post=10080"},{"taxonomy":"post_tag","embeddable":true,"href":"https:\/\/vieassociative.be\/actualites\/wp-json\/wp\/v2\/tags?post=10080"}],"curies":[{"name":"wp","href":"https:\/\/api.w.org\/{rel}","templated":true}]}}