{"id":10078,"date":"2025-09-16T21:21:02","date_gmt":"2025-09-16T19:21:02","guid":{"rendered":"https:\/\/vieassociative.be\/actualites\/jai-essaye-la-nouvelle-machine-a-ramer-de-lhydrow-et-je-comprends-enfin-pourquoi-les-gens-aiment-ramer\/"},"modified":"2025-09-16T21:21:02","modified_gmt":"2025-09-16T19:21:02","slug":"jai-essaye-la-nouvelle-machine-a-ramer-de-lhydrow-et-je-comprends-enfin-pourquoi-les-gens-aiment-ramer","status":"publish","type":"post","link":"https:\/\/vieassociative.be\/actualites\/jai-essaye-la-nouvelle-machine-a-ramer-de-lhydrow-et-je-comprends-enfin-pourquoi-les-gens-aiment-ramer\/","title":{"rendered":"J&rsquo;ai essay\u00e9 la nouvelle machine \u00e0 ramer de l&rsquo;hydrow, et je comprends enfin pourquoi les gens aiment ramer"},"content":{"rendered":"<div class=\"mt-4 leading-6 md:mb-8\">C&rsquo;est comme Peloton pour les rameurs, et je suis amoureux.<\/div>\n<p><\/p>\n<p><em>Saviez-vous que vous pouvez personnaliser Google pour filtrer les ordures? Prendre ces \u00e9tapes<\/em><em>  Pour de meilleurs r\u00e9sultats de recherche, notamment en ajoutant mon travail chez Vie Associative comme source pr\u00e9f\u00e9r\u00e9e<\/em><em>.<\/em><\/p>\n<hr>\n<p>En tant que personne qui passe la majeure partie de mon temps de formation \u00e0 marteler la chauss\u00e9e en pr\u00e9paration des marathons, je dois admettre que l&rsquo;aviron a toujours \u00e9t\u00e9 comme un territoire \u00e9tranger. Bien s\u00fbr, je monterais sur la machine d&rsquo;aviron occasionnelle au gymnase pour la formation crois\u00e9e, mais je ne suis jamais vraiment <em>a obtenu<\/em> il. Tout cela a chang\u00e9 lorsque j&rsquo;ai eu l&rsquo;occasion de tester la nouvelle version de Hydraw &#8211; le rameur de l&rsquo;arc Hydrow &#8211; qui a \u00e9t\u00e9 lanc\u00e9 aujourd&rsquo;hui avec des fonctionnalit\u00e9s tr\u00e8s impressionnantes aliment\u00e9es par AI.<\/p>\n<p>Je viens de commencer \u00e0 le tester, alors restez \u00e0 l&rsquo;\u00e9coute pour mon examen approfondi de l&rsquo;arc plus tard ce mois-ci. Pour l&rsquo;instant, voici mes premi\u00e8res impressions de la derni\u00e8re machine d&rsquo;aviron de haute technologie d&rsquo;Hydraw.<\/p>\n<div class=\"mx-auto mb-12 mt-5 w-full max-w-3xl rounded-md border-2 border-gray-100 p-3 shadow-md md:px-7 md:pb-7 md:pt-5\" id=\"related-video\">\n<div class=\"mb-3 flex items-center md:mb-5\">\n        <img decoding=\"async\" class=\"mr-4 mt-0 h-10 w-10 md:mr-5 md:h-12 md:w-12\" src=\"https:\/\/vieassociative.be\/actualites\/wp-content\/uploads\/2025\/09\/1757726237_608_Meta-pourrait-devoiler-une-montre-intelligente-pour-controler-ses-lunettes.jpg\" alt=\"Logo Lifehacker\"><\/p><\/div>\n<div class=\"aspect-video w-full overflow-hidden rounded-md\">\n<div id=\"video-container-01K59YPSF5QEBNRHEVW46F1BCB\"><\/div>\n<\/p><\/div>\n<\/div>\n<div class=\"pogoClear mb-12 mt-10 rounded-md border-2 border-gray-100 py-7 shadow-xl md:py-6\">\n<div class=\"flex flex-wrap justify-between px-7 text-black no-underline md:flex-nowrap md:px-8\">\n<div class=\"order-1 mx-auto flex flex-col justify-center md:order-2 md:ml-4 md:w-full md:grow\">\n<div class=\"block cursor-pointer text-center font-akshar text-2xl font-medium leading-7 text-brand-green duration-200 ease-in-out hover:text-brand-green-700 md:text-left md:text-xl md:leading-6\">Rameur \u00e0 arc d&rsquo;hydrow\n                <\/div>\n<div class=\"mt-4 hidden md:flex md:justify-between\">\n<div class=\"self-end\">\n<div class=\"mb-0 h-11 md:flex md:flex-col md:justify-center\">\n<div class=\" font-sans leading-4 text-black\">\n<div class=\"flex flex-wrap items-center justify-center gap-1 md:justify-start\">\n        <span class=\"font-bold\"><\/p>\n<p>            2 295,00 $<br \/>\n                            <span class=\"font-medium\">\u00e0 l&rsquo;hydrow<\/span><br \/>\n                    <\/span>\n            <\/div>\n<\/p><\/div>\n<\/p><\/div>\n<\/p><\/div>\n<div class=\"w-44 self-end\">\n                            <button class=\"flex justify-center items-center w-full bg-brand-green text-white text-base font-sans font-medium rounded-md hover:bg-brand-green-700 hover:cursor-pointer md:text-sm h-11\"><\/p>\n<p>    Faire des magasins maintenant<br \/>\n<\/button>\n                        <\/div>\n<\/p><\/div>\n<\/p><\/div>\n<div class=\"order-2 mt-5 h-auto w-full md:order-1 md:mt-0 md:hidden\">\n<div class=\"flex aspect-video items-center justify-center\">\n                                            <img decoding=\"async\" class=\"m-0 max-h-full max-w-full rounded-md\" src=\"https:\/\/vieassociative.be\/actualites\/wp-content\/uploads\/2025\/09\/Jai-essaye-la-nouvelle-machine-a-ramer-de-lhydrow-et.webp.webp\" alt=\"Rameur \u00e0 arc d'hydrow\" width=\"auto\" height=\"auto\" loading=\"lazy\">\n                                    <\/div>\n<\/p><\/div>\n<div class=\"order-2 ml-2 hidden w-32 shrink-0 items-center md:order-1 md:ml-0 md:flex\">\n<div class=\"flex aspect-video items-center justify-center\">\n                                            <img decoding=\"async\" class=\"m-0 max-h-full max-w-full rounded-md\" src=\"https:\/\/vieassociative.be\/actualites\/wp-content\/uploads\/2025\/09\/Jai-essaye-la-nouvelle-machine-a-ramer-de-lhydrow-et.webp.webp\" alt=\"Rameur \u00e0 arc d'hydrow\" width=\"auto\" height=\"auto\" loading=\"lazy\">\n                                    <\/div>\n<\/p><\/div>\n<div class=\"order-3 flex grow flex-wrap md:hidden md:grow-0\">\n<div class=\"mt-4 w-full\">\n                        <button class=\"flex justify-center items-center w-full bg-brand-green text-white text-base font-sans font-medium rounded-md hover:bg-brand-green-700 hover:cursor-pointer md:text-sm h-11\"><\/p>\n<p>    Faire des magasins maintenant<br \/>\n<\/button>\n                    <\/div>\n<div class=\"mx-2 mt-4 w-full\">\n<div class=\" font-sans leading-4 text-black\">\n<div class=\"flex flex-wrap items-center justify-center gap-1 md:justify-start\">\n        <span class=\"font-bold\"><\/p>\n<p>            2 295,00 $<br \/>\n                            <span class=\"font-medium\">\u00e0 l&rsquo;hydrow<\/span><br \/>\n                    <\/span>\n            <\/div>\n<\/p><\/div>\n<\/p><\/div>\n<\/p><\/div>\n<\/p><\/div>\n<\/div>\n<h2 id=\"first-impressions\">Premi\u00e8res impressions<\/h2>\n<p>D\u00e8s la sortie de la porte, l&rsquo;arc a l&rsquo;impression que ce que j&rsquo;imagine se produirait si Peloton d\u00e9cidait de faire une machine \u00e0 aviron. La qualit\u00e9 de construction est imm\u00e9diatement apparente. En d&rsquo;autres termes, il se sent haut de gamme par rapport au rameur typique de votre gymnase local. L&rsquo;\u00e9cran tactile est grand et limpide, et l&rsquo;esth\u00e9tique globale crie un \u00e9quipement de fitness \u00e0 domicile premium.<\/p>\n<div class=\"eloquent-imagery-image\">\n<div class=\"flex justify-center\">\n                    <img decoding=\"async\" class=\"border border-gray-100\" src=\"https:\/\/vieassociative.be\/actualites\/wp-content\/uploads\/2025\/09\/Jai-essaye-la-nouvelle-machine-a-ramer-de-lhydrow-et.jpg\" alt=\"Rameur \u00e0 arc d'hydrow\" width=\"2000\" height=\"1125\" loading=\"lazy\"  >\n            <\/div>\n<\/p><\/div>\n<p>Parce que voici ce qui m&rsquo;a le plus frapp\u00e9 en tant que coureur: le mouvement est incroyablement fluide et intuitif. J&rsquo;ai utilis\u00e9 beaucoup de machines \u00e0 radiation dans divers gymnases au fil des ans, et il y a g\u00e9n\u00e9ralement cette sensation maladroite et d\u00e9connect\u00e9e. L&rsquo;arc \u00e9limine enti\u00e8rement cela. La diff\u00e9rence est comme comparer un v\u00e9lo stationnaire bon march\u00e9 dans votre gymnase local \u00e0 une configuration de cyclisme int\u00e9rieure haut de gamme.<\/p>\n<p>La caract\u00e9ristique hors concours qui distingue l&rsquo;arc est sans aucun doute hydrom\u00e9trique, le \u00absyst\u00e8me de mesure de la r\u00e9sistance propri\u00e9taire\u00bb de Hydraw. En tant que personne obs\u00e9d\u00e9e par les mesures de course (rythme, zones de fr\u00e9quence cardiaque, cadence, vous l&rsquo;appelez), j&rsquo;ai \u00e9t\u00e9 imm\u00e9diatement intrigu\u00e9 par la promesse d&rsquo;un score intelligent pour l&rsquo;aviron.<\/p>\n<p>Voici comment cela fonctionne:<\/p>\n<ul>\n<li>\n<p>Terminez au moins trois entra\u00eenements d&rsquo;aviron (plus de 5 minutes, \u00e0 l&rsquo;exclusion des \u00e9chauffements et des refroidissements).<\/p>\n<\/li>\n<li>\n<p>Hydrom\u00e9trie analyse vos performances et fournit une notation.<\/p>\n<\/li>\n<li>\n<p>Cliquez sur \u00ab\u00a0Appuyez sur Hydrometrics\u00a0\u00bb sur l&rsquo;\u00e9cran de vos statistiques d&rsquo;entra\u00eenement pour plonger plus profond\u00e9ment dans vos donn\u00e9es.<\/p>\n<\/li>\n<li>\n<p>Le syst\u00e8me propuls\u00e9 par l&rsquo;IA vous aide \u00e0 comprendre vos performances et motive les progr\u00e8s continus vers les objectifs de force.<\/p>\n<\/li>\n<\/ul>\n<div class=\"eloquent-imagery-image\">\n<div class=\"flex justify-center\">\n                    <img decoding=\"async\" class=\"border border-gray-100\" src=\"https:\/\/vieassociative.be\/actualites\/wp-content\/uploads\/2025\/09\/1758050462_87_Jai-essaye-la-nouvelle-machine-a-ramer-de-lhydrow-et.jpg\" alt=\"Rameur \u00e0 arc d'hydrow\" width=\"2000\" height=\"1125\" loading=\"lazy\"  >\n            <\/div>\n<\/p><\/div>\n<div class=\"eloquent-imagery-image\">\n<div class=\"flex justify-center\">\n                    <img decoding=\"async\" class=\"border border-gray-100\" src=\"https:\/\/vieassociative.be\/actualites\/wp-content\/uploads\/2025\/09\/1758050462_298_Jai-essaye-la-nouvelle-machine-a-ramer-de-lhydrow-et.jpg\" alt=\"Rameur \u00e0 arc d'hydrow\" width=\"2000\" height=\"1125\" loading=\"lazy\"  >\n            <\/div>\n<\/p><\/div>\n<p>Ce qui m&rsquo;a le plus impressionn\u00e9, c&rsquo;est comment le syst\u00e8me ne vous a pas simplement jet\u00e9 des num\u00e9ros. En tant que personne qui ne conna\u00eet pas l&rsquo;aviron, j&rsquo;ai trouv\u00e9 que cela fournissait en fait un contexte et des id\u00e9es exploitables. En tant qu&rsquo;athl\u00e8te bas\u00e9 sur les donn\u00e9es, cela a r\u00e9sonn\u00e9 avec moi imm\u00e9diatement.<\/p>\n<h2 id=\"learning-proper-form-finally\">Apprendre une forme appropri\u00e9e (enfin)<\/h2>\n<p>Une autre premi\u00e8re impression forte: les vid\u00e9os pratiques de Hydraw sont exceptionnelles. En tant que personne qui m&#8217;embarrassait probablement sur les rameurs depuis des ann\u00e9es, ces tutoriels rapides \u00e9taient r\u00e9v\u00e9lateurs. Ils r\u00e9pondent aux questions que je ne savais m\u00eame pas que je devrais demander: mes talons devraient-ils soulever pendant la motion? Suis-je en train de conduire correctement la puissance de mes jambes, ou simplement de tirer avec mes bras?<\/p>\n<p>La qualit\u00e9 des instructions me fait r\u00e9fl\u00e9chir \u00e0 toutes ces fois o\u00f9 j&rsquo;ai saut\u00e9 sans r\u00e9fl\u00e9chir sur un rameur pour une \u00ab\u00a0session cardio rapide\u00a0\u00bb sans aucune technique r\u00e9elle. Maintenant, je comprends pourquoi l&rsquo;aviron ne s&rsquo;est jamais senti particuli\u00e8rement efficace pour moi auparavant.<\/p>\n<div class=\"eloquent-imagery-image\">\n<div class=\"flex justify-center\">\n                    <img decoding=\"async\" class=\"border border-gray-100\" src=\"https:\/\/vieassociative.be\/actualites\/wp-content\/uploads\/2025\/09\/1758050462_441_Jai-essaye-la-nouvelle-machine-a-ramer-de-lhydrow-et.jpg\" alt=\"Rameur \u00e0 arc d'hydrow\" width=\"2000\" height=\"1125\" loading=\"lazy\"  >\n            <\/div>\n<\/p><\/div>\n<p>Personnellement, ce qui m&rsquo;excite le plus dans l&rsquo;arc, c&rsquo;est sa programmation sp\u00e9cifique \u00e0 la course disponible dans son catalogue. En tant que coureurs de marathon, nous recherchons toujours une formation crois\u00e9e efficace qui compl\u00e8te notre course sans ajouter un stress d&rsquo;impact inutile. L&rsquo;aviron v\u00e9rifie toutes ces cases: il est \u00e0 faible impact, fonctionne diff\u00e9rents groupes musculaires et offre d&rsquo;excellents avantages cardiovasculaires.<\/p>\n<p>L&rsquo;arc va plus loin avec des programmes de course d\u00e9di\u00e9s qui semblent con\u00e7us sp\u00e9cifiquement pour des gens comme moi. Apr\u00e8s avoir termin\u00e9 ma premi\u00e8re session, j&rsquo;ai imm\u00e9diatement suivi avec un refroidissement du yoga de cinq minutes, et la transition transparente entre les activit\u00e9s \u00e9tait naturelle dans l&rsquo;\u00e9cosyst\u00e8me (un autre moment qui me fait penser \u00e0 l&rsquo;\u00e9cosyst\u00e8me de Peloton).<\/p>\n<h2 id=\"technical-specs-that-matter\">Sp\u00e9cifications techniques qui comptent<\/h2>\n<p>Si vous \u00eates d\u00e9j\u00e0 un fan des machines d&rsquo;aviron d&rsquo;hydrow ou \u00e0 domicile, voici ce que vous devez savoir. L&rsquo;ARC partage la m\u00eame empreinte que le rameur d&rsquo;origine phare d&rsquo;Hydraw (anciennement le Pro), mais contient beaucoup plus de puissance de traitement sous le capot. Il pr\u00e9tend que le mat\u00e9riel am\u00e9lior\u00e9 prend en charge les progr\u00e8s constants de l&rsquo;IA que les fonctionnalit\u00e9s de puissance comme l&rsquo;hydrom\u00e9trie fournissent plus de m\u00e9moire pour un fonctionnement plus lisse et offre un meilleur son par des haut-parleurs am\u00e9lior\u00e9s. L&rsquo;\u00e9cran \u00e0 \u00e9cran tactile de 24 \u00ab\u00a0est \u00e9galement une mise \u00e0 niveau qui vaut la peine d&rsquo;\u00eatre \u00e9crite \u00e0 la maison. Il est beaucoup plus facile de travailler avec autant d&rsquo;options vid\u00e9o livr\u00e9es dans une telle exp\u00e9rience de visualisation de qualit\u00e9. <\/p>\n<p>Mais soyons honn\u00eates au sujet des inconv\u00e9nients. Cette machine est <em>substantiel<\/em>. C&rsquo;est un \u00e9norme 147 livres, mesurant 86 \u00ab\u00a0L x 25\u00a0\u00bb W x 48 \u00ab\u00a0h. Nous parlons d&rsquo;\u00e9quipement s\u00e9rieux ici, pas quelque chose que vous rentrez avec d\u00e9sinvolture dans un coin. Bien qu&rsquo;il y ait une option de stockage verticale, l&rsquo;arc est d\u00e9finitivement le mieux adapt\u00e9 aux personnes avec une salle de gym \u00e0 domicile d\u00e9di\u00e9e. Vivant dans un petit appartement de Brooklyn, je me suis retrouv\u00e9 \u00e0 avoir plus de place pour faire un fixation permanent.<\/p>\n<p>L&rsquo;autre consid\u00e9ration est le prix et l&rsquo;engagement. Il s&rsquo;agit d&rsquo;un \u00e9quipement premium avec un prix premium, et vous voudrez vous assurer que vous allez r\u00e9ellement l&rsquo;utiliser de mani\u00e8re coh\u00e9rente pour justifier l&rsquo;investissement de 2 295 $. En savoir plus \u00e0 ce sujet dans mon examen officiel, \u00e0 venir bient\u00f4t.<\/p>\n<h2 id=\"bottom-line-this-could-be-my-cross-training-obsession\">Conclusion: cela pourrait \u00eatre mon obsession de formation crois\u00e9e<\/h2>\n<p>Apr\u00e8s plusieurs s\u00e9ances sur l&rsquo;arc, je suis vraiment excit\u00e9 d&rsquo;int\u00e9grer l&rsquo;aviron dans ma routine d&rsquo;entra\u00eenement d&rsquo;une mani\u00e8re plus significative. La combinaison d&rsquo;une instruction appropri\u00e9e, de mesures intelligentes et d&rsquo;une programmation sp\u00e9cifique \u00e0 l&rsquo;ex\u00e9cution traite de chaque plainte que j&rsquo;ai eu concernant les machines d&rsquo;aviron traditionnelles.<\/p>\n<p>Comme avec Peloton pour le v\u00e9lo, il ne s&rsquo;agit pas seulement d&rsquo;avoir une machine \u00e0 la maison; Il s&rsquo;agit d&rsquo;avoir acc\u00e8s \u00e0 un \u00e9cosyst\u00e8me de formation complet qui comprend et soutient vos objectifs. Les fonctionnalit\u00e9s aliment\u00e9es par l&rsquo;IA comme Hydrom\u00e9trie fournissent le type de r\u00e9troaction bas\u00e9e sur les donn\u00e9es que les coureurs s\u00e9rieux appr\u00e9cient, tandis que le contenu p\u00e9dagogique garantit que vous tirez le meilleur parti de chaque session. Si vous avez l&rsquo;espace et le budget pour les \u00e9quipements de fitness \u00e0 domicile premium, l&rsquo;ARC m\u00e9rite une consid\u00e9ration s\u00e9rieuse comme votre prochain investissement en formation.<\/p>\n<p><em>Je suis encore dans les premiers stades de test de l&rsquo;ARC, et je fournirai des informations plus d\u00e9taill\u00e9es alors que je continue d&rsquo;explorer ses fonctionnalit\u00e9s et ses programmes au cours des prochaines semaines.<\/em><\/p>\n","protected":false},"excerpt":{"rendered":"<p>C&rsquo;est comme Peloton pour les rameurs, et je suis amoureux. Saviez-vous que vous pouvez personnaliser Google pour filtrer les ordures? Prendre ces \u00e9tapes Pour de<\/p>\n","protected":false},"author":1,"featured_media":10079,"comment_status":"","ping_status":"","sticky":false,"template":"","format":"standard","meta":{"footnotes":""},"categories":[38],"tags":[1381,8575,545,2258,1046,823,14,8574,4570,491,734,8573],"class_list":["post-10078","post","type-post","status-publish","format-standard","has-post-thumbnail","hentry","category-sante","tag-aiment","tag-comprends","tag-enfin","tag-essaye","tag-gens","tag-jai","tag-les","tag-lhydrow","tag-machine","tag-nouvelle","tag-pourquoi","tag-ramer","generate-columns","tablet-grid-50","mobile-grid-100","grid-parent","grid-33"],"yoast_head":"<!-- This site is optimized with the Yoast SEO plugin v24.0 - https:\/\/yoast.com\/wordpress\/plugins\/seo\/ -->\n<title>J&#039;ai essay\u00e9 la nouvelle machine \u00e0 ramer de l&#039;hydrow, et je comprends enfin pourquoi les gens aiment ramer | Vie Associative<\/title>\n<meta name=\"robots\" content=\"index, follow, max-snippet:-1, max-image-preview:large, max-video-preview:-1\" \/>\n<link rel=\"canonical\" href=\"https:\/\/vieassociative.be\/actualites\/jai-essaye-la-nouvelle-machine-a-ramer-de-lhydrow-et-je-comprends-enfin-pourquoi-les-gens-aiment-ramer\/\" \/>\n<meta property=\"og:locale\" content=\"fr_FR\" \/>\n<meta property=\"og:type\" content=\"article\" \/>\n<meta property=\"og:title\" content=\"J&#039;ai essay\u00e9 la nouvelle machine \u00e0 ramer de l&#039;hydrow, et je comprends enfin pourquoi les gens aiment ramer | Vie Associative\" \/>\n<meta property=\"og:description\" content=\"C&rsquo;est comme Peloton pour les rameurs, et je suis amoureux. Saviez-vous que vous pouvez personnaliser Google pour filtrer les ordures? Prendre ces \u00e9tapes Pour de\" \/>\n<meta property=\"og:url\" content=\"https:\/\/vieassociative.be\/actualites\/jai-essaye-la-nouvelle-machine-a-ramer-de-lhydrow-et-je-comprends-enfin-pourquoi-les-gens-aiment-ramer\/\" \/>\n<meta property=\"og:site_name\" content=\"Vie Associative\" \/>\n<meta property=\"article:published_time\" content=\"2025-09-16T19:21:02+00:00\" \/>\n<meta property=\"og:image\" content=\"https:\/\/vieassociative.be\/actualites\/wp-content\/uploads\/2025\/09\/1757726237_608_Meta-pourrait-devoiler-une-montre-intelligente-pour-controler-ses-lunettes.jpg\" \/>\n<meta name=\"author\" content=\"Julien\" \/>\n<meta name=\"twitter:card\" content=\"summary_large_image\" \/>\n<meta name=\"twitter:label1\" content=\"\u00c9crit par\" \/>\n\t<meta name=\"twitter:data1\" content=\"Julien\" \/>\n\t<meta name=\"twitter:label2\" content=\"Dur\u00e9e de lecture est.\" \/>\n\t<meta name=\"twitter:data2\" content=\"6 minutes\" \/>\n<script type=\"application\/ld+json\" class=\"yoast-schema-graph\">{\"@context\":\"https:\/\/schema.org\",\"@graph\":[{\"@type\":\"Article\",\"@id\":\"https:\/\/vieassociative.be\/actualites\/jai-essaye-la-nouvelle-machine-a-ramer-de-lhydrow-et-je-comprends-enfin-pourquoi-les-gens-aiment-ramer\/#article\",\"isPartOf\":{\"@id\":\"https:\/\/vieassociative.be\/actualites\/jai-essaye-la-nouvelle-machine-a-ramer-de-lhydrow-et-je-comprends-enfin-pourquoi-les-gens-aiment-ramer\/\"},\"author\":{\"name\":\"Julien\",\"@id\":\"https:\/\/vieassociative.be\/actualites\/#\/schema\/person\/b87ac4f82f9d4e7b7cec7395b679edc4\"},\"headline\":\"J&rsquo;ai essay\u00e9 la nouvelle machine \u00e0 ramer de l&rsquo;hydrow, et je comprends enfin pourquoi les gens aiment ramer\",\"datePublished\":\"2025-09-16T19:21:02+00:00\",\"dateModified\":\"2025-09-16T19:21:02+00:00\",\"mainEntityOfPage\":{\"@id\":\"https:\/\/vieassociative.be\/actualites\/jai-essaye-la-nouvelle-machine-a-ramer-de-lhydrow-et-je-comprends-enfin-pourquoi-les-gens-aiment-ramer\/\"},\"wordCount\":1385,\"publisher\":{\"@id\":\"https:\/\/vieassociative.be\/actualites\/#organization\"},\"image\":{\"@id\":\"https:\/\/vieassociative.be\/actualites\/jai-essaye-la-nouvelle-machine-a-ramer-de-lhydrow-et-je-comprends-enfin-pourquoi-les-gens-aiment-ramer\/#primaryimage\"},\"thumbnailUrl\":\"https:\/\/vieassociative.be\/actualites\/wp-content\/uploads\/2025\/09\/Jai-essaye-la-nouvelle-machine-a-ramer-de-lhydrow-et.png\",\"keywords\":[\"aiment\",\"comprends\",\"enfin\",\"essay\u00e9\",\"gens\",\"Jai\",\"Les\",\"lhydrow\",\"machine\",\"nouvelle\",\"Pourquoi\",\"ramer\"],\"articleSection\":[\"Sant\u00e9\"],\"inLanguage\":\"fr-BE\"},{\"@type\":\"WebPage\",\"@id\":\"https:\/\/vieassociative.be\/actualites\/jai-essaye-la-nouvelle-machine-a-ramer-de-lhydrow-et-je-comprends-enfin-pourquoi-les-gens-aiment-ramer\/\",\"url\":\"https:\/\/vieassociative.be\/actualites\/jai-essaye-la-nouvelle-machine-a-ramer-de-lhydrow-et-je-comprends-enfin-pourquoi-les-gens-aiment-ramer\/\",\"name\":\"J'ai essay\u00e9 la nouvelle machine \u00e0 ramer de l'hydrow, et je comprends enfin pourquoi les gens aiment ramer | Vie Associative\",\"isPartOf\":{\"@id\":\"https:\/\/vieassociative.be\/actualites\/#website\"},\"primaryImageOfPage\":{\"@id\":\"https:\/\/vieassociative.be\/actualites\/jai-essaye-la-nouvelle-machine-a-ramer-de-lhydrow-et-je-comprends-enfin-pourquoi-les-gens-aiment-ramer\/#primaryimage\"},\"image\":{\"@id\":\"https:\/\/vieassociative.be\/actualites\/jai-essaye-la-nouvelle-machine-a-ramer-de-lhydrow-et-je-comprends-enfin-pourquoi-les-gens-aiment-ramer\/#primaryimage\"},\"thumbnailUrl\":\"https:\/\/vieassociative.be\/actualites\/wp-content\/uploads\/2025\/09\/Jai-essaye-la-nouvelle-machine-a-ramer-de-lhydrow-et.png\",\"datePublished\":\"2025-09-16T19:21:02+00:00\",\"dateModified\":\"2025-09-16T19:21:02+00:00\",\"breadcrumb\":{\"@id\":\"https:\/\/vieassociative.be\/actualites\/jai-essaye-la-nouvelle-machine-a-ramer-de-lhydrow-et-je-comprends-enfin-pourquoi-les-gens-aiment-ramer\/#breadcrumb\"},\"inLanguage\":\"fr-BE\",\"potentialAction\":[{\"@type\":\"ReadAction\",\"target\":[\"https:\/\/vieassociative.be\/actualites\/jai-essaye-la-nouvelle-machine-a-ramer-de-lhydrow-et-je-comprends-enfin-pourquoi-les-gens-aiment-ramer\/\"]}]},{\"@type\":\"ImageObject\",\"inLanguage\":\"fr-BE\",\"@id\":\"https:\/\/vieassociative.be\/actualites\/jai-essaye-la-nouvelle-machine-a-ramer-de-lhydrow-et-je-comprends-enfin-pourquoi-les-gens-aiment-ramer\/#primaryimage\",\"url\":\"https:\/\/vieassociative.be\/actualites\/wp-content\/uploads\/2025\/09\/Jai-essaye-la-nouvelle-machine-a-ramer-de-lhydrow-et.png\",\"contentUrl\":\"https:\/\/vieassociative.be\/actualites\/wp-content\/uploads\/2025\/09\/Jai-essaye-la-nouvelle-machine-a-ramer-de-lhydrow-et.png\",\"width\":1200,\"height\":675,\"caption\":\"J'ai essay\u00e9 la nouvelle machine \u00e0 ramer de l'hydrow, et je comprends enfin pourquoi les gens aiment ramer\"},{\"@type\":\"BreadcrumbList\",\"@id\":\"https:\/\/vieassociative.be\/actualites\/jai-essaye-la-nouvelle-machine-a-ramer-de-lhydrow-et-je-comprends-enfin-pourquoi-les-gens-aiment-ramer\/#breadcrumb\",\"itemListElement\":[{\"@type\":\"ListItem\",\"position\":1,\"name\":\"Accueil\",\"item\":\"https:\/\/vieassociative.be\/actualites\/\"},{\"@type\":\"ListItem\",\"position\":2,\"name\":\"J&rsquo;ai essay\u00e9 la nouvelle machine \u00e0 ramer de l&rsquo;hydrow, et je comprends enfin pourquoi les gens aiment ramer\"}]},{\"@type\":\"WebSite\",\"@id\":\"https:\/\/vieassociative.be\/actualites\/#website\",\"url\":\"https:\/\/vieassociative.be\/actualites\/\",\"name\":\"Vie Associative\",\"description\":\"\",\"publisher\":{\"@id\":\"https:\/\/vieassociative.be\/actualites\/#organization\"},\"potentialAction\":[{\"@type\":\"SearchAction\",\"target\":{\"@type\":\"EntryPoint\",\"urlTemplate\":\"https:\/\/vieassociative.be\/actualites\/?s={search_term_string}\"},\"query-input\":{\"@type\":\"PropertyValueSpecification\",\"valueRequired\":true,\"valueName\":\"search_term_string\"}}],\"inLanguage\":\"fr-BE\"},{\"@type\":\"Organization\",\"@id\":\"https:\/\/vieassociative.be\/actualites\/#organization\",\"name\":\"Vie Associative\",\"url\":\"https:\/\/vieassociative.be\/actualites\/\",\"logo\":{\"@type\":\"ImageObject\",\"inLanguage\":\"fr-BE\",\"@id\":\"https:\/\/vieassociative.be\/actualites\/#\/schema\/logo\/image\/\",\"url\":\"https:\/\/vieassociative.be\/actualites\/wp-content\/uploads\/2024\/09\/cropped-vieassociative_favicon.ico.png\",\"contentUrl\":\"https:\/\/vieassociative.be\/actualites\/wp-content\/uploads\/2024\/09\/cropped-vieassociative_favicon.ico.png\",\"width\":512,\"height\":512,\"caption\":\"Vie Associative\"},\"image\":{\"@id\":\"https:\/\/vieassociative.be\/actualites\/#\/schema\/logo\/image\/\"}},{\"@type\":\"Person\",\"@id\":\"https:\/\/vieassociative.be\/actualites\/#\/schema\/person\/b87ac4f82f9d4e7b7cec7395b679edc4\",\"name\":\"Julien\",\"image\":{\"@type\":\"ImageObject\",\"inLanguage\":\"fr-BE\",\"@id\":\"https:\/\/vieassociative.be\/actualites\/#\/schema\/person\/image\/\",\"url\":\"https:\/\/vieassociative.be\/actualites\/wp-content\/uploads\/2024\/09\/vie-associative-1-150x150.jpg\",\"contentUrl\":\"https:\/\/vieassociative.be\/actualites\/wp-content\/uploads\/2024\/09\/vie-associative-1-150x150.jpg\",\"caption\":\"Julien\"},\"description\":\"Je suis Julien, r\u00e9dacteur pour Vie Associative. Passionn\u00e9 par le monde associatif depuis plus de 10 ans, j'ai \u00e0 c\u0153ur de partager des histoires inspirantes et de mettre en lumi\u00e8re les initiatives locales. Mon objectif est de sensibiliser et d'encourager l'engagement communautaire \u00e0 travers mes articles.\",\"sameAs\":[\"https:\/\/vieassociative.be\/\"]}]}<\/script>\n<!-- \/ Yoast SEO plugin. -->","yoast_head_json":{"title":"J'ai essay\u00e9 la nouvelle machine \u00e0 ramer de l'hydrow, et je comprends enfin pourquoi les gens aiment ramer | Vie Associative","robots":{"index":"index","follow":"follow","max-snippet":"max-snippet:-1","max-image-preview":"max-image-preview:large","max-video-preview":"max-video-preview:-1"},"canonical":"https:\/\/vieassociative.be\/actualites\/jai-essaye-la-nouvelle-machine-a-ramer-de-lhydrow-et-je-comprends-enfin-pourquoi-les-gens-aiment-ramer\/","og_locale":"fr_FR","og_type":"article","og_title":"J'ai essay\u00e9 la nouvelle machine \u00e0 ramer de l'hydrow, et je comprends enfin pourquoi les gens aiment ramer | Vie Associative","og_description":"C&rsquo;est comme Peloton pour les rameurs, et je suis amoureux. Saviez-vous que vous pouvez personnaliser Google pour filtrer les ordures? Prendre ces \u00e9tapes Pour de","og_url":"https:\/\/vieassociative.be\/actualites\/jai-essaye-la-nouvelle-machine-a-ramer-de-lhydrow-et-je-comprends-enfin-pourquoi-les-gens-aiment-ramer\/","og_site_name":"Vie Associative","article_published_time":"2025-09-16T19:21:02+00:00","og_image":[{"url":"https:\/\/vieassociative.be\/actualites\/wp-content\/uploads\/2025\/09\/1757726237_608_Meta-pourrait-devoiler-une-montre-intelligente-pour-controler-ses-lunettes.jpg","type":"","width":"","height":""}],"author":"Julien","twitter_card":"summary_large_image","twitter_misc":{"\u00c9crit par":"Julien","Dur\u00e9e de lecture est.":"6 minutes"},"schema":{"@context":"https:\/\/schema.org","@graph":[{"@type":"Article","@id":"https:\/\/vieassociative.be\/actualites\/jai-essaye-la-nouvelle-machine-a-ramer-de-lhydrow-et-je-comprends-enfin-pourquoi-les-gens-aiment-ramer\/#article","isPartOf":{"@id":"https:\/\/vieassociative.be\/actualites\/jai-essaye-la-nouvelle-machine-a-ramer-de-lhydrow-et-je-comprends-enfin-pourquoi-les-gens-aiment-ramer\/"},"author":{"name":"Julien","@id":"https:\/\/vieassociative.be\/actualites\/#\/schema\/person\/b87ac4f82f9d4e7b7cec7395b679edc4"},"headline":"J&rsquo;ai essay\u00e9 la nouvelle machine \u00e0 ramer de l&rsquo;hydrow, et je comprends enfin pourquoi les gens aiment ramer","datePublished":"2025-09-16T19:21:02+00:00","dateModified":"2025-09-16T19:21:02+00:00","mainEntityOfPage":{"@id":"https:\/\/vieassociative.be\/actualites\/jai-essaye-la-nouvelle-machine-a-ramer-de-lhydrow-et-je-comprends-enfin-pourquoi-les-gens-aiment-ramer\/"},"wordCount":1385,"publisher":{"@id":"https:\/\/vieassociative.be\/actualites\/#organization"},"image":{"@id":"https:\/\/vieassociative.be\/actualites\/jai-essaye-la-nouvelle-machine-a-ramer-de-lhydrow-et-je-comprends-enfin-pourquoi-les-gens-aiment-ramer\/#primaryimage"},"thumbnailUrl":"https:\/\/vieassociative.be\/actualites\/wp-content\/uploads\/2025\/09\/Jai-essaye-la-nouvelle-machine-a-ramer-de-lhydrow-et.png","keywords":["aiment","comprends","enfin","essay\u00e9","gens","Jai","Les","lhydrow","machine","nouvelle","Pourquoi","ramer"],"articleSection":["Sant\u00e9"],"inLanguage":"fr-BE"},{"@type":"WebPage","@id":"https:\/\/vieassociative.be\/actualites\/jai-essaye-la-nouvelle-machine-a-ramer-de-lhydrow-et-je-comprends-enfin-pourquoi-les-gens-aiment-ramer\/","url":"https:\/\/vieassociative.be\/actualites\/jai-essaye-la-nouvelle-machine-a-ramer-de-lhydrow-et-je-comprends-enfin-pourquoi-les-gens-aiment-ramer\/","name":"J'ai essay\u00e9 la nouvelle machine \u00e0 ramer de l'hydrow, et je comprends enfin pourquoi les gens aiment ramer | Vie Associative","isPartOf":{"@id":"https:\/\/vieassociative.be\/actualites\/#website"},"primaryImageOfPage":{"@id":"https:\/\/vieassociative.be\/actualites\/jai-essaye-la-nouvelle-machine-a-ramer-de-lhydrow-et-je-comprends-enfin-pourquoi-les-gens-aiment-ramer\/#primaryimage"},"image":{"@id":"https:\/\/vieassociative.be\/actualites\/jai-essaye-la-nouvelle-machine-a-ramer-de-lhydrow-et-je-comprends-enfin-pourquoi-les-gens-aiment-ramer\/#primaryimage"},"thumbnailUrl":"https:\/\/vieassociative.be\/actualites\/wp-content\/uploads\/2025\/09\/Jai-essaye-la-nouvelle-machine-a-ramer-de-lhydrow-et.png","datePublished":"2025-09-16T19:21:02+00:00","dateModified":"2025-09-16T19:21:02+00:00","breadcrumb":{"@id":"https:\/\/vieassociative.be\/actualites\/jai-essaye-la-nouvelle-machine-a-ramer-de-lhydrow-et-je-comprends-enfin-pourquoi-les-gens-aiment-ramer\/#breadcrumb"},"inLanguage":"fr-BE","potentialAction":[{"@type":"ReadAction","target":["https:\/\/vieassociative.be\/actualites\/jai-essaye-la-nouvelle-machine-a-ramer-de-lhydrow-et-je-comprends-enfin-pourquoi-les-gens-aiment-ramer\/"]}]},{"@type":"ImageObject","inLanguage":"fr-BE","@id":"https:\/\/vieassociative.be\/actualites\/jai-essaye-la-nouvelle-machine-a-ramer-de-lhydrow-et-je-comprends-enfin-pourquoi-les-gens-aiment-ramer\/#primaryimage","url":"https:\/\/vieassociative.be\/actualites\/wp-content\/uploads\/2025\/09\/Jai-essaye-la-nouvelle-machine-a-ramer-de-lhydrow-et.png","contentUrl":"https:\/\/vieassociative.be\/actualites\/wp-content\/uploads\/2025\/09\/Jai-essaye-la-nouvelle-machine-a-ramer-de-lhydrow-et.png","width":1200,"height":675,"caption":"J'ai essay\u00e9 la nouvelle machine \u00e0 ramer de l'hydrow, et je comprends enfin pourquoi les gens aiment ramer"},{"@type":"BreadcrumbList","@id":"https:\/\/vieassociative.be\/actualites\/jai-essaye-la-nouvelle-machine-a-ramer-de-lhydrow-et-je-comprends-enfin-pourquoi-les-gens-aiment-ramer\/#breadcrumb","itemListElement":[{"@type":"ListItem","position":1,"name":"Accueil","item":"https:\/\/vieassociative.be\/actualites\/"},{"@type":"ListItem","position":2,"name":"J&rsquo;ai essay\u00e9 la nouvelle machine \u00e0 ramer de l&rsquo;hydrow, et je comprends enfin pourquoi les gens aiment ramer"}]},{"@type":"WebSite","@id":"https:\/\/vieassociative.be\/actualites\/#website","url":"https:\/\/vieassociative.be\/actualites\/","name":"Vie Associative","description":"","publisher":{"@id":"https:\/\/vieassociative.be\/actualites\/#organization"},"potentialAction":[{"@type":"SearchAction","target":{"@type":"EntryPoint","urlTemplate":"https:\/\/vieassociative.be\/actualites\/?s={search_term_string}"},"query-input":{"@type":"PropertyValueSpecification","valueRequired":true,"valueName":"search_term_string"}}],"inLanguage":"fr-BE"},{"@type":"Organization","@id":"https:\/\/vieassociative.be\/actualites\/#organization","name":"Vie Associative","url":"https:\/\/vieassociative.be\/actualites\/","logo":{"@type":"ImageObject","inLanguage":"fr-BE","@id":"https:\/\/vieassociative.be\/actualites\/#\/schema\/logo\/image\/","url":"https:\/\/vieassociative.be\/actualites\/wp-content\/uploads\/2024\/09\/cropped-vieassociative_favicon.ico.png","contentUrl":"https:\/\/vieassociative.be\/actualites\/wp-content\/uploads\/2024\/09\/cropped-vieassociative_favicon.ico.png","width":512,"height":512,"caption":"Vie Associative"},"image":{"@id":"https:\/\/vieassociative.be\/actualites\/#\/schema\/logo\/image\/"}},{"@type":"Person","@id":"https:\/\/vieassociative.be\/actualites\/#\/schema\/person\/b87ac4f82f9d4e7b7cec7395b679edc4","name":"Julien","image":{"@type":"ImageObject","inLanguage":"fr-BE","@id":"https:\/\/vieassociative.be\/actualites\/#\/schema\/person\/image\/","url":"https:\/\/vieassociative.be\/actualites\/wp-content\/uploads\/2024\/09\/vie-associative-1-150x150.jpg","contentUrl":"https:\/\/vieassociative.be\/actualites\/wp-content\/uploads\/2024\/09\/vie-associative-1-150x150.jpg","caption":"Julien"},"description":"Je suis Julien, r\u00e9dacteur pour Vie Associative. Passionn\u00e9 par le monde associatif depuis plus de 10 ans, j'ai \u00e0 c\u0153ur de partager des histoires inspirantes et de mettre en lumi\u00e8re les initiatives locales. Mon objectif est de sensibiliser et d'encourager l'engagement communautaire \u00e0 travers mes articles.","sameAs":["https:\/\/vieassociative.be\/"]}]}},"_links":{"self":[{"href":"https:\/\/vieassociative.be\/actualites\/wp-json\/wp\/v2\/posts\/10078"}],"collection":[{"href":"https:\/\/vieassociative.be\/actualites\/wp-json\/wp\/v2\/posts"}],"about":[{"href":"https:\/\/vieassociative.be\/actualites\/wp-json\/wp\/v2\/types\/post"}],"author":[{"embeddable":true,"href":"https:\/\/vieassociative.be\/actualites\/wp-json\/wp\/v2\/users\/1"}],"replies":[{"embeddable":true,"href":"https:\/\/vieassociative.be\/actualites\/wp-json\/wp\/v2\/comments?post=10078"}],"version-history":[{"count":0,"href":"https:\/\/vieassociative.be\/actualites\/wp-json\/wp\/v2\/posts\/10078\/revisions"}],"wp:featuredmedia":[{"embeddable":true,"href":"https:\/\/vieassociative.be\/actualites\/wp-json\/wp\/v2\/media\/10079"}],"wp:attachment":[{"href":"https:\/\/vieassociative.be\/actualites\/wp-json\/wp\/v2\/media?parent=10078"}],"wp:term":[{"taxonomy":"category","embeddable":true,"href":"https:\/\/vieassociative.be\/actualites\/wp-json\/wp\/v2\/categories?post=10078"},{"taxonomy":"post_tag","embeddable":true,"href":"https:\/\/vieassociative.be\/actualites\/wp-json\/wp\/v2\/tags?post=10078"}],"curies":[{"name":"wp","href":"https:\/\/api.w.org\/{rel}","templated":true}]}}