{"id":10077,"date":"2025-09-16T16:17:07","date_gmt":"2025-09-16T14:17:07","guid":{"rendered":"https:\/\/vieassociative.be\/actualites\/lettre-a-lediteur-economies-dans-les-communautes-de-la-dg\/"},"modified":"2025-09-16T16:17:07","modified_gmt":"2025-09-16T14:17:07","slug":"lettre-a-lediteur-economies-dans-les-communautes-de-la-dg","status":"publish","type":"post","link":"https:\/\/vieassociative.be\/actualites\/lettre-a-lediteur-economies-dans-les-communautes-de-la-dg\/","title":{"rendered":"Lettre \u00e0 l&rsquo;\u00e9diteur &#8211; \u00c9conomies dans les communaut\u00e9s de la DG"},"content":{"rendered":"<p><strong>Je vois actuellement la r\u00e9union parlementaire \u00e0 Eupen (15.09.25). M. Paasch raves de ce que le gouvernement et le pass\u00e9 auraient r\u00e9alis\u00e9. Est-ce vraiment une r\u00e9ussite? <\/strong><\/p>\n<p><span id=\"more-424718\"><\/span>Ce n&rsquo;est toujours pas vraiment que nous laissons la prochaine g\u00e9n\u00e9ration une \u00e9norme montagne de dette.<\/p>\n<p>De plus, une \u00e9p\u00e9e de damocles sur la communaut\u00e9 allemande et la Belgique. <u>https:\/\/www.consilium.europa.eu\/de\/policies\/excessive-deficit-procedure\/<\/u><\/p>\n<p>Le gouvernement belge oriental estime toujours qu&rsquo;il peut investir d&rsquo;\u00e9normes quantit\u00e9s dans les b\u00e2timents et les institutions subventionn\u00e9es. Seulement qui paie les services de la part du gouvernement oriental et des municipalit\u00e9s? Cette fusion des bureaux a d\u00e9j\u00e0 commenc\u00e9 en Wallonie.<\/p>\n<p>La r\u00e9duction des structures administratives est l&rsquo;objectif express des nouvelles formes de municipalit\u00e9s en Wallonie. Les communaut\u00e9s fusionnent pour \u00e9conomiser les co\u00fbts administratifs: Bastogne-Bertogne. Il est temps de couper les vieilles tresses. Toutes les municipalit\u00e9s de l&rsquo;Est de la Belgique ne doivent pas avoir son propre pr\u00e9sident d&rsquo;\u00d6shz. Les communaut\u00e9s d&rsquo;Eifel en particulier pourraient commencer un \u00d6shz commun.<\/p>\n<p>Cela serait associ\u00e9 \u00e0 une r\u00e9duction \u00e0 un seul pr\u00e9sident commun d&rsquo;\u00d6shz. Je n&rsquo;ai pas trouv\u00e9 de chiffres concr\u00e8tes maintenant, mais je suppose qu&rsquo;un pr\u00e9sident d&rsquo;\u00d6shz re\u00e7oit \u00e0 peu pr\u00e8s un juge la\u00efc. Les salaires sont bas\u00e9s sur la population. Si un Eifel-Eshz \u00e9tait fond\u00e9 avec fictivit\u00e9, 4 salaires pouvaient \u00eatre sauv\u00e9s.<\/p>\n<p>Ensuite, un autre sujet survient sur la table: de nombreuses petites communaut\u00e9s sont tout simplement submerg\u00e9es par les autres comp\u00e9tences qui sont affect\u00e9es aux municipalit\u00e9s de la part de la DG. Un regroupement des forces des communaut\u00e9s semble in\u00e9vitable.<\/p>\n<p>Comment la composition des municipalit\u00e9s ne devrait pas \u00eatre pr\u00e9dite? Peut-\u00eatre, par exemple, les municipalit\u00e9s de B\u00fcllingen et de B\u00fctgenbach devraient fusionner? La nouvelle cour de construction \u00e0 B\u00fcllingen est presque \u00e0 la fronti\u00e8re de B\u00fctgenbach. Il y a certainement des candidats \u00e0 la fusion dans le nord?<\/p>\n<p><strong>16\/09\/2025 Marita Eichten, Einscheid, 4760 B\u00fcllingen<\/strong><\/p>\n","protected":false},"excerpt":{"rendered":"<p>Je vois actuellement la r\u00e9union parlementaire \u00e0 Eupen (15.09.25). M. Paasch raves de ce que le gouvernement et le pass\u00e9 auraient r\u00e9alis\u00e9. Est-ce vraiment une<\/p>\n","protected":false},"author":1,"featured_media":2567,"comment_status":"","ping_status":"","sticky":false,"template":"","format":"standard","meta":{"footnotes":""},"categories":[298],"tags":[2612,166,2931,4400,14,2628],"class_list":["post-10077","post","type-post","status-publish","format-standard","has-post-thumbnail","hentry","category-belgique","tag-communautes","tag-dans","tag-economies","tag-lediteur","tag-les","tag-lettre","generate-columns","tablet-grid-50","mobile-grid-100","grid-parent","grid-33"],"yoast_head":"<!-- This site is optimized with the Yoast SEO plugin v24.0 - https:\/\/yoast.com\/wordpress\/plugins\/seo\/ -->\n<title>Lettre \u00e0 l&#039;\u00e9diteur - \u00c9conomies dans les communaut\u00e9s de la DG | Vie Associative<\/title>\n<meta name=\"robots\" content=\"index, follow, max-snippet:-1, max-image-preview:large, max-video-preview:-1\" \/>\n<link rel=\"canonical\" href=\"https:\/\/vieassociative.be\/actualites\/lettre-a-lediteur-economies-dans-les-communautes-de-la-dg\/\" \/>\n<meta property=\"og:locale\" content=\"fr_FR\" \/>\n<meta property=\"og:type\" content=\"article\" \/>\n<meta property=\"og:title\" content=\"Lettre \u00e0 l&#039;\u00e9diteur - \u00c9conomies dans les communaut\u00e9s de la DG | Vie Associative\" \/>\n<meta property=\"og:description\" content=\"Je vois actuellement la r\u00e9union parlementaire \u00e0 Eupen (15.09.25). M. Paasch raves de ce que le gouvernement et le pass\u00e9 auraient r\u00e9alis\u00e9. Est-ce vraiment une\" \/>\n<meta property=\"og:url\" content=\"https:\/\/vieassociative.be\/actualites\/lettre-a-lediteur-economies-dans-les-communautes-de-la-dg\/\" \/>\n<meta property=\"og:site_name\" content=\"Vie Associative\" \/>\n<meta property=\"article:published_time\" content=\"2025-09-16T14:17:07+00:00\" \/>\n<meta property=\"og:image\" content=\"https:\/\/vieassociative.be\/actualites\/wp-content\/uploads\/2024\/09\/header_backgroundk-01-e1726694325946.png\" \/>\n\t<meta property=\"og:image:width\" content=\"279\" \/>\n\t<meta property=\"og:image:height\" content=\"92\" \/>\n\t<meta property=\"og:image:type\" content=\"image\/png\" \/>\n<meta name=\"author\" content=\"Julien\" \/>\n<meta name=\"twitter:card\" content=\"summary_large_image\" \/>\n<meta name=\"twitter:label1\" content=\"\u00c9crit par\" \/>\n\t<meta name=\"twitter:data1\" content=\"Julien\" \/>\n\t<meta name=\"twitter:label2\" content=\"Dur\u00e9e de lecture est.\" \/>\n\t<meta name=\"twitter:data2\" content=\"2 minutes\" \/>\n<script type=\"application\/ld+json\" class=\"yoast-schema-graph\">{\"@context\":\"https:\/\/schema.org\",\"@graph\":[{\"@type\":\"Article\",\"@id\":\"https:\/\/vieassociative.be\/actualites\/lettre-a-lediteur-economies-dans-les-communautes-de-la-dg\/#article\",\"isPartOf\":{\"@id\":\"https:\/\/vieassociative.be\/actualites\/lettre-a-lediteur-economies-dans-les-communautes-de-la-dg\/\"},\"author\":{\"name\":\"Julien\",\"@id\":\"https:\/\/vieassociative.be\/actualites\/#\/schema\/person\/b87ac4f82f9d4e7b7cec7395b679edc4\"},\"headline\":\"Lettre \u00e0 l&rsquo;\u00e9diteur &#8211; \u00c9conomies dans les communaut\u00e9s de la DG\",\"datePublished\":\"2025-09-16T14:17:07+00:00\",\"dateModified\":\"2025-09-16T14:17:07+00:00\",\"mainEntityOfPage\":{\"@id\":\"https:\/\/vieassociative.be\/actualites\/lettre-a-lediteur-economies-dans-les-communautes-de-la-dg\/\"},\"wordCount\":363,\"publisher\":{\"@id\":\"https:\/\/vieassociative.be\/actualites\/#organization\"},\"image\":{\"@id\":\"https:\/\/vieassociative.be\/actualites\/lettre-a-lediteur-economies-dans-les-communautes-de-la-dg\/#primaryimage\"},\"thumbnailUrl\":\"https:\/\/vieassociative.be\/actualites\/wp-content\/uploads\/2024\/11\/LETTRE-A-LA-REDACTION-\u2013-Audi-Bruxelles-dernier-avertissement-du.jpeg\",\"keywords\":[\"communaut\u00e9s\",\"dans\",\"\u00c9conomies\",\"L\u00c9DITEUR\",\"Les\",\"lettre\"],\"articleSection\":[\"Belgique\"],\"inLanguage\":\"fr-BE\"},{\"@type\":\"WebPage\",\"@id\":\"https:\/\/vieassociative.be\/actualites\/lettre-a-lediteur-economies-dans-les-communautes-de-la-dg\/\",\"url\":\"https:\/\/vieassociative.be\/actualites\/lettre-a-lediteur-economies-dans-les-communautes-de-la-dg\/\",\"name\":\"Lettre \u00e0 l'\u00e9diteur - \u00c9conomies dans les communaut\u00e9s de la DG | Vie Associative\",\"isPartOf\":{\"@id\":\"https:\/\/vieassociative.be\/actualites\/#website\"},\"primaryImageOfPage\":{\"@id\":\"https:\/\/vieassociative.be\/actualites\/lettre-a-lediteur-economies-dans-les-communautes-de-la-dg\/#primaryimage\"},\"image\":{\"@id\":\"https:\/\/vieassociative.be\/actualites\/lettre-a-lediteur-economies-dans-les-communautes-de-la-dg\/#primaryimage\"},\"thumbnailUrl\":\"https:\/\/vieassociative.be\/actualites\/wp-content\/uploads\/2024\/11\/LETTRE-A-LA-REDACTION-\u2013-Audi-Bruxelles-dernier-avertissement-du.jpeg\",\"datePublished\":\"2025-09-16T14:17:07+00:00\",\"dateModified\":\"2025-09-16T14:17:07+00:00\",\"breadcrumb\":{\"@id\":\"https:\/\/vieassociative.be\/actualites\/lettre-a-lediteur-economies-dans-les-communautes-de-la-dg\/#breadcrumb\"},\"inLanguage\":\"fr-BE\",\"potentialAction\":[{\"@type\":\"ReadAction\",\"target\":[\"https:\/\/vieassociative.be\/actualites\/lettre-a-lediteur-economies-dans-les-communautes-de-la-dg\/\"]}]},{\"@type\":\"ImageObject\",\"inLanguage\":\"fr-BE\",\"@id\":\"https:\/\/vieassociative.be\/actualites\/lettre-a-lediteur-economies-dans-les-communautes-de-la-dg\/#primaryimage\",\"url\":\"https:\/\/vieassociative.be\/actualites\/wp-content\/uploads\/2024\/11\/LETTRE-A-LA-REDACTION-\u2013-Audi-Bruxelles-dernier-avertissement-du.jpeg\",\"contentUrl\":\"https:\/\/vieassociative.be\/actualites\/wp-content\/uploads\/2024\/11\/LETTRE-A-LA-REDACTION-\u2013-Audi-Bruxelles-dernier-avertissement-du.jpeg\",\"width\":1024,\"height\":747,\"caption\":\"LETTRE \u00c0 LA R\u00c9DACTION \u2013 Audi Bruxelles, dernier avertissement du gouffre\"},{\"@type\":\"BreadcrumbList\",\"@id\":\"https:\/\/vieassociative.be\/actualites\/lettre-a-lediteur-economies-dans-les-communautes-de-la-dg\/#breadcrumb\",\"itemListElement\":[{\"@type\":\"ListItem\",\"position\":1,\"name\":\"Accueil\",\"item\":\"https:\/\/vieassociative.be\/actualites\/\"},{\"@type\":\"ListItem\",\"position\":2,\"name\":\"Lettre \u00e0 l&rsquo;\u00e9diteur &#8211; \u00c9conomies dans les communaut\u00e9s de la DG\"}]},{\"@type\":\"WebSite\",\"@id\":\"https:\/\/vieassociative.be\/actualites\/#website\",\"url\":\"https:\/\/vieassociative.be\/actualites\/\",\"name\":\"Vie Associative\",\"description\":\"\",\"publisher\":{\"@id\":\"https:\/\/vieassociative.be\/actualites\/#organization\"},\"potentialAction\":[{\"@type\":\"SearchAction\",\"target\":{\"@type\":\"EntryPoint\",\"urlTemplate\":\"https:\/\/vieassociative.be\/actualites\/?s={search_term_string}\"},\"query-input\":{\"@type\":\"PropertyValueSpecification\",\"valueRequired\":true,\"valueName\":\"search_term_string\"}}],\"inLanguage\":\"fr-BE\"},{\"@type\":\"Organization\",\"@id\":\"https:\/\/vieassociative.be\/actualites\/#organization\",\"name\":\"Vie Associative\",\"url\":\"https:\/\/vieassociative.be\/actualites\/\",\"logo\":{\"@type\":\"ImageObject\",\"inLanguage\":\"fr-BE\",\"@id\":\"https:\/\/vieassociative.be\/actualites\/#\/schema\/logo\/image\/\",\"url\":\"https:\/\/vieassociative.be\/actualites\/wp-content\/uploads\/2024\/09\/cropped-vieassociative_favicon.ico.png\",\"contentUrl\":\"https:\/\/vieassociative.be\/actualites\/wp-content\/uploads\/2024\/09\/cropped-vieassociative_favicon.ico.png\",\"width\":512,\"height\":512,\"caption\":\"Vie Associative\"},\"image\":{\"@id\":\"https:\/\/vieassociative.be\/actualites\/#\/schema\/logo\/image\/\"}},{\"@type\":\"Person\",\"@id\":\"https:\/\/vieassociative.be\/actualites\/#\/schema\/person\/b87ac4f82f9d4e7b7cec7395b679edc4\",\"name\":\"Julien\",\"image\":{\"@type\":\"ImageObject\",\"inLanguage\":\"fr-BE\",\"@id\":\"https:\/\/vieassociative.be\/actualites\/#\/schema\/person\/image\/\",\"url\":\"https:\/\/vieassociative.be\/actualites\/wp-content\/uploads\/2024\/09\/vie-associative-1-150x150.jpg\",\"contentUrl\":\"https:\/\/vieassociative.be\/actualites\/wp-content\/uploads\/2024\/09\/vie-associative-1-150x150.jpg\",\"caption\":\"Julien\"},\"description\":\"Je suis Julien, r\u00e9dacteur pour Vie Associative. Passionn\u00e9 par le monde associatif depuis plus de 10 ans, j'ai \u00e0 c\u0153ur de partager des histoires inspirantes et de mettre en lumi\u00e8re les initiatives locales. Mon objectif est de sensibiliser et d'encourager l'engagement communautaire \u00e0 travers mes articles.\",\"sameAs\":[\"https:\/\/vieassociative.be\/\"]}]}<\/script>\n<!-- \/ Yoast SEO plugin. -->","yoast_head_json":{"title":"Lettre \u00e0 l'\u00e9diteur - \u00c9conomies dans les communaut\u00e9s de la DG | Vie Associative","robots":{"index":"index","follow":"follow","max-snippet":"max-snippet:-1","max-image-preview":"max-image-preview:large","max-video-preview":"max-video-preview:-1"},"canonical":"https:\/\/vieassociative.be\/actualites\/lettre-a-lediteur-economies-dans-les-communautes-de-la-dg\/","og_locale":"fr_FR","og_type":"article","og_title":"Lettre \u00e0 l'\u00e9diteur - \u00c9conomies dans les communaut\u00e9s de la DG | Vie Associative","og_description":"Je vois actuellement la r\u00e9union parlementaire \u00e0 Eupen (15.09.25). M. Paasch raves de ce que le gouvernement et le pass\u00e9 auraient r\u00e9alis\u00e9. Est-ce vraiment une","og_url":"https:\/\/vieassociative.be\/actualites\/lettre-a-lediteur-economies-dans-les-communautes-de-la-dg\/","og_site_name":"Vie Associative","article_published_time":"2025-09-16T14:17:07+00:00","og_image":[{"width":279,"height":92,"url":"https:\/\/vieassociative.be\/actualites\/wp-content\/uploads\/2024\/09\/header_backgroundk-01-e1726694325946.png","type":"image\/png"}],"author":"Julien","twitter_card":"summary_large_image","twitter_misc":{"\u00c9crit par":"Julien","Dur\u00e9e de lecture est.":"2 minutes"},"schema":{"@context":"https:\/\/schema.org","@graph":[{"@type":"Article","@id":"https:\/\/vieassociative.be\/actualites\/lettre-a-lediteur-economies-dans-les-communautes-de-la-dg\/#article","isPartOf":{"@id":"https:\/\/vieassociative.be\/actualites\/lettre-a-lediteur-economies-dans-les-communautes-de-la-dg\/"},"author":{"name":"Julien","@id":"https:\/\/vieassociative.be\/actualites\/#\/schema\/person\/b87ac4f82f9d4e7b7cec7395b679edc4"},"headline":"Lettre \u00e0 l&rsquo;\u00e9diteur &#8211; \u00c9conomies dans les communaut\u00e9s de la DG","datePublished":"2025-09-16T14:17:07+00:00","dateModified":"2025-09-16T14:17:07+00:00","mainEntityOfPage":{"@id":"https:\/\/vieassociative.be\/actualites\/lettre-a-lediteur-economies-dans-les-communautes-de-la-dg\/"},"wordCount":363,"publisher":{"@id":"https:\/\/vieassociative.be\/actualites\/#organization"},"image":{"@id":"https:\/\/vieassociative.be\/actualites\/lettre-a-lediteur-economies-dans-les-communautes-de-la-dg\/#primaryimage"},"thumbnailUrl":"https:\/\/vieassociative.be\/actualites\/wp-content\/uploads\/2024\/11\/LETTRE-A-LA-REDACTION-\u2013-Audi-Bruxelles-dernier-avertissement-du.jpeg","keywords":["communaut\u00e9s","dans","\u00c9conomies","L\u00c9DITEUR","Les","lettre"],"articleSection":["Belgique"],"inLanguage":"fr-BE"},{"@type":"WebPage","@id":"https:\/\/vieassociative.be\/actualites\/lettre-a-lediteur-economies-dans-les-communautes-de-la-dg\/","url":"https:\/\/vieassociative.be\/actualites\/lettre-a-lediteur-economies-dans-les-communautes-de-la-dg\/","name":"Lettre \u00e0 l'\u00e9diteur - \u00c9conomies dans les communaut\u00e9s de la DG | Vie Associative","isPartOf":{"@id":"https:\/\/vieassociative.be\/actualites\/#website"},"primaryImageOfPage":{"@id":"https:\/\/vieassociative.be\/actualites\/lettre-a-lediteur-economies-dans-les-communautes-de-la-dg\/#primaryimage"},"image":{"@id":"https:\/\/vieassociative.be\/actualites\/lettre-a-lediteur-economies-dans-les-communautes-de-la-dg\/#primaryimage"},"thumbnailUrl":"https:\/\/vieassociative.be\/actualites\/wp-content\/uploads\/2024\/11\/LETTRE-A-LA-REDACTION-\u2013-Audi-Bruxelles-dernier-avertissement-du.jpeg","datePublished":"2025-09-16T14:17:07+00:00","dateModified":"2025-09-16T14:17:07+00:00","breadcrumb":{"@id":"https:\/\/vieassociative.be\/actualites\/lettre-a-lediteur-economies-dans-les-communautes-de-la-dg\/#breadcrumb"},"inLanguage":"fr-BE","potentialAction":[{"@type":"ReadAction","target":["https:\/\/vieassociative.be\/actualites\/lettre-a-lediteur-economies-dans-les-communautes-de-la-dg\/"]}]},{"@type":"ImageObject","inLanguage":"fr-BE","@id":"https:\/\/vieassociative.be\/actualites\/lettre-a-lediteur-economies-dans-les-communautes-de-la-dg\/#primaryimage","url":"https:\/\/vieassociative.be\/actualites\/wp-content\/uploads\/2024\/11\/LETTRE-A-LA-REDACTION-\u2013-Audi-Bruxelles-dernier-avertissement-du.jpeg","contentUrl":"https:\/\/vieassociative.be\/actualites\/wp-content\/uploads\/2024\/11\/LETTRE-A-LA-REDACTION-\u2013-Audi-Bruxelles-dernier-avertissement-du.jpeg","width":1024,"height":747,"caption":"LETTRE \u00c0 LA R\u00c9DACTION \u2013 Audi Bruxelles, dernier avertissement du gouffre"},{"@type":"BreadcrumbList","@id":"https:\/\/vieassociative.be\/actualites\/lettre-a-lediteur-economies-dans-les-communautes-de-la-dg\/#breadcrumb","itemListElement":[{"@type":"ListItem","position":1,"name":"Accueil","item":"https:\/\/vieassociative.be\/actualites\/"},{"@type":"ListItem","position":2,"name":"Lettre \u00e0 l&rsquo;\u00e9diteur &#8211; \u00c9conomies dans les communaut\u00e9s de la DG"}]},{"@type":"WebSite","@id":"https:\/\/vieassociative.be\/actualites\/#website","url":"https:\/\/vieassociative.be\/actualites\/","name":"Vie Associative","description":"","publisher":{"@id":"https:\/\/vieassociative.be\/actualites\/#organization"},"potentialAction":[{"@type":"SearchAction","target":{"@type":"EntryPoint","urlTemplate":"https:\/\/vieassociative.be\/actualites\/?s={search_term_string}"},"query-input":{"@type":"PropertyValueSpecification","valueRequired":true,"valueName":"search_term_string"}}],"inLanguage":"fr-BE"},{"@type":"Organization","@id":"https:\/\/vieassociative.be\/actualites\/#organization","name":"Vie Associative","url":"https:\/\/vieassociative.be\/actualites\/","logo":{"@type":"ImageObject","inLanguage":"fr-BE","@id":"https:\/\/vieassociative.be\/actualites\/#\/schema\/logo\/image\/","url":"https:\/\/vieassociative.be\/actualites\/wp-content\/uploads\/2024\/09\/cropped-vieassociative_favicon.ico.png","contentUrl":"https:\/\/vieassociative.be\/actualites\/wp-content\/uploads\/2024\/09\/cropped-vieassociative_favicon.ico.png","width":512,"height":512,"caption":"Vie Associative"},"image":{"@id":"https:\/\/vieassociative.be\/actualites\/#\/schema\/logo\/image\/"}},{"@type":"Person","@id":"https:\/\/vieassociative.be\/actualites\/#\/schema\/person\/b87ac4f82f9d4e7b7cec7395b679edc4","name":"Julien","image":{"@type":"ImageObject","inLanguage":"fr-BE","@id":"https:\/\/vieassociative.be\/actualites\/#\/schema\/person\/image\/","url":"https:\/\/vieassociative.be\/actualites\/wp-content\/uploads\/2024\/09\/vie-associative-1-150x150.jpg","contentUrl":"https:\/\/vieassociative.be\/actualites\/wp-content\/uploads\/2024\/09\/vie-associative-1-150x150.jpg","caption":"Julien"},"description":"Je suis Julien, r\u00e9dacteur pour Vie Associative. Passionn\u00e9 par le monde associatif depuis plus de 10 ans, j'ai \u00e0 c\u0153ur de partager des histoires inspirantes et de mettre en lumi\u00e8re les initiatives locales. Mon objectif est de sensibiliser et d'encourager l'engagement communautaire \u00e0 travers mes articles.","sameAs":["https:\/\/vieassociative.be\/"]}]}},"_links":{"self":[{"href":"https:\/\/vieassociative.be\/actualites\/wp-json\/wp\/v2\/posts\/10077"}],"collection":[{"href":"https:\/\/vieassociative.be\/actualites\/wp-json\/wp\/v2\/posts"}],"about":[{"href":"https:\/\/vieassociative.be\/actualites\/wp-json\/wp\/v2\/types\/post"}],"author":[{"embeddable":true,"href":"https:\/\/vieassociative.be\/actualites\/wp-json\/wp\/v2\/users\/1"}],"replies":[{"embeddable":true,"href":"https:\/\/vieassociative.be\/actualites\/wp-json\/wp\/v2\/comments?post=10077"}],"version-history":[{"count":0,"href":"https:\/\/vieassociative.be\/actualites\/wp-json\/wp\/v2\/posts\/10077\/revisions"}],"wp:featuredmedia":[{"embeddable":true,"href":"https:\/\/vieassociative.be\/actualites\/wp-json\/wp\/v2\/media\/2567"}],"wp:attachment":[{"href":"https:\/\/vieassociative.be\/actualites\/wp-json\/wp\/v2\/media?parent=10077"}],"wp:term":[{"taxonomy":"category","embeddable":true,"href":"https:\/\/vieassociative.be\/actualites\/wp-json\/wp\/v2\/categories?post=10077"},{"taxonomy":"post_tag","embeddable":true,"href":"https:\/\/vieassociative.be\/actualites\/wp-json\/wp\/v2\/tags?post=10077"}],"curies":[{"name":"wp","href":"https:\/\/api.w.org\/{rel}","templated":true}]}}