{"id":10075,"date":"2025-09-16T15:17:11","date_gmt":"2025-09-16T13:17:11","guid":{"rendered":"https:\/\/vieassociative.be\/actualites\/cette-sonnette-video-sans-fil-2k-le-mieux-notee-est-plus-de-50-de-reduction-en-ce-moment\/"},"modified":"2025-09-16T15:17:11","modified_gmt":"2025-09-16T13:17:11","slug":"cette-sonnette-video-sans-fil-2k-le-mieux-notee-est-plus-de-50-de-reduction-en-ce-moment","status":"publish","type":"post","link":"https:\/\/vieassociative.be\/actualites\/cette-sonnette-video-sans-fil-2k-le-mieux-notee-est-plus-de-50-de-reduction-en-ce-moment\/","title":{"rendered":"Cette sonnette vid\u00e9o sans fil 2K le mieux not\u00e9e est plus de 50% de r\u00e9duction en ce moment"},"content":{"rendered":"<div class=\"mt-4 leading-6 md:mb-8\">Pour 60 $, cette sonnette vid\u00e9o Arlo est difficile \u00e0 battre si vous voulez une vid\u00e9o nette, une installation simple et une excellente performance globale.<\/div>\n<p><\/p>\n<p><em>Saviez-vous que vous pouvez personnaliser Google pour filtrer les ordures? Prendre ces \u00e9tapes<\/em><em>  Pour de meilleurs r\u00e9sultats de recherche, notamment l&rsquo;ajout de Vie Associative comme source pr\u00e9f\u00e9r\u00e9e pour les nouvelles technologiques<\/em><em>.<\/em><\/p>\n<hr>\n<p>La sonnette vid\u00e9o Arlo de deuxi\u00e8me g\u00e9n\u00e9ration est actuellement en baisse \u00e0 59,99 $ sur Amazon, une grande baisse par rapport \u00e0 son prix habituel de 129,99 $ et le plus bas qu&rsquo;il ait jamais \u00e9t\u00e9, selon Price Trackers. <\/p>\n<div class=\"pogoClear mb-12 mt-10 rounded-md border-2 border-gray-100 py-7 shadow-xl md:py-6\">\n<div class=\"flex flex-wrap justify-between px-7 text-black no-underline md:flex-nowrap md:px-8\">\n<div class=\"order-1 mx-auto flex flex-col justify-center md:order-2 md:ml-4 md:w-full md:grow\">\n<div class=\"block cursor-pointer text-center font-akshar text-2xl font-medium leading-7 text-brand-green duration-200 ease-in-out hover:text-brand-green-700 md:text-left md:text-xl md:leading-6\">Coup\u00e9e de porte vid\u00e9o Arlo 2e g\u00e9n\u00e9ration\n                <\/div>\n<div class=\"mt-4 hidden md:flex md:justify-between\">\n<div class=\"self-end\">\n<div class=\"mb-0 h-11 md:flex md:flex-col md:justify-center\">\n<div class=\" font-sans leading-4 text-black\">\n<div class=\"flex flex-wrap items-center justify-center gap-1 md:justify-start\">\n        <span class=\"font-bold\"><\/p>\n<p>            59,99 $<br \/>\n                            <span class=\"font-medium\">\u00e0 Amazon<\/span><br \/>\n                    <\/span>\n            <\/div>\n<div class=\"flex items-center justify-center gap-x-1 font-bold md:justify-start\">\n            <span class=\"text-sm line-through\">129,99 $<\/span><br \/>\n            <span class=\"text-sm text-brand-green\">\u00c9conomisez 70,00 $<\/span>\n        <\/div>\n<\/p><\/div>\n<\/p><\/div>\n<\/p><\/div>\n<div class=\"w-44 self-end\">\n                            <button class=\"flex justify-center items-center w-full bg-brand-green text-white text-base font-sans font-medium rounded-md hover:bg-brand-green-700 hover:cursor-pointer md:text-sm h-11\"><\/p>\n<p>    Conclure un accord<br \/>\n<\/button>\n                        <\/div>\n<\/p><\/div>\n<\/p><\/div>\n<div class=\"order-2 mt-5 h-auto w-full md:order-1 md:mt-0 md:hidden\">\n<div class=\"flex aspect-video items-center justify-center\">\n                                            <img decoding=\"async\" class=\"m-0 max-h-full max-w-full rounded-md\" src=\"https:\/\/vieassociative.be\/actualites\/wp-content\/uploads\/2025\/09\/Cette-sonnette-video-sans-fil-2K-le-mieux-notee-est.jpg\" alt=\"Coup\u00e9e de porte vid\u00e9o Arlo 2e g\u00e9n\u00e9ration\" width=\"auto\" height=\"auto\" loading=\"lazy\">\n                                    <\/div>\n<\/p><\/div>\n<div class=\"order-2 ml-2 hidden w-32 shrink-0 items-center md:order-1 md:ml-0 md:flex\">\n<div class=\"flex aspect-video items-center justify-center\">\n                                            <img decoding=\"async\" class=\"m-0 max-h-full max-w-full rounded-md\" src=\"https:\/\/vieassociative.be\/actualites\/wp-content\/uploads\/2025\/09\/Cette-sonnette-video-sans-fil-2K-le-mieux-notee-est.jpg\" alt=\"Coup\u00e9e de porte vid\u00e9o Arlo 2e g\u00e9n\u00e9ration\" width=\"auto\" height=\"auto\" loading=\"lazy\">\n                                    <\/div>\n<\/p><\/div>\n<div class=\"order-3 flex grow flex-wrap md:hidden md:grow-0\">\n<div class=\"mt-4 w-full\">\n                        <button class=\"flex justify-center items-center w-full bg-brand-green text-white text-base font-sans font-medium rounded-md hover:bg-brand-green-700 hover:cursor-pointer md:text-sm h-11\"><\/p>\n<p>    Conclure un accord<br \/>\n<\/button>\n                    <\/div>\n<div class=\"mx-2 mt-4 w-full\">\n<div class=\" font-sans leading-4 text-black\">\n<div class=\"flex flex-wrap items-center justify-center gap-1 md:justify-start\">\n        <span class=\"font-bold\"><\/p>\n<p>            59,99 $<br \/>\n                            <span class=\"font-medium\">\u00e0 Amazon<\/span><br \/>\n                    <\/span>\n            <\/div>\n<div class=\"flex items-center justify-center gap-x-1 font-bold md:justify-start\">\n            <span class=\"text-sm line-through\">129,99 $<\/span><br \/>\n            <span class=\"text-sm text-brand-green\">\u00c9conomisez 70,00 $<\/span>\n        <\/div>\n<\/p><\/div>\n<\/p><\/div>\n<\/p><\/div>\n<\/p><\/div>\n<\/div>\n<p>PCMAG l&rsquo;a nomm\u00e9 la meilleure sonnette vid\u00e9o de 2024, ce qui dit beaucoup compte tenu de la fa\u00e7on dont est devenu l&rsquo;espace de porte de porte intelligent. Il s&rsquo;agit d&rsquo;une sonnette sans fil avec une cam\u00e9ra int\u00e9gr\u00e9e qui vous donne une vue nette de la t\u00eate aux pieds de votre porte. Vous pouvez soit le virer dans votre c\u00e2blage de sonnette existant pour le chargement du ruissellement ou simplement vous en tenir \u00e0 la batterie int\u00e9gr\u00e9e, qui dure jusqu&rsquo;\u00e0 quatre mois avant de devoir vous recharger avec le c\u00e2ble USB-C inclus. Le logement est r\u00e9sistant aux intemp\u00e9ries, donc c&rsquo;est bien \u00e0 l&rsquo;ext\u00e9rieur, et le design est simple: bo\u00eetier blanc, visage noir brillant, bouton r\u00e9tro-\u00e9clair\u00e9 et un haut-parleur nich\u00e9 en dessous.<\/p>\n<p>Au jour le jour, cela fonctionne un peu diff\u00e9remment de la plupart. Lorsque quelqu&rsquo;un appuie sur le bouton, votre t\u00e9l\u00e9phone sonne r\u00e9ellement comme un appel. Ramassez-le et vous regardez instantan\u00e9ment qui est \u00e0 l&rsquo;ext\u00e9rieur avec des options pour parler ou lire un message rapide pr\u00e9enregistr\u00e9. L&rsquo;objectif \u00e0 180 degr\u00e9s est suffisamment large pour que vous ne voyiez pas seulement les t\u00eates flottantes, mais la vue compl\u00e8te de la t\u00eate aux pieds, et la d\u00e9tection de mouvement s&rsquo;assure qu&rsquo;elle enregistre quand quelqu&rsquo;un se pr\u00e9sente, m\u00eame s&rsquo;ils n&rsquo;appuyent pas sur le bouton. La vid\u00e9o semble nette pendant la journ\u00e9e, et bien qu&rsquo;il n&rsquo;y ait pas de vision nocturne de couleur, le flux en noir et blanc maintient toujours les d\u00e9tails \u00e0 une distance d\u00e9cente, note cette revue PCMAG. L&rsquo;audio est suffisamment clair pour les conversations de va-et-vient rapide, et il y a une sir\u00e8ne int\u00e9gr\u00e9e que vous pouvez d\u00e9clencher \u00e0 partir de l&rsquo;application si vous souhaitez dissuader les visiteurs ind\u00e9sirables.<\/p>\n<p>Bien que la vid\u00e9o en direct soit gratuite, vous aurez besoin d&rsquo;un abonnement ARLO Secure pour d\u00e9bloquer le stockage d&rsquo;\u00e9v\u00e9nements enregistr\u00e9s et des alertes intelligentes. \u00c0 7,99 $ par mois pour une cam\u00e9ra, vous obtenez 60 jours d&rsquo;historique vid\u00e9o, la d\u00e9tection d&rsquo;objets pour les personnes, les forfaits et les v\u00e9hicules, ainsi que des alertes anim\u00e9es qui vous aident \u00e0 voir ce qui a d\u00e9clench\u00e9 la notification sans ouvrir l&rsquo;application. La compatibilit\u00e9 est solide avec Alexa, Google Home, SmartThings et IFTTT, bien qu&rsquo;Apple Homekit manque.<\/p>\n<hr>\n","protected":false},"excerpt":{"rendered":"<p>Pour 60 $, cette sonnette vid\u00e9o Arlo est difficile \u00e0 battre si vous voulez une vid\u00e9o nette, une installation simple et une excellente performance globale.<\/p>\n","protected":false},"author":1,"featured_media":10076,"comment_status":"","ping_status":"","sticky":false,"template":"","format":"standard","meta":{"footnotes":""},"categories":[13],"tags":[206,76,1488,1503,1429,6381,308,130,5520,1204],"class_list":["post-10075","post","type-post","status-publish","format-standard","has-post-thumbnail","hentry","category-technologie","tag-cette","tag-est","tag-fil","tag-mieux","tag-moment","tag-notee","tag-reduction","tag-sans","tag-sonnette","tag-video","generate-columns","tablet-grid-50","mobile-grid-100","grid-parent","grid-33"],"yoast_head":"<!-- This site is optimized with the Yoast SEO plugin v24.0 - https:\/\/yoast.com\/wordpress\/plugins\/seo\/ -->\n<title>Cette sonnette vid\u00e9o sans fil 2K le mieux not\u00e9e est plus de 50% de r\u00e9duction en ce moment | Vie Associative<\/title>\n<meta name=\"robots\" content=\"index, follow, max-snippet:-1, max-image-preview:large, max-video-preview:-1\" \/>\n<link rel=\"canonical\" href=\"https:\/\/vieassociative.be\/actualites\/cette-sonnette-video-sans-fil-2k-le-mieux-notee-est-plus-de-50-de-reduction-en-ce-moment\/\" \/>\n<meta property=\"og:locale\" content=\"fr_FR\" \/>\n<meta property=\"og:type\" content=\"article\" \/>\n<meta property=\"og:title\" content=\"Cette sonnette vid\u00e9o sans fil 2K le mieux not\u00e9e est plus de 50% de r\u00e9duction en ce moment | Vie Associative\" \/>\n<meta property=\"og:description\" content=\"Pour 60 $, cette sonnette vid\u00e9o Arlo est difficile \u00e0 battre si vous voulez une vid\u00e9o nette, une installation simple et une excellente performance globale.\" \/>\n<meta property=\"og:url\" content=\"https:\/\/vieassociative.be\/actualites\/cette-sonnette-video-sans-fil-2k-le-mieux-notee-est-plus-de-50-de-reduction-en-ce-moment\/\" \/>\n<meta property=\"og:site_name\" content=\"Vie Associative\" \/>\n<meta property=\"article:published_time\" content=\"2025-09-16T13:17:11+00:00\" \/>\n<meta property=\"og:image\" content=\"https:\/\/vieassociative.be\/actualites\/wp-content\/uploads\/2025\/09\/Cette-sonnette-video-sans-fil-2K-le-mieux-notee-est.jpg\" \/>\n<meta name=\"author\" content=\"Julien\" \/>\n<meta name=\"twitter:card\" content=\"summary_large_image\" \/>\n<meta name=\"twitter:label1\" content=\"\u00c9crit par\" \/>\n\t<meta name=\"twitter:data1\" content=\"Julien\" \/>\n\t<meta name=\"twitter:label2\" content=\"Dur\u00e9e de lecture est.\" \/>\n\t<meta name=\"twitter:data2\" content=\"3 minutes\" \/>\n<script type=\"application\/ld+json\" class=\"yoast-schema-graph\">{\"@context\":\"https:\/\/schema.org\",\"@graph\":[{\"@type\":\"Article\",\"@id\":\"https:\/\/vieassociative.be\/actualites\/cette-sonnette-video-sans-fil-2k-le-mieux-notee-est-plus-de-50-de-reduction-en-ce-moment\/#article\",\"isPartOf\":{\"@id\":\"https:\/\/vieassociative.be\/actualites\/cette-sonnette-video-sans-fil-2k-le-mieux-notee-est-plus-de-50-de-reduction-en-ce-moment\/\"},\"author\":{\"name\":\"Julien\",\"@id\":\"https:\/\/vieassociative.be\/actualites\/#\/schema\/person\/b87ac4f82f9d4e7b7cec7395b679edc4\"},\"headline\":\"Cette sonnette vid\u00e9o sans fil 2K le mieux not\u00e9e est plus de 50% de r\u00e9duction en ce moment\",\"datePublished\":\"2025-09-16T13:17:11+00:00\",\"dateModified\":\"2025-09-16T13:17:11+00:00\",\"mainEntityOfPage\":{\"@id\":\"https:\/\/vieassociative.be\/actualites\/cette-sonnette-video-sans-fil-2k-le-mieux-notee-est-plus-de-50-de-reduction-en-ce-moment\/\"},\"wordCount\":561,\"publisher\":{\"@id\":\"https:\/\/vieassociative.be\/actualites\/#organization\"},\"image\":{\"@id\":\"https:\/\/vieassociative.be\/actualites\/cette-sonnette-video-sans-fil-2k-le-mieux-notee-est-plus-de-50-de-reduction-en-ce-moment\/#primaryimage\"},\"thumbnailUrl\":\"https:\/\/vieassociative.be\/actualites\/wp-content\/uploads\/2025\/09\/Cette-sonnette-video-sans-fil-2K-le-mieux-notee-est.png\",\"keywords\":[\"cette\",\"est\",\"fil\",\"mieux\",\"moment\",\"not\u00e9e\",\"r\u00e9duction\",\"sans\",\"sonnette\",\"vid\u00e9o\"],\"articleSection\":[\"Technologie\"],\"inLanguage\":\"fr-BE\"},{\"@type\":\"WebPage\",\"@id\":\"https:\/\/vieassociative.be\/actualites\/cette-sonnette-video-sans-fil-2k-le-mieux-notee-est-plus-de-50-de-reduction-en-ce-moment\/\",\"url\":\"https:\/\/vieassociative.be\/actualites\/cette-sonnette-video-sans-fil-2k-le-mieux-notee-est-plus-de-50-de-reduction-en-ce-moment\/\",\"name\":\"Cette sonnette vid\u00e9o sans fil 2K le mieux not\u00e9e est plus de 50% de r\u00e9duction en ce moment | Vie Associative\",\"isPartOf\":{\"@id\":\"https:\/\/vieassociative.be\/actualites\/#website\"},\"primaryImageOfPage\":{\"@id\":\"https:\/\/vieassociative.be\/actualites\/cette-sonnette-video-sans-fil-2k-le-mieux-notee-est-plus-de-50-de-reduction-en-ce-moment\/#primaryimage\"},\"image\":{\"@id\":\"https:\/\/vieassociative.be\/actualites\/cette-sonnette-video-sans-fil-2k-le-mieux-notee-est-plus-de-50-de-reduction-en-ce-moment\/#primaryimage\"},\"thumbnailUrl\":\"https:\/\/vieassociative.be\/actualites\/wp-content\/uploads\/2025\/09\/Cette-sonnette-video-sans-fil-2K-le-mieux-notee-est.png\",\"datePublished\":\"2025-09-16T13:17:11+00:00\",\"dateModified\":\"2025-09-16T13:17:11+00:00\",\"breadcrumb\":{\"@id\":\"https:\/\/vieassociative.be\/actualites\/cette-sonnette-video-sans-fil-2k-le-mieux-notee-est-plus-de-50-de-reduction-en-ce-moment\/#breadcrumb\"},\"inLanguage\":\"fr-BE\",\"potentialAction\":[{\"@type\":\"ReadAction\",\"target\":[\"https:\/\/vieassociative.be\/actualites\/cette-sonnette-video-sans-fil-2k-le-mieux-notee-est-plus-de-50-de-reduction-en-ce-moment\/\"]}]},{\"@type\":\"ImageObject\",\"inLanguage\":\"fr-BE\",\"@id\":\"https:\/\/vieassociative.be\/actualites\/cette-sonnette-video-sans-fil-2k-le-mieux-notee-est-plus-de-50-de-reduction-en-ce-moment\/#primaryimage\",\"url\":\"https:\/\/vieassociative.be\/actualites\/wp-content\/uploads\/2025\/09\/Cette-sonnette-video-sans-fil-2K-le-mieux-notee-est.png\",\"contentUrl\":\"https:\/\/vieassociative.be\/actualites\/wp-content\/uploads\/2025\/09\/Cette-sonnette-video-sans-fil-2K-le-mieux-notee-est.png\",\"width\":1200,\"height\":675,\"caption\":\"Cette sonnette vid\u00e9o sans fil 2K le mieux not\u00e9e est plus de 50% de r\u00e9duction en ce moment\"},{\"@type\":\"BreadcrumbList\",\"@id\":\"https:\/\/vieassociative.be\/actualites\/cette-sonnette-video-sans-fil-2k-le-mieux-notee-est-plus-de-50-de-reduction-en-ce-moment\/#breadcrumb\",\"itemListElement\":[{\"@type\":\"ListItem\",\"position\":1,\"name\":\"Accueil\",\"item\":\"https:\/\/vieassociative.be\/actualites\/\"},{\"@type\":\"ListItem\",\"position\":2,\"name\":\"Cette sonnette vid\u00e9o sans fil 2K le mieux not\u00e9e est plus de 50% de r\u00e9duction en ce moment\"}]},{\"@type\":\"WebSite\",\"@id\":\"https:\/\/vieassociative.be\/actualites\/#website\",\"url\":\"https:\/\/vieassociative.be\/actualites\/\",\"name\":\"Vie Associative\",\"description\":\"\",\"publisher\":{\"@id\":\"https:\/\/vieassociative.be\/actualites\/#organization\"},\"potentialAction\":[{\"@type\":\"SearchAction\",\"target\":{\"@type\":\"EntryPoint\",\"urlTemplate\":\"https:\/\/vieassociative.be\/actualites\/?s={search_term_string}\"},\"query-input\":{\"@type\":\"PropertyValueSpecification\",\"valueRequired\":true,\"valueName\":\"search_term_string\"}}],\"inLanguage\":\"fr-BE\"},{\"@type\":\"Organization\",\"@id\":\"https:\/\/vieassociative.be\/actualites\/#organization\",\"name\":\"Vie Associative\",\"url\":\"https:\/\/vieassociative.be\/actualites\/\",\"logo\":{\"@type\":\"ImageObject\",\"inLanguage\":\"fr-BE\",\"@id\":\"https:\/\/vieassociative.be\/actualites\/#\/schema\/logo\/image\/\",\"url\":\"https:\/\/vieassociative.be\/actualites\/wp-content\/uploads\/2024\/09\/cropped-vieassociative_favicon.ico.png\",\"contentUrl\":\"https:\/\/vieassociative.be\/actualites\/wp-content\/uploads\/2024\/09\/cropped-vieassociative_favicon.ico.png\",\"width\":512,\"height\":512,\"caption\":\"Vie Associative\"},\"image\":{\"@id\":\"https:\/\/vieassociative.be\/actualites\/#\/schema\/logo\/image\/\"}},{\"@type\":\"Person\",\"@id\":\"https:\/\/vieassociative.be\/actualites\/#\/schema\/person\/b87ac4f82f9d4e7b7cec7395b679edc4\",\"name\":\"Julien\",\"image\":{\"@type\":\"ImageObject\",\"inLanguage\":\"fr-BE\",\"@id\":\"https:\/\/vieassociative.be\/actualites\/#\/schema\/person\/image\/\",\"url\":\"https:\/\/vieassociative.be\/actualites\/wp-content\/uploads\/2024\/09\/vie-associative-1-150x150.jpg\",\"contentUrl\":\"https:\/\/vieassociative.be\/actualites\/wp-content\/uploads\/2024\/09\/vie-associative-1-150x150.jpg\",\"caption\":\"Julien\"},\"description\":\"Je suis Julien, r\u00e9dacteur pour Vie Associative. Passionn\u00e9 par le monde associatif depuis plus de 10 ans, j'ai \u00e0 c\u0153ur de partager des histoires inspirantes et de mettre en lumi\u00e8re les initiatives locales. Mon objectif est de sensibiliser et d'encourager l'engagement communautaire \u00e0 travers mes articles.\",\"sameAs\":[\"https:\/\/vieassociative.be\/\"]}]}<\/script>\n<!-- \/ Yoast SEO plugin. -->","yoast_head_json":{"title":"Cette sonnette vid\u00e9o sans fil 2K le mieux not\u00e9e est plus de 50% de r\u00e9duction en ce moment | Vie Associative","robots":{"index":"index","follow":"follow","max-snippet":"max-snippet:-1","max-image-preview":"max-image-preview:large","max-video-preview":"max-video-preview:-1"},"canonical":"https:\/\/vieassociative.be\/actualites\/cette-sonnette-video-sans-fil-2k-le-mieux-notee-est-plus-de-50-de-reduction-en-ce-moment\/","og_locale":"fr_FR","og_type":"article","og_title":"Cette sonnette vid\u00e9o sans fil 2K le mieux not\u00e9e est plus de 50% de r\u00e9duction en ce moment | Vie Associative","og_description":"Pour 60 $, cette sonnette vid\u00e9o Arlo est difficile \u00e0 battre si vous voulez une vid\u00e9o nette, une installation simple et une excellente performance globale.","og_url":"https:\/\/vieassociative.be\/actualites\/cette-sonnette-video-sans-fil-2k-le-mieux-notee-est-plus-de-50-de-reduction-en-ce-moment\/","og_site_name":"Vie Associative","article_published_time":"2025-09-16T13:17:11+00:00","og_image":[{"url":"https:\/\/vieassociative.be\/actualites\/wp-content\/uploads\/2025\/09\/Cette-sonnette-video-sans-fil-2K-le-mieux-notee-est.jpg","type":"","width":"","height":""}],"author":"Julien","twitter_card":"summary_large_image","twitter_misc":{"\u00c9crit par":"Julien","Dur\u00e9e de lecture est.":"3 minutes"},"schema":{"@context":"https:\/\/schema.org","@graph":[{"@type":"Article","@id":"https:\/\/vieassociative.be\/actualites\/cette-sonnette-video-sans-fil-2k-le-mieux-notee-est-plus-de-50-de-reduction-en-ce-moment\/#article","isPartOf":{"@id":"https:\/\/vieassociative.be\/actualites\/cette-sonnette-video-sans-fil-2k-le-mieux-notee-est-plus-de-50-de-reduction-en-ce-moment\/"},"author":{"name":"Julien","@id":"https:\/\/vieassociative.be\/actualites\/#\/schema\/person\/b87ac4f82f9d4e7b7cec7395b679edc4"},"headline":"Cette sonnette vid\u00e9o sans fil 2K le mieux not\u00e9e est plus de 50% de r\u00e9duction en ce moment","datePublished":"2025-09-16T13:17:11+00:00","dateModified":"2025-09-16T13:17:11+00:00","mainEntityOfPage":{"@id":"https:\/\/vieassociative.be\/actualites\/cette-sonnette-video-sans-fil-2k-le-mieux-notee-est-plus-de-50-de-reduction-en-ce-moment\/"},"wordCount":561,"publisher":{"@id":"https:\/\/vieassociative.be\/actualites\/#organization"},"image":{"@id":"https:\/\/vieassociative.be\/actualites\/cette-sonnette-video-sans-fil-2k-le-mieux-notee-est-plus-de-50-de-reduction-en-ce-moment\/#primaryimage"},"thumbnailUrl":"https:\/\/vieassociative.be\/actualites\/wp-content\/uploads\/2025\/09\/Cette-sonnette-video-sans-fil-2K-le-mieux-notee-est.png","keywords":["cette","est","fil","mieux","moment","not\u00e9e","r\u00e9duction","sans","sonnette","vid\u00e9o"],"articleSection":["Technologie"],"inLanguage":"fr-BE"},{"@type":"WebPage","@id":"https:\/\/vieassociative.be\/actualites\/cette-sonnette-video-sans-fil-2k-le-mieux-notee-est-plus-de-50-de-reduction-en-ce-moment\/","url":"https:\/\/vieassociative.be\/actualites\/cette-sonnette-video-sans-fil-2k-le-mieux-notee-est-plus-de-50-de-reduction-en-ce-moment\/","name":"Cette sonnette vid\u00e9o sans fil 2K le mieux not\u00e9e est plus de 50% de r\u00e9duction en ce moment | Vie Associative","isPartOf":{"@id":"https:\/\/vieassociative.be\/actualites\/#website"},"primaryImageOfPage":{"@id":"https:\/\/vieassociative.be\/actualites\/cette-sonnette-video-sans-fil-2k-le-mieux-notee-est-plus-de-50-de-reduction-en-ce-moment\/#primaryimage"},"image":{"@id":"https:\/\/vieassociative.be\/actualites\/cette-sonnette-video-sans-fil-2k-le-mieux-notee-est-plus-de-50-de-reduction-en-ce-moment\/#primaryimage"},"thumbnailUrl":"https:\/\/vieassociative.be\/actualites\/wp-content\/uploads\/2025\/09\/Cette-sonnette-video-sans-fil-2K-le-mieux-notee-est.png","datePublished":"2025-09-16T13:17:11+00:00","dateModified":"2025-09-16T13:17:11+00:00","breadcrumb":{"@id":"https:\/\/vieassociative.be\/actualites\/cette-sonnette-video-sans-fil-2k-le-mieux-notee-est-plus-de-50-de-reduction-en-ce-moment\/#breadcrumb"},"inLanguage":"fr-BE","potentialAction":[{"@type":"ReadAction","target":["https:\/\/vieassociative.be\/actualites\/cette-sonnette-video-sans-fil-2k-le-mieux-notee-est-plus-de-50-de-reduction-en-ce-moment\/"]}]},{"@type":"ImageObject","inLanguage":"fr-BE","@id":"https:\/\/vieassociative.be\/actualites\/cette-sonnette-video-sans-fil-2k-le-mieux-notee-est-plus-de-50-de-reduction-en-ce-moment\/#primaryimage","url":"https:\/\/vieassociative.be\/actualites\/wp-content\/uploads\/2025\/09\/Cette-sonnette-video-sans-fil-2K-le-mieux-notee-est.png","contentUrl":"https:\/\/vieassociative.be\/actualites\/wp-content\/uploads\/2025\/09\/Cette-sonnette-video-sans-fil-2K-le-mieux-notee-est.png","width":1200,"height":675,"caption":"Cette sonnette vid\u00e9o sans fil 2K le mieux not\u00e9e est plus de 50% de r\u00e9duction en ce moment"},{"@type":"BreadcrumbList","@id":"https:\/\/vieassociative.be\/actualites\/cette-sonnette-video-sans-fil-2k-le-mieux-notee-est-plus-de-50-de-reduction-en-ce-moment\/#breadcrumb","itemListElement":[{"@type":"ListItem","position":1,"name":"Accueil","item":"https:\/\/vieassociative.be\/actualites\/"},{"@type":"ListItem","position":2,"name":"Cette sonnette vid\u00e9o sans fil 2K le mieux not\u00e9e est plus de 50% de r\u00e9duction en ce moment"}]},{"@type":"WebSite","@id":"https:\/\/vieassociative.be\/actualites\/#website","url":"https:\/\/vieassociative.be\/actualites\/","name":"Vie Associative","description":"","publisher":{"@id":"https:\/\/vieassociative.be\/actualites\/#organization"},"potentialAction":[{"@type":"SearchAction","target":{"@type":"EntryPoint","urlTemplate":"https:\/\/vieassociative.be\/actualites\/?s={search_term_string}"},"query-input":{"@type":"PropertyValueSpecification","valueRequired":true,"valueName":"search_term_string"}}],"inLanguage":"fr-BE"},{"@type":"Organization","@id":"https:\/\/vieassociative.be\/actualites\/#organization","name":"Vie Associative","url":"https:\/\/vieassociative.be\/actualites\/","logo":{"@type":"ImageObject","inLanguage":"fr-BE","@id":"https:\/\/vieassociative.be\/actualites\/#\/schema\/logo\/image\/","url":"https:\/\/vieassociative.be\/actualites\/wp-content\/uploads\/2024\/09\/cropped-vieassociative_favicon.ico.png","contentUrl":"https:\/\/vieassociative.be\/actualites\/wp-content\/uploads\/2024\/09\/cropped-vieassociative_favicon.ico.png","width":512,"height":512,"caption":"Vie Associative"},"image":{"@id":"https:\/\/vieassociative.be\/actualites\/#\/schema\/logo\/image\/"}},{"@type":"Person","@id":"https:\/\/vieassociative.be\/actualites\/#\/schema\/person\/b87ac4f82f9d4e7b7cec7395b679edc4","name":"Julien","image":{"@type":"ImageObject","inLanguage":"fr-BE","@id":"https:\/\/vieassociative.be\/actualites\/#\/schema\/person\/image\/","url":"https:\/\/vieassociative.be\/actualites\/wp-content\/uploads\/2024\/09\/vie-associative-1-150x150.jpg","contentUrl":"https:\/\/vieassociative.be\/actualites\/wp-content\/uploads\/2024\/09\/vie-associative-1-150x150.jpg","caption":"Julien"},"description":"Je suis Julien, r\u00e9dacteur pour Vie Associative. Passionn\u00e9 par le monde associatif depuis plus de 10 ans, j'ai \u00e0 c\u0153ur de partager des histoires inspirantes et de mettre en lumi\u00e8re les initiatives locales. Mon objectif est de sensibiliser et d'encourager l'engagement communautaire \u00e0 travers mes articles.","sameAs":["https:\/\/vieassociative.be\/"]}]}},"_links":{"self":[{"href":"https:\/\/vieassociative.be\/actualites\/wp-json\/wp\/v2\/posts\/10075"}],"collection":[{"href":"https:\/\/vieassociative.be\/actualites\/wp-json\/wp\/v2\/posts"}],"about":[{"href":"https:\/\/vieassociative.be\/actualites\/wp-json\/wp\/v2\/types\/post"}],"author":[{"embeddable":true,"href":"https:\/\/vieassociative.be\/actualites\/wp-json\/wp\/v2\/users\/1"}],"replies":[{"embeddable":true,"href":"https:\/\/vieassociative.be\/actualites\/wp-json\/wp\/v2\/comments?post=10075"}],"version-history":[{"count":0,"href":"https:\/\/vieassociative.be\/actualites\/wp-json\/wp\/v2\/posts\/10075\/revisions"}],"wp:featuredmedia":[{"embeddable":true,"href":"https:\/\/vieassociative.be\/actualites\/wp-json\/wp\/v2\/media\/10076"}],"wp:attachment":[{"href":"https:\/\/vieassociative.be\/actualites\/wp-json\/wp\/v2\/media?parent=10075"}],"wp:term":[{"taxonomy":"category","embeddable":true,"href":"https:\/\/vieassociative.be\/actualites\/wp-json\/wp\/v2\/categories?post=10075"},{"taxonomy":"post_tag","embeddable":true,"href":"https:\/\/vieassociative.be\/actualites\/wp-json\/wp\/v2\/tags?post=10075"}],"curies":[{"name":"wp","href":"https:\/\/api.w.org\/{rel}","templated":true}]}}