{"id":10070,"date":"2025-09-16T10:17:47","date_gmt":"2025-09-16T08:17:47","guid":{"rendered":"https:\/\/vieassociative.be\/actualites\/trump-a-poursuivi-new-york-times-pour-15-milliards-de-dollars-tube-linguistique-de-la-gauche-radicale\/"},"modified":"2025-09-16T10:17:47","modified_gmt":"2025-09-16T08:17:47","slug":"trump-a-poursuivi-new-york-times-pour-15-milliards-de-dollars-tube-linguistique-de-la-gauche-radicale","status":"publish","type":"post","link":"https:\/\/vieassociative.be\/actualites\/trump-a-poursuivi-new-york-times-pour-15-milliards-de-dollars-tube-linguistique-de-la-gauche-radicale\/","title":{"rendered":"Trump a poursuivi \u00ab\u00a0New York Times\u00a0\u00bb pour 15 milliards de dollars: \u00ab\u00a0Tube linguistique de la gauche radicale\u00a0\u00bb"},"content":{"rendered":"<p><strong>Le pr\u00e9sident am\u00e9ricain Donald Trump a annonc\u00e9 un proc\u00e8s contre le \u00ab\u00a0New York Times\u00a0\u00bb, dans lequel il veut exiger 15 milliards de dollars du journal.<\/strong><\/p>\n<p><span id=\"more-424670\"><\/span>La feuille \u00ab\u00a0est devenue un vrai\u00a0\u00bb porte-parole \u00ab\u00a0du parti d\u00e9mocrate de gauche radical\u00a0\u00bb, a \u00e9crit Trump sur sa plate-forme sociale de v\u00e9rit\u00e9. Le \u00abNew York Times\u00bb n&rsquo;a initialement pas comment\u00e9 l&rsquo;annonce de Trump.<\/p>\n<p>Le journal a particip\u00e9 \u00e0 un mensonge sur Trump, sa famille, son entreprise, le mouvement \u00ab\u00a0Make America Great Again\u00a0\u00bb (Maga) et les \u00c9tats-Unis dans son ensemble, a poursuivi Trump.<\/p>\n<div id=\"attachment_424677\" class=\"wp-caption alignleft\" style=\"max-width: 300px\"><img fetchpriority=\"high\" decoding=\"async\" class=\"wp-image-424677 size-medium\" src=\"https:\/\/vieassociative.be\/actualites\/wp-content\/uploads\/2025\/09\/Trump-a-poursuivi-New-York-Times-pour-15-milliards-de.jpg\" alt=\"\" width=\"300\" height=\"200\"><\/div>\n<p>Le pr\u00e9sident am\u00e9ricain a \u00e9galement critiqu\u00e9 le journal pour avoir soutenu son concurrent d\u00e9mocrate Kamala Harris pendant la campagne \u00e9lectorale pr\u00e9sidentielle. \u00ab\u00a0Je consid\u00e8re que c&rsquo;est la plus grande contribution de campagne ill\u00e9gale de tous les temps\u00a0\u00bb, a-t-il \u00e9crit.<\/p>\n<p>\u00ab\u00a0Le\u00ab New York Times \u00bba \u00e9t\u00e9 autoris\u00e9 \u00e0 mentir, \u00e0 me diffammer et \u00e0 me calmer librement pendant trop longtemps, et cela s&rsquo;arr\u00eate maintenant\u00bb, a \u00e9crit Trump. Le proc\u00e8s est soumis dans l&rsquo;\u00c9tat de Floride. De plus amples d\u00e9tails n&rsquo;\u00e9taient initialement pas connus.<\/p>\n<p>Dans le pass\u00e9, Trump a d\u00e9j\u00e0 fait des plaintes contre diff\u00e9rents m\u00e9dias, notamment contre le diffuseur CBS et le diffuseur ABC. Dans les deux cas, les pages ont convenu d&rsquo;une comparaison en millions. Les critiques voient une attaque contre la libert\u00e9 de la presse dans les plaintes.<\/p>\n<p>En outre, le pr\u00e9sident am\u00e9ricain s&rsquo;installe sur le terrain contre divers autres m\u00e9dias, dont le rapport le contrainte. Par exemple, l&rsquo;agence de presse am\u00e9ricaine AP avait \u00e9t\u00e9 exclue du co-trip dans le gouvernement aviateur. Elle avait refus\u00e9 de reprendre le nouveau nom du golfe du Mexique &#8211; \u00ab\u00a0Golf of America\u00a0\u00bb. (DPA)<\/p>\n","protected":false},"excerpt":{"rendered":"<p>Le pr\u00e9sident am\u00e9ricain Donald Trump a annonc\u00e9 un proc\u00e8s contre le \u00ab\u00a0New York Times\u00a0\u00bb, dans lequel il veut exiger 15 milliards de dollars du journal.<\/p>\n","protected":false},"author":1,"featured_media":10071,"comment_status":"","ping_status":"","sticky":false,"template":"","format":"standard","meta":{"footnotes":""},"categories":[298],"tags":[3349,7881,8572,4419,81,8132,3412,2926,2425,5499,2925],"class_list":["post-10070","post","type-post","status-publish","format-standard","has-post-thumbnail","hentry","category-belgique","tag-dollars","tag-gauche","tag-linguistique","tag-milliards","tag-pour","tag-poursuivi","tag-radicale","tag-times","tag-trump","tag-tube","tag-york","generate-columns","tablet-grid-50","mobile-grid-100","grid-parent","grid-33"],"yoast_head":"<!-- This site is optimized with the Yoast SEO plugin v24.0 - https:\/\/yoast.com\/wordpress\/plugins\/seo\/ -->\n<title>Trump a poursuivi &quot;New York Times&quot; pour 15 milliards de dollars: &quot;Tube linguistique de la gauche radicale&quot; | Vie Associative<\/title>\n<meta name=\"robots\" content=\"index, follow, max-snippet:-1, max-image-preview:large, max-video-preview:-1\" \/>\n<link rel=\"canonical\" href=\"https:\/\/vieassociative.be\/actualites\/trump-a-poursuivi-new-york-times-pour-15-milliards-de-dollars-tube-linguistique-de-la-gauche-radicale\/\" \/>\n<meta property=\"og:locale\" content=\"fr_FR\" \/>\n<meta property=\"og:type\" content=\"article\" \/>\n<meta property=\"og:title\" content=\"Trump a poursuivi &quot;New York Times&quot; pour 15 milliards de dollars: &quot;Tube linguistique de la gauche radicale&quot; | Vie Associative\" \/>\n<meta property=\"og:description\" content=\"Le pr\u00e9sident am\u00e9ricain Donald Trump a annonc\u00e9 un proc\u00e8s contre le \u00ab\u00a0New York Times\u00a0\u00bb, dans lequel il veut exiger 15 milliards de dollars du journal.\" \/>\n<meta property=\"og:url\" content=\"https:\/\/vieassociative.be\/actualites\/trump-a-poursuivi-new-york-times-pour-15-milliards-de-dollars-tube-linguistique-de-la-gauche-radicale\/\" \/>\n<meta property=\"og:site_name\" content=\"Vie Associative\" \/>\n<meta property=\"article:published_time\" content=\"2025-09-16T08:17:47+00:00\" \/>\n<meta property=\"og:image\" content=\"https:\/\/vieassociative.be\/actualites\/wp-content\/uploads\/2024\/09\/header_backgroundk-01-e1726694325946.png\" \/>\n\t<meta property=\"og:image:width\" content=\"279\" \/>\n\t<meta property=\"og:image:height\" content=\"92\" \/>\n\t<meta property=\"og:image:type\" content=\"image\/png\" \/>\n<meta name=\"author\" content=\"Julien\" \/>\n<meta name=\"twitter:card\" content=\"summary_large_image\" \/>\n<meta name=\"twitter:label1\" content=\"\u00c9crit par\" \/>\n\t<meta name=\"twitter:data1\" content=\"Julien\" \/>\n\t<meta name=\"twitter:label2\" content=\"Dur\u00e9e de lecture est.\" \/>\n\t<meta name=\"twitter:data2\" content=\"1 minute\" \/>\n<script type=\"application\/ld+json\" class=\"yoast-schema-graph\">{\"@context\":\"https:\/\/schema.org\",\"@graph\":[{\"@type\":\"Article\",\"@id\":\"https:\/\/vieassociative.be\/actualites\/trump-a-poursuivi-new-york-times-pour-15-milliards-de-dollars-tube-linguistique-de-la-gauche-radicale\/#article\",\"isPartOf\":{\"@id\":\"https:\/\/vieassociative.be\/actualites\/trump-a-poursuivi-new-york-times-pour-15-milliards-de-dollars-tube-linguistique-de-la-gauche-radicale\/\"},\"author\":{\"name\":\"Julien\",\"@id\":\"https:\/\/vieassociative.be\/actualites\/#\/schema\/person\/b87ac4f82f9d4e7b7cec7395b679edc4\"},\"headline\":\"Trump a poursuivi \u00ab\u00a0New York Times\u00a0\u00bb pour 15 milliards de dollars: \u00ab\u00a0Tube linguistique de la gauche radicale\u00a0\u00bb\",\"datePublished\":\"2025-09-16T08:17:47+00:00\",\"dateModified\":\"2025-09-16T08:17:47+00:00\",\"mainEntityOfPage\":{\"@id\":\"https:\/\/vieassociative.be\/actualites\/trump-a-poursuivi-new-york-times-pour-15-milliards-de-dollars-tube-linguistique-de-la-gauche-radicale\/\"},\"wordCount\":307,\"publisher\":{\"@id\":\"https:\/\/vieassociative.be\/actualites\/#organization\"},\"image\":{\"@id\":\"https:\/\/vieassociative.be\/actualites\/trump-a-poursuivi-new-york-times-pour-15-milliards-de-dollars-tube-linguistique-de-la-gauche-radicale\/#primaryimage\"},\"thumbnailUrl\":\"https:\/\/vieassociative.be\/actualites\/wp-content\/uploads\/2025\/09\/1758010668_Trump-a-poursuivi-New-York-Times-pour-15-milliards-de.jpg\",\"keywords\":[\"dollars\",\"gauche\",\"linguistique\",\"milliards\",\"pour\",\"poursuivi\",\"radicale\",\"Times\",\"Trump\",\"Tube\",\"York\"],\"articleSection\":[\"Belgique\"],\"inLanguage\":\"fr-BE\"},{\"@type\":\"WebPage\",\"@id\":\"https:\/\/vieassociative.be\/actualites\/trump-a-poursuivi-new-york-times-pour-15-milliards-de-dollars-tube-linguistique-de-la-gauche-radicale\/\",\"url\":\"https:\/\/vieassociative.be\/actualites\/trump-a-poursuivi-new-york-times-pour-15-milliards-de-dollars-tube-linguistique-de-la-gauche-radicale\/\",\"name\":\"Trump a poursuivi \\\"New York Times\\\" pour 15 milliards de dollars: \\\"Tube linguistique de la gauche radicale\\\" | Vie Associative\",\"isPartOf\":{\"@id\":\"https:\/\/vieassociative.be\/actualites\/#website\"},\"primaryImageOfPage\":{\"@id\":\"https:\/\/vieassociative.be\/actualites\/trump-a-poursuivi-new-york-times-pour-15-milliards-de-dollars-tube-linguistique-de-la-gauche-radicale\/#primaryimage\"},\"image\":{\"@id\":\"https:\/\/vieassociative.be\/actualites\/trump-a-poursuivi-new-york-times-pour-15-milliards-de-dollars-tube-linguistique-de-la-gauche-radicale\/#primaryimage\"},\"thumbnailUrl\":\"https:\/\/vieassociative.be\/actualites\/wp-content\/uploads\/2025\/09\/1758010668_Trump-a-poursuivi-New-York-Times-pour-15-milliards-de.jpg\",\"datePublished\":\"2025-09-16T08:17:47+00:00\",\"dateModified\":\"2025-09-16T08:17:47+00:00\",\"breadcrumb\":{\"@id\":\"https:\/\/vieassociative.be\/actualites\/trump-a-poursuivi-new-york-times-pour-15-milliards-de-dollars-tube-linguistique-de-la-gauche-radicale\/#breadcrumb\"},\"inLanguage\":\"fr-BE\",\"potentialAction\":[{\"@type\":\"ReadAction\",\"target\":[\"https:\/\/vieassociative.be\/actualites\/trump-a-poursuivi-new-york-times-pour-15-milliards-de-dollars-tube-linguistique-de-la-gauche-radicale\/\"]}]},{\"@type\":\"ImageObject\",\"inLanguage\":\"fr-BE\",\"@id\":\"https:\/\/vieassociative.be\/actualites\/trump-a-poursuivi-new-york-times-pour-15-milliards-de-dollars-tube-linguistique-de-la-gauche-radicale\/#primaryimage\",\"url\":\"https:\/\/vieassociative.be\/actualites\/wp-content\/uploads\/2025\/09\/1758010668_Trump-a-poursuivi-New-York-Times-pour-15-milliards-de.jpg\",\"contentUrl\":\"https:\/\/vieassociative.be\/actualites\/wp-content\/uploads\/2025\/09\/1758010668_Trump-a-poursuivi-New-York-Times-pour-15-milliards-de.jpg\",\"width\":1200,\"height\":800,\"caption\":\"Trump a poursuivi \\\"New York Times\\\" pour 15 milliards de dollars: \\\"Tube linguistique de la gauche radicale\\\"\"},{\"@type\":\"BreadcrumbList\",\"@id\":\"https:\/\/vieassociative.be\/actualites\/trump-a-poursuivi-new-york-times-pour-15-milliards-de-dollars-tube-linguistique-de-la-gauche-radicale\/#breadcrumb\",\"itemListElement\":[{\"@type\":\"ListItem\",\"position\":1,\"name\":\"Accueil\",\"item\":\"https:\/\/vieassociative.be\/actualites\/\"},{\"@type\":\"ListItem\",\"position\":2,\"name\":\"Trump a poursuivi \u00ab\u00a0New York Times\u00a0\u00bb pour 15 milliards de dollars: \u00ab\u00a0Tube linguistique de la gauche radicale\u00a0\u00bb\"}]},{\"@type\":\"WebSite\",\"@id\":\"https:\/\/vieassociative.be\/actualites\/#website\",\"url\":\"https:\/\/vieassociative.be\/actualites\/\",\"name\":\"Vie Associative\",\"description\":\"\",\"publisher\":{\"@id\":\"https:\/\/vieassociative.be\/actualites\/#organization\"},\"potentialAction\":[{\"@type\":\"SearchAction\",\"target\":{\"@type\":\"EntryPoint\",\"urlTemplate\":\"https:\/\/vieassociative.be\/actualites\/?s={search_term_string}\"},\"query-input\":{\"@type\":\"PropertyValueSpecification\",\"valueRequired\":true,\"valueName\":\"search_term_string\"}}],\"inLanguage\":\"fr-BE\"},{\"@type\":\"Organization\",\"@id\":\"https:\/\/vieassociative.be\/actualites\/#organization\",\"name\":\"Vie Associative\",\"url\":\"https:\/\/vieassociative.be\/actualites\/\",\"logo\":{\"@type\":\"ImageObject\",\"inLanguage\":\"fr-BE\",\"@id\":\"https:\/\/vieassociative.be\/actualites\/#\/schema\/logo\/image\/\",\"url\":\"https:\/\/vieassociative.be\/actualites\/wp-content\/uploads\/2024\/09\/cropped-vieassociative_favicon.ico.png\",\"contentUrl\":\"https:\/\/vieassociative.be\/actualites\/wp-content\/uploads\/2024\/09\/cropped-vieassociative_favicon.ico.png\",\"width\":512,\"height\":512,\"caption\":\"Vie Associative\"},\"image\":{\"@id\":\"https:\/\/vieassociative.be\/actualites\/#\/schema\/logo\/image\/\"}},{\"@type\":\"Person\",\"@id\":\"https:\/\/vieassociative.be\/actualites\/#\/schema\/person\/b87ac4f82f9d4e7b7cec7395b679edc4\",\"name\":\"Julien\",\"image\":{\"@type\":\"ImageObject\",\"inLanguage\":\"fr-BE\",\"@id\":\"https:\/\/vieassociative.be\/actualites\/#\/schema\/person\/image\/\",\"url\":\"https:\/\/vieassociative.be\/actualites\/wp-content\/uploads\/2024\/09\/vie-associative-1-150x150.jpg\",\"contentUrl\":\"https:\/\/vieassociative.be\/actualites\/wp-content\/uploads\/2024\/09\/vie-associative-1-150x150.jpg\",\"caption\":\"Julien\"},\"description\":\"Je suis Julien, r\u00e9dacteur pour Vie Associative. Passionn\u00e9 par le monde associatif depuis plus de 10 ans, j'ai \u00e0 c\u0153ur de partager des histoires inspirantes et de mettre en lumi\u00e8re les initiatives locales. Mon objectif est de sensibiliser et d'encourager l'engagement communautaire \u00e0 travers mes articles.\",\"sameAs\":[\"https:\/\/vieassociative.be\/\"]}]}<\/script>\n<!-- \/ Yoast SEO plugin. -->","yoast_head_json":{"title":"Trump a poursuivi \"New York Times\" pour 15 milliards de dollars: \"Tube linguistique de la gauche radicale\" | Vie Associative","robots":{"index":"index","follow":"follow","max-snippet":"max-snippet:-1","max-image-preview":"max-image-preview:large","max-video-preview":"max-video-preview:-1"},"canonical":"https:\/\/vieassociative.be\/actualites\/trump-a-poursuivi-new-york-times-pour-15-milliards-de-dollars-tube-linguistique-de-la-gauche-radicale\/","og_locale":"fr_FR","og_type":"article","og_title":"Trump a poursuivi \"New York Times\" pour 15 milliards de dollars: \"Tube linguistique de la gauche radicale\" | Vie Associative","og_description":"Le pr\u00e9sident am\u00e9ricain Donald Trump a annonc\u00e9 un proc\u00e8s contre le \u00ab\u00a0New York Times\u00a0\u00bb, dans lequel il veut exiger 15 milliards de dollars du journal.","og_url":"https:\/\/vieassociative.be\/actualites\/trump-a-poursuivi-new-york-times-pour-15-milliards-de-dollars-tube-linguistique-de-la-gauche-radicale\/","og_site_name":"Vie Associative","article_published_time":"2025-09-16T08:17:47+00:00","og_image":[{"width":279,"height":92,"url":"https:\/\/vieassociative.be\/actualites\/wp-content\/uploads\/2024\/09\/header_backgroundk-01-e1726694325946.png","type":"image\/png"}],"author":"Julien","twitter_card":"summary_large_image","twitter_misc":{"\u00c9crit par":"Julien","Dur\u00e9e de lecture est.":"1 minute"},"schema":{"@context":"https:\/\/schema.org","@graph":[{"@type":"Article","@id":"https:\/\/vieassociative.be\/actualites\/trump-a-poursuivi-new-york-times-pour-15-milliards-de-dollars-tube-linguistique-de-la-gauche-radicale\/#article","isPartOf":{"@id":"https:\/\/vieassociative.be\/actualites\/trump-a-poursuivi-new-york-times-pour-15-milliards-de-dollars-tube-linguistique-de-la-gauche-radicale\/"},"author":{"name":"Julien","@id":"https:\/\/vieassociative.be\/actualites\/#\/schema\/person\/b87ac4f82f9d4e7b7cec7395b679edc4"},"headline":"Trump a poursuivi \u00ab\u00a0New York Times\u00a0\u00bb pour 15 milliards de dollars: \u00ab\u00a0Tube linguistique de la gauche radicale\u00a0\u00bb","datePublished":"2025-09-16T08:17:47+00:00","dateModified":"2025-09-16T08:17:47+00:00","mainEntityOfPage":{"@id":"https:\/\/vieassociative.be\/actualites\/trump-a-poursuivi-new-york-times-pour-15-milliards-de-dollars-tube-linguistique-de-la-gauche-radicale\/"},"wordCount":307,"publisher":{"@id":"https:\/\/vieassociative.be\/actualites\/#organization"},"image":{"@id":"https:\/\/vieassociative.be\/actualites\/trump-a-poursuivi-new-york-times-pour-15-milliards-de-dollars-tube-linguistique-de-la-gauche-radicale\/#primaryimage"},"thumbnailUrl":"https:\/\/vieassociative.be\/actualites\/wp-content\/uploads\/2025\/09\/1758010668_Trump-a-poursuivi-New-York-Times-pour-15-milliards-de.jpg","keywords":["dollars","gauche","linguistique","milliards","pour","poursuivi","radicale","Times","Trump","Tube","York"],"articleSection":["Belgique"],"inLanguage":"fr-BE"},{"@type":"WebPage","@id":"https:\/\/vieassociative.be\/actualites\/trump-a-poursuivi-new-york-times-pour-15-milliards-de-dollars-tube-linguistique-de-la-gauche-radicale\/","url":"https:\/\/vieassociative.be\/actualites\/trump-a-poursuivi-new-york-times-pour-15-milliards-de-dollars-tube-linguistique-de-la-gauche-radicale\/","name":"Trump a poursuivi \"New York Times\" pour 15 milliards de dollars: \"Tube linguistique de la gauche radicale\" | Vie Associative","isPartOf":{"@id":"https:\/\/vieassociative.be\/actualites\/#website"},"primaryImageOfPage":{"@id":"https:\/\/vieassociative.be\/actualites\/trump-a-poursuivi-new-york-times-pour-15-milliards-de-dollars-tube-linguistique-de-la-gauche-radicale\/#primaryimage"},"image":{"@id":"https:\/\/vieassociative.be\/actualites\/trump-a-poursuivi-new-york-times-pour-15-milliards-de-dollars-tube-linguistique-de-la-gauche-radicale\/#primaryimage"},"thumbnailUrl":"https:\/\/vieassociative.be\/actualites\/wp-content\/uploads\/2025\/09\/1758010668_Trump-a-poursuivi-New-York-Times-pour-15-milliards-de.jpg","datePublished":"2025-09-16T08:17:47+00:00","dateModified":"2025-09-16T08:17:47+00:00","breadcrumb":{"@id":"https:\/\/vieassociative.be\/actualites\/trump-a-poursuivi-new-york-times-pour-15-milliards-de-dollars-tube-linguistique-de-la-gauche-radicale\/#breadcrumb"},"inLanguage":"fr-BE","potentialAction":[{"@type":"ReadAction","target":["https:\/\/vieassociative.be\/actualites\/trump-a-poursuivi-new-york-times-pour-15-milliards-de-dollars-tube-linguistique-de-la-gauche-radicale\/"]}]},{"@type":"ImageObject","inLanguage":"fr-BE","@id":"https:\/\/vieassociative.be\/actualites\/trump-a-poursuivi-new-york-times-pour-15-milliards-de-dollars-tube-linguistique-de-la-gauche-radicale\/#primaryimage","url":"https:\/\/vieassociative.be\/actualites\/wp-content\/uploads\/2025\/09\/1758010668_Trump-a-poursuivi-New-York-Times-pour-15-milliards-de.jpg","contentUrl":"https:\/\/vieassociative.be\/actualites\/wp-content\/uploads\/2025\/09\/1758010668_Trump-a-poursuivi-New-York-Times-pour-15-milliards-de.jpg","width":1200,"height":800,"caption":"Trump a poursuivi \"New York Times\" pour 15 milliards de dollars: \"Tube linguistique de la gauche radicale\""},{"@type":"BreadcrumbList","@id":"https:\/\/vieassociative.be\/actualites\/trump-a-poursuivi-new-york-times-pour-15-milliards-de-dollars-tube-linguistique-de-la-gauche-radicale\/#breadcrumb","itemListElement":[{"@type":"ListItem","position":1,"name":"Accueil","item":"https:\/\/vieassociative.be\/actualites\/"},{"@type":"ListItem","position":2,"name":"Trump a poursuivi \u00ab\u00a0New York Times\u00a0\u00bb pour 15 milliards de dollars: \u00ab\u00a0Tube linguistique de la gauche radicale\u00a0\u00bb"}]},{"@type":"WebSite","@id":"https:\/\/vieassociative.be\/actualites\/#website","url":"https:\/\/vieassociative.be\/actualites\/","name":"Vie Associative","description":"","publisher":{"@id":"https:\/\/vieassociative.be\/actualites\/#organization"},"potentialAction":[{"@type":"SearchAction","target":{"@type":"EntryPoint","urlTemplate":"https:\/\/vieassociative.be\/actualites\/?s={search_term_string}"},"query-input":{"@type":"PropertyValueSpecification","valueRequired":true,"valueName":"search_term_string"}}],"inLanguage":"fr-BE"},{"@type":"Organization","@id":"https:\/\/vieassociative.be\/actualites\/#organization","name":"Vie Associative","url":"https:\/\/vieassociative.be\/actualites\/","logo":{"@type":"ImageObject","inLanguage":"fr-BE","@id":"https:\/\/vieassociative.be\/actualites\/#\/schema\/logo\/image\/","url":"https:\/\/vieassociative.be\/actualites\/wp-content\/uploads\/2024\/09\/cropped-vieassociative_favicon.ico.png","contentUrl":"https:\/\/vieassociative.be\/actualites\/wp-content\/uploads\/2024\/09\/cropped-vieassociative_favicon.ico.png","width":512,"height":512,"caption":"Vie Associative"},"image":{"@id":"https:\/\/vieassociative.be\/actualites\/#\/schema\/logo\/image\/"}},{"@type":"Person","@id":"https:\/\/vieassociative.be\/actualites\/#\/schema\/person\/b87ac4f82f9d4e7b7cec7395b679edc4","name":"Julien","image":{"@type":"ImageObject","inLanguage":"fr-BE","@id":"https:\/\/vieassociative.be\/actualites\/#\/schema\/person\/image\/","url":"https:\/\/vieassociative.be\/actualites\/wp-content\/uploads\/2024\/09\/vie-associative-1-150x150.jpg","contentUrl":"https:\/\/vieassociative.be\/actualites\/wp-content\/uploads\/2024\/09\/vie-associative-1-150x150.jpg","caption":"Julien"},"description":"Je suis Julien, r\u00e9dacteur pour Vie Associative. Passionn\u00e9 par le monde associatif depuis plus de 10 ans, j'ai \u00e0 c\u0153ur de partager des histoires inspirantes et de mettre en lumi\u00e8re les initiatives locales. Mon objectif est de sensibiliser et d'encourager l'engagement communautaire \u00e0 travers mes articles.","sameAs":["https:\/\/vieassociative.be\/"]}]}},"_links":{"self":[{"href":"https:\/\/vieassociative.be\/actualites\/wp-json\/wp\/v2\/posts\/10070"}],"collection":[{"href":"https:\/\/vieassociative.be\/actualites\/wp-json\/wp\/v2\/posts"}],"about":[{"href":"https:\/\/vieassociative.be\/actualites\/wp-json\/wp\/v2\/types\/post"}],"author":[{"embeddable":true,"href":"https:\/\/vieassociative.be\/actualites\/wp-json\/wp\/v2\/users\/1"}],"replies":[{"embeddable":true,"href":"https:\/\/vieassociative.be\/actualites\/wp-json\/wp\/v2\/comments?post=10070"}],"version-history":[{"count":0,"href":"https:\/\/vieassociative.be\/actualites\/wp-json\/wp\/v2\/posts\/10070\/revisions"}],"wp:featuredmedia":[{"embeddable":true,"href":"https:\/\/vieassociative.be\/actualites\/wp-json\/wp\/v2\/media\/10071"}],"wp:attachment":[{"href":"https:\/\/vieassociative.be\/actualites\/wp-json\/wp\/v2\/media?parent=10070"}],"wp:term":[{"taxonomy":"category","embeddable":true,"href":"https:\/\/vieassociative.be\/actualites\/wp-json\/wp\/v2\/categories?post=10070"},{"taxonomy":"post_tag","embeddable":true,"href":"https:\/\/vieassociative.be\/actualites\/wp-json\/wp\/v2\/tags?post=10070"}],"curies":[{"name":"wp","href":"https:\/\/api.w.org\/{rel}","templated":true}]}}