{"id":10066,"date":"2025-09-16T07:17:03","date_gmt":"2025-09-16T05:17:03","guid":{"rendered":"https:\/\/vieassociative.be\/actualites\/comment-defaire-le-nouveau-regard-de-votre-iphone-ios-26\/"},"modified":"2025-09-16T07:17:03","modified_gmt":"2025-09-16T05:17:03","slug":"comment-defaire-le-nouveau-regard-de-votre-iphone-ios-26","status":"publish","type":"post","link":"https:\/\/vieassociative.be\/actualites\/comment-defaire-le-nouveau-regard-de-votre-iphone-ios-26\/","title":{"rendered":"Comment d\u00e9faire le nouveau regard de votre iPhone iOS 26"},"content":{"rendered":"<div class=\"mt-4 leading-6 md:mb-8\">Vous n&rsquo;avez pas \u00e0 accepter le verre liquide.<\/div>\n<p><\/p>\n<p><em>Saviez-vous que vous pouvez personnaliser Google pour filtrer les ordures? Prendre ces \u00e9tapes<\/em><em>  Pour de meilleurs r\u00e9sultats de recherche, notamment l&rsquo;ajout de Vie Associative comme source pr\u00e9f\u00e9r\u00e9e pour les nouvelles technologiques<\/em><em>.<\/em><\/p>\n<hr>\n<p>IOS 26 d&rsquo;Apple sort aujourd&rsquo;hui, et avec lui, un nouveau langage de conception appel\u00e9 Liquid Glass. Bien que l&rsquo;\u00e9cran d&rsquo;accueil de l&rsquo;iPhone ait \u00e9t\u00e9 plus ou moins le m\u00eame depuis que Apple a abandonn\u00e9 le skeuomorphisme en 2013, lorsque vous ouvrez votre t\u00e9l\u00e9phone aujourd&rsquo;hui, apr\u00e8s avoir t\u00e9l\u00e9charg\u00e9 la derni\u00e8re mise \u00e0 jour de l&rsquo;entreprise, vous pourriez \u00eatre surprise. Le nouveau look d&rsquo;Apple pour l&rsquo;iPhone priorise la transparence, et tout le monde n&rsquo;est pas un fan.<\/p>\n<p>Heureusement, si vous n&rsquo;aimez pas le verre liquide, il y a quelque chose que vous pouvez faire \u00e0 ce sujet. Vous ne pouvez pas vous d\u00e9barrasser enti\u00e8rement, mais voici comment rendre votre iPhone aussi pr\u00e8s que possible de l&rsquo;apparence avant, \u00e0 la fois \u00e0 travers l&rsquo;\u00e9cran d&rsquo;accueil et les applications comme Safari.<\/p>\n<div class=\"mx-auto mb-12 mt-5 w-full max-w-3xl rounded-md border-2 border-gray-100 p-3 shadow-md md:px-7 md:pb-7 md:pt-5\" id=\"related-video\">\n<div class=\"mb-3 flex items-center md:mb-5\">\n        <img decoding=\"async\" class=\"mr-4 mt-0 h-10 w-10 md:mr-5 md:h-12 md:w-12\" src=\"https:\/\/vieassociative.be\/actualites\/wp-content\/uploads\/2025\/09\/1757726237_608_Meta-pourrait-devoiler-une-montre-intelligente-pour-controler-ses-lunettes.jpg\" alt=\"Logo Lifehacker\"><\/p><\/div>\n<div class=\"aspect-video w-full overflow-hidden rounded-md\">\n<div id=\"video-container-01K58EK9FCQNDTPPSX6M5XPW5F\"><\/div>\n<\/p><\/div>\n<\/div>\n<h2 id=\"what-is-liquid-glass\">Qu&rsquo;est-ce que le verre liquide?<\/h2>\n<p>Tout d&rsquo;abord, connaissez votre ennemi. Si vous avez d\u00e9j\u00e0 utilis\u00e9 Windows Vista dans la journ\u00e9e, vous avez une id\u00e9e de ce \u00e0 quoi vous \u00eates confront\u00e9 ici. Ce syst\u00e8me d&rsquo;exploitation \u00e9tait c\u00e9l\u00e8bre pour l&rsquo;ajout d&rsquo;effets de transparence \u00e0 Windows qui ont radicalement affect\u00e9 les performances, et bien que l&rsquo;iPhone semble s&rsquo;\u00eatre enregistr\u00e9 de tous les probl\u00e8mes de performances avec sa propre mise \u00e0 jour, l&rsquo;objectif semble \u00eatre le m\u00eame: laissez-vous voir ce qui est en dessous de vos boutons et superpos\u00e9s en brouillant et en obscurcissant votre arri\u00e8re-plan avant de le laisser saigner.<\/p>\n<p>En th\u00e9orie, cela ajoute un peu de profondeur \u00e0 votre affichage et pourrait faciliter la compr\u00e9hension de la fa\u00e7on dont vos diff\u00e9rents \u00e9l\u00e9ments d&rsquo;\u00e9cran existent les uns par rapport aux autres. Mais dans la pratique, certains se sont plaints qu&rsquo;il \u00e9tait distrayant, inondant votre \u00e9cran d&rsquo;informations non pertinentes avec lesquelles vous ne pouvez rien faire.<\/p>\n<p>Apple a en fait abord\u00e9 ces plaintes un peu tout au long de la version b\u00eata iOS 26, rendant sp\u00e9cifiquement le centre de contr\u00f4le moins occup\u00e9. Mais il va toujours de l&rsquo;avant avec les changements de conception dans l&rsquo;ensemble.<\/p>\n<h2 id=\"how-to-fix-liquid-glass\">Comment \u00ab\u00a0r\u00e9parer\u00a0\u00bb du verre liquide<\/h2>\n<div class=\"eloquent-imagery-image\">\n<div class=\"flex justify-center\">\n                    <img decoding=\"async\" class=\"border border-gray-100\" src=\"https:\/\/vieassociative.be\/actualites\/wp-content\/uploads\/2025\/09\/Comment-defaire-le-nouveau-regard-de-votre-iPhone-iOS-26.png\" alt=\"R\u00e9duire le contr\u00f4le de transparence\" width=\"2000\" height=\"1125\" loading=\"lazy\"  >\n            <\/div>\n<\/p><\/div>\n<p>Si vous pr\u00e9f\u00e9rez qu&rsquo;Apple laisse la conception de votre iPhone seule, vous avez des options. Pendant la version b\u00eata, les utilisateurs ont d\u00e9couvert un contr\u00f4le d&rsquo;accessibilit\u00e9 pr\u00e9existant dans iOS qui, apparemment, sutorine la plupart des changements de verre liquide. Il ne se d\u00e9barrassera pas de toutes les mises \u00e0 jour &#8211; le nouveau bouton de basculement plus large n&rsquo;est pas affect\u00e9, par exemple, mais il contribue grandement \u00e0 restaurer votre t\u00e9l\u00e9phone \u00e0 son apparence avant. <\/p>\n<p>Appel\u00e9 <strong>R\u00e9duire la transparence<\/strong>ce contr\u00f4le existe depuis des ann\u00e9es, et \u00e9tait \u00e0 l&rsquo;origine destin\u00e9 \u00e0 ajouter un fond solide \u00e0 tous les \u00e9l\u00e9ments de verre pr\u00e9-liquide qui avaient d\u00e9j\u00e0 des arri\u00e8re-plans transparents ou floues, comme l&rsquo;\u00e9cran d&rsquo;entr\u00e9e du code de passe. Maintenant, cependant, il s&rsquo;av\u00e8re que cela affecte \u00e9galement le verre liquide dans son ensemble.<\/p>\n<p>Vous pouvez voir les changements ici. Remarquez comment le bouton de jeu sur Apple Music ne laisse plus les illustrations de l&rsquo;album floue saigner, vous permettant de lire plus clairement le nom de l&rsquo;artiste?<\/p>\n<p>Bien que je n&rsquo;ai pas encore mis la main sur du verre liquide, je pense que je vais allumer tout de suite. J&rsquo;aime les gros boutons gros, et <strong>R\u00e9duire la transparence<\/strong> On dirait que la fa\u00e7on d&rsquo;obtenir exactement cela, m\u00eame si Apple insiste sur le fait que la transparence est l&rsquo;avenir. Si cela vous ressemble, voici o\u00f9 vous pouvez l&rsquo;allumer:<\/p>\n<p><strong>Param\u00e8tres> Accessibilit\u00e9> Affichage et taille du texte<\/strong>.<\/p>\n<p>Et bien que cela n&rsquo;ait pas n\u00e9cessairement rien \u00e0 voir avec le verre liquide, pendant que vous \u00eates dans vos contr\u00f4les d&rsquo;accessibilit\u00e9, vous voudrez peut-\u00eatre \u00e9galement allumer le <strong>Augmenter le contraste <\/strong>L&rsquo;option, qui fera que les \u00e9l\u00e9ments de premier plan de vos applications appartiennent un peu plus l&rsquo;arri\u00e8re-plan. Apr\u00e8s avoir allum\u00e9 cela, vous le verrez imm\u00e9diatement sur les bascules de la page des param\u00e8tres, qui prendra une nuance de gris plus sombre lorsqu&rsquo;il est handicap\u00e9. Ceci est facultatif, mais aide \u00e0 ajouter au look de boutons gros et ram\u00e8ne un peu de la profondeur que le verre liquide op\u00e8re, sans rendre votre \u00e9cran plus occup\u00e9.<\/p>\n<h2 id=\"bring-back-the-old-safari-url-bar\">Ramenez l&rsquo;ancienne barre d&rsquo;URL de safari<\/h2>\n<div class=\"eloquent-imagery-image\">\n<div class=\"flex justify-center\">\n                    <img decoding=\"async\" class=\"border border-gray-100\" src=\"https:\/\/vieassociative.be\/actualites\/wp-content\/uploads\/2025\/09\/1757999823_388_Comment-defaire-le-nouveau-regard-de-votre-iPhone-iOS-26.png\" alt=\"Options de mise en page Safari\" width=\"2000\" height=\"1124\" loading=\"lazy\"  >\n            <\/div>\n<\/p><\/div>\n<p>Pour la plupart, une fois que vous avez permis de \u00abr\u00e9duire la transparence\u00bb, vous vous \u00eates d\u00e9barrass\u00e9 des d\u00e9cisions de conception les plus extr\u00eames du verre liquide. Techniquement, la mise \u00e0 jour vous permet \u00e9galement de clarifier vos ic\u00f4nes ou d&rsquo;ajuster vos widgets d&rsquo;\u00e9cran de verrouillage, mais ces modifications doivent \u00eatre opt\u00e9es. Cependant, une application importante sera assez radicalement diff\u00e9rente par d\u00e9faut: Safari.<\/p>\n<p>Lorsque vous ouvrez Safari apr\u00e8s avoir install\u00e9 iOS 26, vous remarquerez que la barre d&rsquo;URL n&rsquo;est plus qu&rsquo;une petite pilule en bas de l&rsquo;\u00e9cran, \u00e0 c\u00f4t\u00e9 d&rsquo;un petit bouton arri\u00e8re et d&rsquo;un bouton de rafra\u00eechissement encore plus petit. Toutes vos autres anciennes fonctionnalit\u00e9s de navigation sont plut\u00f4t cach\u00e9es dans le menu \u00e0 trois points, ou derri\u00e8re divers balayages et pressions longues.<\/p>\n<p>Personnellement, certains d&rsquo;entre nous \u00e0 Vie Associative pensent que la barre d&rsquo;adresse plus petite en vaut la peine, mais si vous voulez revenir \u00e0 l&rsquo;ancienne barre d&rsquo;URL, vous pouvez le faire. Naviguez simplement vers <strong>Param\u00e8tres> Applications> Safari<\/strong>. Sous <strong>Onglets <\/strong>Section, vous verrez trois options de mise en page. <strong>Compact<\/strong> est le nouveau d\u00e9faut, mais <strong>Bas<\/strong> ram\u00e8nera l&rsquo;ancien look, avec des commandes compl\u00e8tes pour le dos, l&rsquo;avant, le partage, les signets et les onglets tous dispos\u00e9s sous l&rsquo;adresse. Il y a aussi un nouveau <strong>Haut<\/strong> Option, si vous le souhaitez, cela d\u00e9place l&rsquo;adresse du site Web en haut de l&rsquo;\u00e9cran mais laisse la navigation en bas.<\/p>\n","protected":false},"excerpt":{"rendered":"<p>Vous n&rsquo;avez pas \u00e0 accepter le verre liquide. Saviez-vous que vous pouvez personnaliser Google pour filtrer les ordures? Prendre ces \u00e9tapes Pour de meilleurs r\u00e9sultats<\/p>\n","protected":false},"author":1,"featured_media":10067,"comment_status":"","ping_status":"","sticky":false,"template":"","format":"standard","meta":{"footnotes":""},"categories":[13],"tags":[44,8570,21,652,553,3648,8],"class_list":["post-10066","post","type-post","status-publish","format-standard","has-post-thumbnail","hentry","category-technologie","tag-comment","tag-defaire","tag-ios","tag-iphone","tag-nouveau","tag-regard","tag-votre","generate-columns","tablet-grid-50","mobile-grid-100","grid-parent","grid-33"],"yoast_head":"<!-- This site is optimized with the Yoast SEO plugin v24.0 - https:\/\/yoast.com\/wordpress\/plugins\/seo\/ -->\n<title>Comment d\u00e9faire le nouveau regard de votre iPhone iOS 26 | Vie Associative<\/title>\n<meta name=\"robots\" content=\"index, follow, max-snippet:-1, max-image-preview:large, max-video-preview:-1\" \/>\n<link rel=\"canonical\" href=\"https:\/\/vieassociative.be\/actualites\/comment-defaire-le-nouveau-regard-de-votre-iphone-ios-26\/\" \/>\n<meta property=\"og:locale\" content=\"fr_FR\" \/>\n<meta property=\"og:type\" content=\"article\" \/>\n<meta property=\"og:title\" content=\"Comment d\u00e9faire le nouveau regard de votre iPhone iOS 26 | Vie Associative\" \/>\n<meta property=\"og:description\" content=\"Vous n&rsquo;avez pas \u00e0 accepter le verre liquide. Saviez-vous que vous pouvez personnaliser Google pour filtrer les ordures? Prendre ces \u00e9tapes Pour de meilleurs r\u00e9sultats\" \/>\n<meta property=\"og:url\" content=\"https:\/\/vieassociative.be\/actualites\/comment-defaire-le-nouveau-regard-de-votre-iphone-ios-26\/\" \/>\n<meta property=\"og:site_name\" content=\"Vie Associative\" \/>\n<meta property=\"article:published_time\" content=\"2025-09-16T05:17:03+00:00\" \/>\n<meta property=\"og:image\" content=\"https:\/\/vieassociative.be\/actualites\/wp-content\/uploads\/2025\/09\/1757726237_608_Meta-pourrait-devoiler-une-montre-intelligente-pour-controler-ses-lunettes.jpg\" \/>\n<meta name=\"author\" content=\"Julien\" \/>\n<meta name=\"twitter:card\" content=\"summary_large_image\" \/>\n<meta name=\"twitter:label1\" content=\"\u00c9crit par\" \/>\n\t<meta name=\"twitter:data1\" content=\"Julien\" \/>\n\t<meta name=\"twitter:label2\" content=\"Dur\u00e9e de lecture est.\" \/>\n\t<meta name=\"twitter:data2\" content=\"5 minutes\" \/>\n<script type=\"application\/ld+json\" class=\"yoast-schema-graph\">{\"@context\":\"https:\/\/schema.org\",\"@graph\":[{\"@type\":\"Article\",\"@id\":\"https:\/\/vieassociative.be\/actualites\/comment-defaire-le-nouveau-regard-de-votre-iphone-ios-26\/#article\",\"isPartOf\":{\"@id\":\"https:\/\/vieassociative.be\/actualites\/comment-defaire-le-nouveau-regard-de-votre-iphone-ios-26\/\"},\"author\":{\"name\":\"Julien\",\"@id\":\"https:\/\/vieassociative.be\/actualites\/#\/schema\/person\/b87ac4f82f9d4e7b7cec7395b679edc4\"},\"headline\":\"Comment d\u00e9faire le nouveau regard de votre iPhone iOS 26\",\"datePublished\":\"2025-09-16T05:17:03+00:00\",\"dateModified\":\"2025-09-16T05:17:03+00:00\",\"mainEntityOfPage\":{\"@id\":\"https:\/\/vieassociative.be\/actualites\/comment-defaire-le-nouveau-regard-de-votre-iphone-ios-26\/\"},\"wordCount\":1072,\"publisher\":{\"@id\":\"https:\/\/vieassociative.be\/actualites\/#organization\"},\"image\":{\"@id\":\"https:\/\/vieassociative.be\/actualites\/comment-defaire-le-nouveau-regard-de-votre-iphone-ios-26\/#primaryimage\"},\"thumbnailUrl\":\"https:\/\/vieassociative.be\/actualites\/wp-content\/uploads\/2025\/09\/1757999825_Comment-defaire-le-nouveau-regard-de-votre-iPhone-iOS-26.png\",\"keywords\":[\"Comment\",\"d\u00e9faire\",\"iOS\",\"iPhone\",\"nouveau\",\"regard\",\"votre\"],\"articleSection\":[\"Technologie\"],\"inLanguage\":\"fr-BE\"},{\"@type\":\"WebPage\",\"@id\":\"https:\/\/vieassociative.be\/actualites\/comment-defaire-le-nouveau-regard-de-votre-iphone-ios-26\/\",\"url\":\"https:\/\/vieassociative.be\/actualites\/comment-defaire-le-nouveau-regard-de-votre-iphone-ios-26\/\",\"name\":\"Comment d\u00e9faire le nouveau regard de votre iPhone iOS 26 | Vie Associative\",\"isPartOf\":{\"@id\":\"https:\/\/vieassociative.be\/actualites\/#website\"},\"primaryImageOfPage\":{\"@id\":\"https:\/\/vieassociative.be\/actualites\/comment-defaire-le-nouveau-regard-de-votre-iphone-ios-26\/#primaryimage\"},\"image\":{\"@id\":\"https:\/\/vieassociative.be\/actualites\/comment-defaire-le-nouveau-regard-de-votre-iphone-ios-26\/#primaryimage\"},\"thumbnailUrl\":\"https:\/\/vieassociative.be\/actualites\/wp-content\/uploads\/2025\/09\/1757999825_Comment-defaire-le-nouveau-regard-de-votre-iPhone-iOS-26.png\",\"datePublished\":\"2025-09-16T05:17:03+00:00\",\"dateModified\":\"2025-09-16T05:17:03+00:00\",\"breadcrumb\":{\"@id\":\"https:\/\/vieassociative.be\/actualites\/comment-defaire-le-nouveau-regard-de-votre-iphone-ios-26\/#breadcrumb\"},\"inLanguage\":\"fr-BE\",\"potentialAction\":[{\"@type\":\"ReadAction\",\"target\":[\"https:\/\/vieassociative.be\/actualites\/comment-defaire-le-nouveau-regard-de-votre-iphone-ios-26\/\"]}]},{\"@type\":\"ImageObject\",\"inLanguage\":\"fr-BE\",\"@id\":\"https:\/\/vieassociative.be\/actualites\/comment-defaire-le-nouveau-regard-de-votre-iphone-ios-26\/#primaryimage\",\"url\":\"https:\/\/vieassociative.be\/actualites\/wp-content\/uploads\/2025\/09\/1757999825_Comment-defaire-le-nouveau-regard-de-votre-iPhone-iOS-26.png\",\"contentUrl\":\"https:\/\/vieassociative.be\/actualites\/wp-content\/uploads\/2025\/09\/1757999825_Comment-defaire-le-nouveau-regard-de-votre-iPhone-iOS-26.png\",\"width\":1200,\"height\":675,\"caption\":\"Comment d\u00e9faire le nouveau regard de votre iPhone iOS 26\"},{\"@type\":\"BreadcrumbList\",\"@id\":\"https:\/\/vieassociative.be\/actualites\/comment-defaire-le-nouveau-regard-de-votre-iphone-ios-26\/#breadcrumb\",\"itemListElement\":[{\"@type\":\"ListItem\",\"position\":1,\"name\":\"Accueil\",\"item\":\"https:\/\/vieassociative.be\/actualites\/\"},{\"@type\":\"ListItem\",\"position\":2,\"name\":\"Comment d\u00e9faire le nouveau regard de votre iPhone iOS 26\"}]},{\"@type\":\"WebSite\",\"@id\":\"https:\/\/vieassociative.be\/actualites\/#website\",\"url\":\"https:\/\/vieassociative.be\/actualites\/\",\"name\":\"Vie Associative\",\"description\":\"\",\"publisher\":{\"@id\":\"https:\/\/vieassociative.be\/actualites\/#organization\"},\"potentialAction\":[{\"@type\":\"SearchAction\",\"target\":{\"@type\":\"EntryPoint\",\"urlTemplate\":\"https:\/\/vieassociative.be\/actualites\/?s={search_term_string}\"},\"query-input\":{\"@type\":\"PropertyValueSpecification\",\"valueRequired\":true,\"valueName\":\"search_term_string\"}}],\"inLanguage\":\"fr-BE\"},{\"@type\":\"Organization\",\"@id\":\"https:\/\/vieassociative.be\/actualites\/#organization\",\"name\":\"Vie Associative\",\"url\":\"https:\/\/vieassociative.be\/actualites\/\",\"logo\":{\"@type\":\"ImageObject\",\"inLanguage\":\"fr-BE\",\"@id\":\"https:\/\/vieassociative.be\/actualites\/#\/schema\/logo\/image\/\",\"url\":\"https:\/\/vieassociative.be\/actualites\/wp-content\/uploads\/2024\/09\/cropped-vieassociative_favicon.ico.png\",\"contentUrl\":\"https:\/\/vieassociative.be\/actualites\/wp-content\/uploads\/2024\/09\/cropped-vieassociative_favicon.ico.png\",\"width\":512,\"height\":512,\"caption\":\"Vie Associative\"},\"image\":{\"@id\":\"https:\/\/vieassociative.be\/actualites\/#\/schema\/logo\/image\/\"}},{\"@type\":\"Person\",\"@id\":\"https:\/\/vieassociative.be\/actualites\/#\/schema\/person\/b87ac4f82f9d4e7b7cec7395b679edc4\",\"name\":\"Julien\",\"image\":{\"@type\":\"ImageObject\",\"inLanguage\":\"fr-BE\",\"@id\":\"https:\/\/vieassociative.be\/actualites\/#\/schema\/person\/image\/\",\"url\":\"https:\/\/vieassociative.be\/actualites\/wp-content\/uploads\/2024\/09\/vie-associative-1-150x150.jpg\",\"contentUrl\":\"https:\/\/vieassociative.be\/actualites\/wp-content\/uploads\/2024\/09\/vie-associative-1-150x150.jpg\",\"caption\":\"Julien\"},\"description\":\"Je suis Julien, r\u00e9dacteur pour Vie Associative. Passionn\u00e9 par le monde associatif depuis plus de 10 ans, j'ai \u00e0 c\u0153ur de partager des histoires inspirantes et de mettre en lumi\u00e8re les initiatives locales. Mon objectif est de sensibiliser et d'encourager l'engagement communautaire \u00e0 travers mes articles.\",\"sameAs\":[\"https:\/\/vieassociative.be\/\"]}]}<\/script>\n<!-- \/ Yoast SEO plugin. -->","yoast_head_json":{"title":"Comment d\u00e9faire le nouveau regard de votre iPhone iOS 26 | Vie Associative","robots":{"index":"index","follow":"follow","max-snippet":"max-snippet:-1","max-image-preview":"max-image-preview:large","max-video-preview":"max-video-preview:-1"},"canonical":"https:\/\/vieassociative.be\/actualites\/comment-defaire-le-nouveau-regard-de-votre-iphone-ios-26\/","og_locale":"fr_FR","og_type":"article","og_title":"Comment d\u00e9faire le nouveau regard de votre iPhone iOS 26 | Vie Associative","og_description":"Vous n&rsquo;avez pas \u00e0 accepter le verre liquide. Saviez-vous que vous pouvez personnaliser Google pour filtrer les ordures? Prendre ces \u00e9tapes Pour de meilleurs r\u00e9sultats","og_url":"https:\/\/vieassociative.be\/actualites\/comment-defaire-le-nouveau-regard-de-votre-iphone-ios-26\/","og_site_name":"Vie Associative","article_published_time":"2025-09-16T05:17:03+00:00","og_image":[{"url":"https:\/\/vieassociative.be\/actualites\/wp-content\/uploads\/2025\/09\/1757726237_608_Meta-pourrait-devoiler-une-montre-intelligente-pour-controler-ses-lunettes.jpg","type":"","width":"","height":""}],"author":"Julien","twitter_card":"summary_large_image","twitter_misc":{"\u00c9crit par":"Julien","Dur\u00e9e de lecture est.":"5 minutes"},"schema":{"@context":"https:\/\/schema.org","@graph":[{"@type":"Article","@id":"https:\/\/vieassociative.be\/actualites\/comment-defaire-le-nouveau-regard-de-votre-iphone-ios-26\/#article","isPartOf":{"@id":"https:\/\/vieassociative.be\/actualites\/comment-defaire-le-nouveau-regard-de-votre-iphone-ios-26\/"},"author":{"name":"Julien","@id":"https:\/\/vieassociative.be\/actualites\/#\/schema\/person\/b87ac4f82f9d4e7b7cec7395b679edc4"},"headline":"Comment d\u00e9faire le nouveau regard de votre iPhone iOS 26","datePublished":"2025-09-16T05:17:03+00:00","dateModified":"2025-09-16T05:17:03+00:00","mainEntityOfPage":{"@id":"https:\/\/vieassociative.be\/actualites\/comment-defaire-le-nouveau-regard-de-votre-iphone-ios-26\/"},"wordCount":1072,"publisher":{"@id":"https:\/\/vieassociative.be\/actualites\/#organization"},"image":{"@id":"https:\/\/vieassociative.be\/actualites\/comment-defaire-le-nouveau-regard-de-votre-iphone-ios-26\/#primaryimage"},"thumbnailUrl":"https:\/\/vieassociative.be\/actualites\/wp-content\/uploads\/2025\/09\/1757999825_Comment-defaire-le-nouveau-regard-de-votre-iPhone-iOS-26.png","keywords":["Comment","d\u00e9faire","iOS","iPhone","nouveau","regard","votre"],"articleSection":["Technologie"],"inLanguage":"fr-BE"},{"@type":"WebPage","@id":"https:\/\/vieassociative.be\/actualites\/comment-defaire-le-nouveau-regard-de-votre-iphone-ios-26\/","url":"https:\/\/vieassociative.be\/actualites\/comment-defaire-le-nouveau-regard-de-votre-iphone-ios-26\/","name":"Comment d\u00e9faire le nouveau regard de votre iPhone iOS 26 | Vie Associative","isPartOf":{"@id":"https:\/\/vieassociative.be\/actualites\/#website"},"primaryImageOfPage":{"@id":"https:\/\/vieassociative.be\/actualites\/comment-defaire-le-nouveau-regard-de-votre-iphone-ios-26\/#primaryimage"},"image":{"@id":"https:\/\/vieassociative.be\/actualites\/comment-defaire-le-nouveau-regard-de-votre-iphone-ios-26\/#primaryimage"},"thumbnailUrl":"https:\/\/vieassociative.be\/actualites\/wp-content\/uploads\/2025\/09\/1757999825_Comment-defaire-le-nouveau-regard-de-votre-iPhone-iOS-26.png","datePublished":"2025-09-16T05:17:03+00:00","dateModified":"2025-09-16T05:17:03+00:00","breadcrumb":{"@id":"https:\/\/vieassociative.be\/actualites\/comment-defaire-le-nouveau-regard-de-votre-iphone-ios-26\/#breadcrumb"},"inLanguage":"fr-BE","potentialAction":[{"@type":"ReadAction","target":["https:\/\/vieassociative.be\/actualites\/comment-defaire-le-nouveau-regard-de-votre-iphone-ios-26\/"]}]},{"@type":"ImageObject","inLanguage":"fr-BE","@id":"https:\/\/vieassociative.be\/actualites\/comment-defaire-le-nouveau-regard-de-votre-iphone-ios-26\/#primaryimage","url":"https:\/\/vieassociative.be\/actualites\/wp-content\/uploads\/2025\/09\/1757999825_Comment-defaire-le-nouveau-regard-de-votre-iPhone-iOS-26.png","contentUrl":"https:\/\/vieassociative.be\/actualites\/wp-content\/uploads\/2025\/09\/1757999825_Comment-defaire-le-nouveau-regard-de-votre-iPhone-iOS-26.png","width":1200,"height":675,"caption":"Comment d\u00e9faire le nouveau regard de votre iPhone iOS 26"},{"@type":"BreadcrumbList","@id":"https:\/\/vieassociative.be\/actualites\/comment-defaire-le-nouveau-regard-de-votre-iphone-ios-26\/#breadcrumb","itemListElement":[{"@type":"ListItem","position":1,"name":"Accueil","item":"https:\/\/vieassociative.be\/actualites\/"},{"@type":"ListItem","position":2,"name":"Comment d\u00e9faire le nouveau regard de votre iPhone iOS 26"}]},{"@type":"WebSite","@id":"https:\/\/vieassociative.be\/actualites\/#website","url":"https:\/\/vieassociative.be\/actualites\/","name":"Vie Associative","description":"","publisher":{"@id":"https:\/\/vieassociative.be\/actualites\/#organization"},"potentialAction":[{"@type":"SearchAction","target":{"@type":"EntryPoint","urlTemplate":"https:\/\/vieassociative.be\/actualites\/?s={search_term_string}"},"query-input":{"@type":"PropertyValueSpecification","valueRequired":true,"valueName":"search_term_string"}}],"inLanguage":"fr-BE"},{"@type":"Organization","@id":"https:\/\/vieassociative.be\/actualites\/#organization","name":"Vie Associative","url":"https:\/\/vieassociative.be\/actualites\/","logo":{"@type":"ImageObject","inLanguage":"fr-BE","@id":"https:\/\/vieassociative.be\/actualites\/#\/schema\/logo\/image\/","url":"https:\/\/vieassociative.be\/actualites\/wp-content\/uploads\/2024\/09\/cropped-vieassociative_favicon.ico.png","contentUrl":"https:\/\/vieassociative.be\/actualites\/wp-content\/uploads\/2024\/09\/cropped-vieassociative_favicon.ico.png","width":512,"height":512,"caption":"Vie Associative"},"image":{"@id":"https:\/\/vieassociative.be\/actualites\/#\/schema\/logo\/image\/"}},{"@type":"Person","@id":"https:\/\/vieassociative.be\/actualites\/#\/schema\/person\/b87ac4f82f9d4e7b7cec7395b679edc4","name":"Julien","image":{"@type":"ImageObject","inLanguage":"fr-BE","@id":"https:\/\/vieassociative.be\/actualites\/#\/schema\/person\/image\/","url":"https:\/\/vieassociative.be\/actualites\/wp-content\/uploads\/2024\/09\/vie-associative-1-150x150.jpg","contentUrl":"https:\/\/vieassociative.be\/actualites\/wp-content\/uploads\/2024\/09\/vie-associative-1-150x150.jpg","caption":"Julien"},"description":"Je suis Julien, r\u00e9dacteur pour Vie Associative. Passionn\u00e9 par le monde associatif depuis plus de 10 ans, j'ai \u00e0 c\u0153ur de partager des histoires inspirantes et de mettre en lumi\u00e8re les initiatives locales. Mon objectif est de sensibiliser et d'encourager l'engagement communautaire \u00e0 travers mes articles.","sameAs":["https:\/\/vieassociative.be\/"]}]}},"_links":{"self":[{"href":"https:\/\/vieassociative.be\/actualites\/wp-json\/wp\/v2\/posts\/10066"}],"collection":[{"href":"https:\/\/vieassociative.be\/actualites\/wp-json\/wp\/v2\/posts"}],"about":[{"href":"https:\/\/vieassociative.be\/actualites\/wp-json\/wp\/v2\/types\/post"}],"author":[{"embeddable":true,"href":"https:\/\/vieassociative.be\/actualites\/wp-json\/wp\/v2\/users\/1"}],"replies":[{"embeddable":true,"href":"https:\/\/vieassociative.be\/actualites\/wp-json\/wp\/v2\/comments?post=10066"}],"version-history":[{"count":0,"href":"https:\/\/vieassociative.be\/actualites\/wp-json\/wp\/v2\/posts\/10066\/revisions"}],"wp:featuredmedia":[{"embeddable":true,"href":"https:\/\/vieassociative.be\/actualites\/wp-json\/wp\/v2\/media\/10067"}],"wp:attachment":[{"href":"https:\/\/vieassociative.be\/actualites\/wp-json\/wp\/v2\/media?parent=10066"}],"wp:term":[{"taxonomy":"category","embeddable":true,"href":"https:\/\/vieassociative.be\/actualites\/wp-json\/wp\/v2\/categories?post=10066"},{"taxonomy":"post_tag","embeddable":true,"href":"https:\/\/vieassociative.be\/actualites\/wp-json\/wp\/v2\/tags?post=10066"}],"curies":[{"name":"wp","href":"https:\/\/api.w.org\/{rel}","templated":true}]}}