{"id":10064,"date":"2025-09-16T04:17:04","date_gmt":"2025-09-16T02:17:04","guid":{"rendered":"https:\/\/vieassociative.be\/actualites\/le-ministre-de-la-federation-de-la-sante-veut-ramener-les-patients-a-long-terme-en-travail-avec-des-controles-plus-stricts\/"},"modified":"2025-09-16T04:17:04","modified_gmt":"2025-09-16T02:17:04","slug":"le-ministre-de-la-federation-de-la-sante-veut-ramener-les-patients-a-long-terme-en-travail-avec-des-controles-plus-stricts","status":"publish","type":"post","link":"https:\/\/vieassociative.be\/actualites\/le-ministre-de-la-federation-de-la-sante-veut-ramener-les-patients-a-long-terme-en-travail-avec-des-controles-plus-stricts\/","title":{"rendered":"Le ministre de la F\u00e9d\u00e9ration de la Sant\u00e9 veut ramener les patients \u00e0 long terme en travail avec des contr\u00f4les plus stricts"},"content":{"rendered":"<p><strong>Le gouvernement f\u00e9d\u00e9ral veut ramener certains patients \u00e0 long terme au travail. Les gens qui ne peuvent pas travailler depuis des ann\u00e9es sont \u00e0 nouveau au centre de la ministre de la Sant\u00e9 Frank Vandenbroucke (Vooruit).<\/strong><\/p>\n<p><span id=\"more-424551\"><\/span>Vandenbroucke pr\u00e9voit un retour progressif sur le lieu de travail en fonction des comp\u00e9tences des personnes touch\u00e9es. Le ministre de la Sant\u00e9 veut \u00e9galement des contr\u00f4les plus stricts pour les malades et pour les m\u00e9decins afin d&rsquo;\u00e9viter les certificats de complaisance ou les extensions.<\/p>\n<p>Dans le quotidien \u00ab\u00a0La Libre\u00a0\u00bb, le ministre socialiste explique qu&rsquo;il s&rsquo;agit de restaurer le contact et d&rsquo;assurer des soins m\u00e9dicaux sp\u00e9cifiques.<\/p>\n<div id=\"attachment_277713\" class=\"wp-caption alignleft\" style=\"max-width: 300px\"><img fetchpriority=\"high\" decoding=\"async\" class=\"wp-image-277713 size-medium\" src=\"https:\/\/vieassociative.be\/actualites\/wp-content\/uploads\/2025\/07\/Le-ministre-de-la-Sante-veut-rendre-le-systeme-de.jpeg\" alt=\"\" width=\"300\" height=\"199\"><\/div>\n<p>Apr\u00e8s un an d&rsquo;incapacit\u00e9 au travail, le patient est consid\u00e9r\u00e9 comme un \u00ab\u00a0handicap\u00a0\u00bb. Vandenbroucke souhaite introduire un nouvel examen complet de la situation du patient afin de r\u00e9fl\u00e9chir \u00e0 sa r\u00e9int\u00e9gration dans le monde du travail, ne serait-ce que partiellement. Le ministre le voit moins un probl\u00e8me budg\u00e9taire qu&rsquo;un probl\u00e8me de sant\u00e9.<\/p>\n<p>\u00ab\u00a0Il est important que les personnes incapables de travailler pour avoir une perspective pour retourner sur le lieu de travail, m\u00eame si elle n&rsquo;est limit\u00e9e. Cela contribue \u00e0 leur processus de gu\u00e9rison\u00a0\u00bb, a d\u00e9clar\u00e9 Vandenbroucke \u00e0 \u00ab\u00a0La Libre\u00a0\u00bb.<\/p>\n<p>Ce plan propos\u00e9 inclurait non seulement les malades, mais aussi tous les autres acteurs: assurance maladie, m\u00e9decin traitant, m\u00e9decin professionnel, employeur, patient. L&rsquo;objectif est d&rsquo;\u00e9tablir la r\u00e9f\u00e9rence suppl\u00e9mentaire \u00e0 la compensation exclusivement \u00e0 la soumission d&rsquo;un nouveau dossier m\u00e9dical dans lequel la reconnaissance de l&rsquo;invalidit\u00e9 est demand\u00e9e. Cette enqu\u00eate aura lieu chaque ann\u00e9e pour \u00e9viter qu&rsquo;une incapacit\u00e9 au travail soit reconnue jusqu&rsquo;\u00e0 la retraite. La mesure ne s&rsquo;appliquerait pas aux personnes handicap\u00e9es compl\u00e8tes, malades chroniques ou cancer.<\/p>\n<p>\u00c0 long terme, cela pourrait signifier une \u00e9conomie de centaines de millions d&rsquo;euros pour la s\u00e9curit\u00e9 sociale, m\u00eame si ce n&rsquo;est pas la principale pr\u00e9occupation, a soulign\u00e9 le ministre, qui voit principalement l&rsquo;importance de la sant\u00e9 publique. En Belgique, il y a pr\u00e8s de 500 000 personnes handicap\u00e9es ou maladie en relation avec la d\u00e9pression ou l&rsquo;\u00e9puisement professionnel, dont 300 000 sont class\u00e9s comme incapables de travailler. (Cre)<\/p>\n","protected":false},"excerpt":{"rendered":"<p>Le gouvernement f\u00e9d\u00e9ral veut ramener certains patients \u00e0 long terme au travail. Les gens qui ne peuvent pas travailler depuis des ann\u00e9es sont \u00e0 nouveau<\/p>\n","protected":false},"author":1,"featured_media":10065,"comment_status":"","ping_status":"","sticky":false,"template":"","format":"standard","meta":{"footnotes":""},"categories":[298],"tags":[61,5806,29,7871,14,1070,1245,780,6305,916,8569,633,504,2635],"class_list":["post-10064","post","type-post","status-publish","format-standard","has-post-thumbnail","hentry","category-belgique","tag-avec","tag-controles","tag-des","tag-federation","tag-les","tag-long","tag-ministre","tag-patients","tag-ramener","tag-sante","tag-stricts","tag-terme","tag-travail","tag-veut","generate-columns","tablet-grid-50","mobile-grid-100","grid-parent","grid-33"],"yoast_head":"<!-- This site is optimized with the Yoast SEO plugin v24.0 - https:\/\/yoast.com\/wordpress\/plugins\/seo\/ -->\n<title>Le ministre de la F\u00e9d\u00e9ration de la Sant\u00e9 veut ramener les patients \u00e0 long terme en travail avec des contr\u00f4les plus stricts | Vie Associative<\/title>\n<meta name=\"robots\" content=\"index, follow, max-snippet:-1, max-image-preview:large, max-video-preview:-1\" \/>\n<link rel=\"canonical\" href=\"https:\/\/vieassociative.be\/actualites\/le-ministre-de-la-federation-de-la-sante-veut-ramener-les-patients-a-long-terme-en-travail-avec-des-controles-plus-stricts\/\" \/>\n<meta property=\"og:locale\" content=\"fr_FR\" \/>\n<meta property=\"og:type\" content=\"article\" \/>\n<meta property=\"og:title\" content=\"Le ministre de la F\u00e9d\u00e9ration de la Sant\u00e9 veut ramener les patients \u00e0 long terme en travail avec des contr\u00f4les plus stricts | Vie Associative\" \/>\n<meta property=\"og:description\" content=\"Le gouvernement f\u00e9d\u00e9ral veut ramener certains patients \u00e0 long terme au travail. Les gens qui ne peuvent pas travailler depuis des ann\u00e9es sont \u00e0 nouveau\" \/>\n<meta property=\"og:url\" content=\"https:\/\/vieassociative.be\/actualites\/le-ministre-de-la-federation-de-la-sante-veut-ramener-les-patients-a-long-terme-en-travail-avec-des-controles-plus-stricts\/\" \/>\n<meta property=\"og:site_name\" content=\"Vie Associative\" \/>\n<meta property=\"article:published_time\" content=\"2025-09-16T02:17:04+00:00\" \/>\n<meta property=\"og:image\" content=\"https:\/\/vieassociative.be\/actualites\/wp-content\/uploads\/2024\/09\/header_backgroundk-01-e1726694325946.png\" \/>\n\t<meta property=\"og:image:width\" content=\"279\" \/>\n\t<meta property=\"og:image:height\" content=\"92\" \/>\n\t<meta property=\"og:image:type\" content=\"image\/png\" \/>\n<meta name=\"author\" content=\"Julien\" \/>\n<meta name=\"twitter:card\" content=\"summary_large_image\" \/>\n<meta name=\"twitter:label1\" content=\"\u00c9crit par\" \/>\n\t<meta name=\"twitter:data1\" content=\"Julien\" \/>\n\t<meta name=\"twitter:label2\" content=\"Dur\u00e9e de lecture est.\" \/>\n\t<meta name=\"twitter:data2\" content=\"2 minutes\" \/>\n<script type=\"application\/ld+json\" class=\"yoast-schema-graph\">{\"@context\":\"https:\/\/schema.org\",\"@graph\":[{\"@type\":\"Article\",\"@id\":\"https:\/\/vieassociative.be\/actualites\/le-ministre-de-la-federation-de-la-sante-veut-ramener-les-patients-a-long-terme-en-travail-avec-des-controles-plus-stricts\/#article\",\"isPartOf\":{\"@id\":\"https:\/\/vieassociative.be\/actualites\/le-ministre-de-la-federation-de-la-sante-veut-ramener-les-patients-a-long-terme-en-travail-avec-des-controles-plus-stricts\/\"},\"author\":{\"name\":\"Julien\",\"@id\":\"https:\/\/vieassociative.be\/actualites\/#\/schema\/person\/b87ac4f82f9d4e7b7cec7395b679edc4\"},\"headline\":\"Le ministre de la F\u00e9d\u00e9ration de la Sant\u00e9 veut ramener les patients \u00e0 long terme en travail avec des contr\u00f4les plus stricts\",\"datePublished\":\"2025-09-16T02:17:04+00:00\",\"dateModified\":\"2025-09-16T02:17:04+00:00\",\"mainEntityOfPage\":{\"@id\":\"https:\/\/vieassociative.be\/actualites\/le-ministre-de-la-federation-de-la-sante-veut-ramener-les-patients-a-long-terme-en-travail-avec-des-controles-plus-stricts\/\"},\"wordCount\":406,\"publisher\":{\"@id\":\"https:\/\/vieassociative.be\/actualites\/#organization\"},\"image\":{\"@id\":\"https:\/\/vieassociative.be\/actualites\/le-ministre-de-la-federation-de-la-sante-veut-ramener-les-patients-a-long-terme-en-travail-avec-des-controles-plus-stricts\/#primaryimage\"},\"thumbnailUrl\":\"https:\/\/vieassociative.be\/actualites\/wp-content\/uploads\/2025\/09\/Le-ministre-de-la-Federation-de-la-Sante-veut-ramener.jpg\",\"keywords\":[\"avec\",\"Contr\u00f4les\",\"Des\",\"F\u00e9d\u00e9ration\",\"Les\",\"long\",\"ministre\",\"patients\",\"ramener\",\"sant\u00e9\",\"stricts\",\"terme\",\"travail\",\"veut\"],\"articleSection\":[\"Belgique\"],\"inLanguage\":\"fr-BE\"},{\"@type\":\"WebPage\",\"@id\":\"https:\/\/vieassociative.be\/actualites\/le-ministre-de-la-federation-de-la-sante-veut-ramener-les-patients-a-long-terme-en-travail-avec-des-controles-plus-stricts\/\",\"url\":\"https:\/\/vieassociative.be\/actualites\/le-ministre-de-la-federation-de-la-sante-veut-ramener-les-patients-a-long-terme-en-travail-avec-des-controles-plus-stricts\/\",\"name\":\"Le ministre de la F\u00e9d\u00e9ration de la Sant\u00e9 veut ramener les patients \u00e0 long terme en travail avec des contr\u00f4les plus stricts | Vie Associative\",\"isPartOf\":{\"@id\":\"https:\/\/vieassociative.be\/actualites\/#website\"},\"primaryImageOfPage\":{\"@id\":\"https:\/\/vieassociative.be\/actualites\/le-ministre-de-la-federation-de-la-sante-veut-ramener-les-patients-a-long-terme-en-travail-avec-des-controles-plus-stricts\/#primaryimage\"},\"image\":{\"@id\":\"https:\/\/vieassociative.be\/actualites\/le-ministre-de-la-federation-de-la-sante-veut-ramener-les-patients-a-long-terme-en-travail-avec-des-controles-plus-stricts\/#primaryimage\"},\"thumbnailUrl\":\"https:\/\/vieassociative.be\/actualites\/wp-content\/uploads\/2025\/09\/Le-ministre-de-la-Federation-de-la-Sante-veut-ramener.jpg\",\"datePublished\":\"2025-09-16T02:17:04+00:00\",\"dateModified\":\"2025-09-16T02:17:04+00:00\",\"breadcrumb\":{\"@id\":\"https:\/\/vieassociative.be\/actualites\/le-ministre-de-la-federation-de-la-sante-veut-ramener-les-patients-a-long-terme-en-travail-avec-des-controles-plus-stricts\/#breadcrumb\"},\"inLanguage\":\"fr-BE\",\"potentialAction\":[{\"@type\":\"ReadAction\",\"target\":[\"https:\/\/vieassociative.be\/actualites\/le-ministre-de-la-federation-de-la-sante-veut-ramener-les-patients-a-long-terme-en-travail-avec-des-controles-plus-stricts\/\"]}]},{\"@type\":\"ImageObject\",\"inLanguage\":\"fr-BE\",\"@id\":\"https:\/\/vieassociative.be\/actualites\/le-ministre-de-la-federation-de-la-sante-veut-ramener-les-patients-a-long-terme-en-travail-avec-des-controles-plus-stricts\/#primaryimage\",\"url\":\"https:\/\/vieassociative.be\/actualites\/wp-content\/uploads\/2025\/09\/Le-ministre-de-la-Federation-de-la-Sante-veut-ramener.jpg\",\"contentUrl\":\"https:\/\/vieassociative.be\/actualites\/wp-content\/uploads\/2025\/09\/Le-ministre-de-la-Federation-de-la-Sante-veut-ramener.jpg\",\"width\":1200,\"height\":833,\"caption\":\"Le ministre de la F\u00e9d\u00e9ration de la Sant\u00e9 veut ramener les patients \u00e0 long terme en travail avec des contr\u00f4les plus stricts\"},{\"@type\":\"BreadcrumbList\",\"@id\":\"https:\/\/vieassociative.be\/actualites\/le-ministre-de-la-federation-de-la-sante-veut-ramener-les-patients-a-long-terme-en-travail-avec-des-controles-plus-stricts\/#breadcrumb\",\"itemListElement\":[{\"@type\":\"ListItem\",\"position\":1,\"name\":\"Accueil\",\"item\":\"https:\/\/vieassociative.be\/actualites\/\"},{\"@type\":\"ListItem\",\"position\":2,\"name\":\"Le ministre de la F\u00e9d\u00e9ration de la Sant\u00e9 veut ramener les patients \u00e0 long terme en travail avec des contr\u00f4les plus stricts\"}]},{\"@type\":\"WebSite\",\"@id\":\"https:\/\/vieassociative.be\/actualites\/#website\",\"url\":\"https:\/\/vieassociative.be\/actualites\/\",\"name\":\"Vie Associative\",\"description\":\"\",\"publisher\":{\"@id\":\"https:\/\/vieassociative.be\/actualites\/#organization\"},\"potentialAction\":[{\"@type\":\"SearchAction\",\"target\":{\"@type\":\"EntryPoint\",\"urlTemplate\":\"https:\/\/vieassociative.be\/actualites\/?s={search_term_string}\"},\"query-input\":{\"@type\":\"PropertyValueSpecification\",\"valueRequired\":true,\"valueName\":\"search_term_string\"}}],\"inLanguage\":\"fr-BE\"},{\"@type\":\"Organization\",\"@id\":\"https:\/\/vieassociative.be\/actualites\/#organization\",\"name\":\"Vie Associative\",\"url\":\"https:\/\/vieassociative.be\/actualites\/\",\"logo\":{\"@type\":\"ImageObject\",\"inLanguage\":\"fr-BE\",\"@id\":\"https:\/\/vieassociative.be\/actualites\/#\/schema\/logo\/image\/\",\"url\":\"https:\/\/vieassociative.be\/actualites\/wp-content\/uploads\/2024\/09\/cropped-vieassociative_favicon.ico.png\",\"contentUrl\":\"https:\/\/vieassociative.be\/actualites\/wp-content\/uploads\/2024\/09\/cropped-vieassociative_favicon.ico.png\",\"width\":512,\"height\":512,\"caption\":\"Vie Associative\"},\"image\":{\"@id\":\"https:\/\/vieassociative.be\/actualites\/#\/schema\/logo\/image\/\"}},{\"@type\":\"Person\",\"@id\":\"https:\/\/vieassociative.be\/actualites\/#\/schema\/person\/b87ac4f82f9d4e7b7cec7395b679edc4\",\"name\":\"Julien\",\"image\":{\"@type\":\"ImageObject\",\"inLanguage\":\"fr-BE\",\"@id\":\"https:\/\/vieassociative.be\/actualites\/#\/schema\/person\/image\/\",\"url\":\"https:\/\/vieassociative.be\/actualites\/wp-content\/uploads\/2024\/09\/vie-associative-1-150x150.jpg\",\"contentUrl\":\"https:\/\/vieassociative.be\/actualites\/wp-content\/uploads\/2024\/09\/vie-associative-1-150x150.jpg\",\"caption\":\"Julien\"},\"description\":\"Je suis Julien, r\u00e9dacteur pour Vie Associative. Passionn\u00e9 par le monde associatif depuis plus de 10 ans, j'ai \u00e0 c\u0153ur de partager des histoires inspirantes et de mettre en lumi\u00e8re les initiatives locales. Mon objectif est de sensibiliser et d'encourager l'engagement communautaire \u00e0 travers mes articles.\",\"sameAs\":[\"https:\/\/vieassociative.be\/\"]}]}<\/script>\n<!-- \/ Yoast SEO plugin. -->","yoast_head_json":{"title":"Le ministre de la F\u00e9d\u00e9ration de la Sant\u00e9 veut ramener les patients \u00e0 long terme en travail avec des contr\u00f4les plus stricts | Vie Associative","robots":{"index":"index","follow":"follow","max-snippet":"max-snippet:-1","max-image-preview":"max-image-preview:large","max-video-preview":"max-video-preview:-1"},"canonical":"https:\/\/vieassociative.be\/actualites\/le-ministre-de-la-federation-de-la-sante-veut-ramener-les-patients-a-long-terme-en-travail-avec-des-controles-plus-stricts\/","og_locale":"fr_FR","og_type":"article","og_title":"Le ministre de la F\u00e9d\u00e9ration de la Sant\u00e9 veut ramener les patients \u00e0 long terme en travail avec des contr\u00f4les plus stricts | Vie Associative","og_description":"Le gouvernement f\u00e9d\u00e9ral veut ramener certains patients \u00e0 long terme au travail. Les gens qui ne peuvent pas travailler depuis des ann\u00e9es sont \u00e0 nouveau","og_url":"https:\/\/vieassociative.be\/actualites\/le-ministre-de-la-federation-de-la-sante-veut-ramener-les-patients-a-long-terme-en-travail-avec-des-controles-plus-stricts\/","og_site_name":"Vie Associative","article_published_time":"2025-09-16T02:17:04+00:00","og_image":[{"width":279,"height":92,"url":"https:\/\/vieassociative.be\/actualites\/wp-content\/uploads\/2024\/09\/header_backgroundk-01-e1726694325946.png","type":"image\/png"}],"author":"Julien","twitter_card":"summary_large_image","twitter_misc":{"\u00c9crit par":"Julien","Dur\u00e9e de lecture est.":"2 minutes"},"schema":{"@context":"https:\/\/schema.org","@graph":[{"@type":"Article","@id":"https:\/\/vieassociative.be\/actualites\/le-ministre-de-la-federation-de-la-sante-veut-ramener-les-patients-a-long-terme-en-travail-avec-des-controles-plus-stricts\/#article","isPartOf":{"@id":"https:\/\/vieassociative.be\/actualites\/le-ministre-de-la-federation-de-la-sante-veut-ramener-les-patients-a-long-terme-en-travail-avec-des-controles-plus-stricts\/"},"author":{"name":"Julien","@id":"https:\/\/vieassociative.be\/actualites\/#\/schema\/person\/b87ac4f82f9d4e7b7cec7395b679edc4"},"headline":"Le ministre de la F\u00e9d\u00e9ration de la Sant\u00e9 veut ramener les patients \u00e0 long terme en travail avec des contr\u00f4les plus stricts","datePublished":"2025-09-16T02:17:04+00:00","dateModified":"2025-09-16T02:17:04+00:00","mainEntityOfPage":{"@id":"https:\/\/vieassociative.be\/actualites\/le-ministre-de-la-federation-de-la-sante-veut-ramener-les-patients-a-long-terme-en-travail-avec-des-controles-plus-stricts\/"},"wordCount":406,"publisher":{"@id":"https:\/\/vieassociative.be\/actualites\/#organization"},"image":{"@id":"https:\/\/vieassociative.be\/actualites\/le-ministre-de-la-federation-de-la-sante-veut-ramener-les-patients-a-long-terme-en-travail-avec-des-controles-plus-stricts\/#primaryimage"},"thumbnailUrl":"https:\/\/vieassociative.be\/actualites\/wp-content\/uploads\/2025\/09\/Le-ministre-de-la-Federation-de-la-Sante-veut-ramener.jpg","keywords":["avec","Contr\u00f4les","Des","F\u00e9d\u00e9ration","Les","long","ministre","patients","ramener","sant\u00e9","stricts","terme","travail","veut"],"articleSection":["Belgique"],"inLanguage":"fr-BE"},{"@type":"WebPage","@id":"https:\/\/vieassociative.be\/actualites\/le-ministre-de-la-federation-de-la-sante-veut-ramener-les-patients-a-long-terme-en-travail-avec-des-controles-plus-stricts\/","url":"https:\/\/vieassociative.be\/actualites\/le-ministre-de-la-federation-de-la-sante-veut-ramener-les-patients-a-long-terme-en-travail-avec-des-controles-plus-stricts\/","name":"Le ministre de la F\u00e9d\u00e9ration de la Sant\u00e9 veut ramener les patients \u00e0 long terme en travail avec des contr\u00f4les plus stricts | Vie Associative","isPartOf":{"@id":"https:\/\/vieassociative.be\/actualites\/#website"},"primaryImageOfPage":{"@id":"https:\/\/vieassociative.be\/actualites\/le-ministre-de-la-federation-de-la-sante-veut-ramener-les-patients-a-long-terme-en-travail-avec-des-controles-plus-stricts\/#primaryimage"},"image":{"@id":"https:\/\/vieassociative.be\/actualites\/le-ministre-de-la-federation-de-la-sante-veut-ramener-les-patients-a-long-terme-en-travail-avec-des-controles-plus-stricts\/#primaryimage"},"thumbnailUrl":"https:\/\/vieassociative.be\/actualites\/wp-content\/uploads\/2025\/09\/Le-ministre-de-la-Federation-de-la-Sante-veut-ramener.jpg","datePublished":"2025-09-16T02:17:04+00:00","dateModified":"2025-09-16T02:17:04+00:00","breadcrumb":{"@id":"https:\/\/vieassociative.be\/actualites\/le-ministre-de-la-federation-de-la-sante-veut-ramener-les-patients-a-long-terme-en-travail-avec-des-controles-plus-stricts\/#breadcrumb"},"inLanguage":"fr-BE","potentialAction":[{"@type":"ReadAction","target":["https:\/\/vieassociative.be\/actualites\/le-ministre-de-la-federation-de-la-sante-veut-ramener-les-patients-a-long-terme-en-travail-avec-des-controles-plus-stricts\/"]}]},{"@type":"ImageObject","inLanguage":"fr-BE","@id":"https:\/\/vieassociative.be\/actualites\/le-ministre-de-la-federation-de-la-sante-veut-ramener-les-patients-a-long-terme-en-travail-avec-des-controles-plus-stricts\/#primaryimage","url":"https:\/\/vieassociative.be\/actualites\/wp-content\/uploads\/2025\/09\/Le-ministre-de-la-Federation-de-la-Sante-veut-ramener.jpg","contentUrl":"https:\/\/vieassociative.be\/actualites\/wp-content\/uploads\/2025\/09\/Le-ministre-de-la-Federation-de-la-Sante-veut-ramener.jpg","width":1200,"height":833,"caption":"Le ministre de la F\u00e9d\u00e9ration de la Sant\u00e9 veut ramener les patients \u00e0 long terme en travail avec des contr\u00f4les plus stricts"},{"@type":"BreadcrumbList","@id":"https:\/\/vieassociative.be\/actualites\/le-ministre-de-la-federation-de-la-sante-veut-ramener-les-patients-a-long-terme-en-travail-avec-des-controles-plus-stricts\/#breadcrumb","itemListElement":[{"@type":"ListItem","position":1,"name":"Accueil","item":"https:\/\/vieassociative.be\/actualites\/"},{"@type":"ListItem","position":2,"name":"Le ministre de la F\u00e9d\u00e9ration de la Sant\u00e9 veut ramener les patients \u00e0 long terme en travail avec des contr\u00f4les plus stricts"}]},{"@type":"WebSite","@id":"https:\/\/vieassociative.be\/actualites\/#website","url":"https:\/\/vieassociative.be\/actualites\/","name":"Vie Associative","description":"","publisher":{"@id":"https:\/\/vieassociative.be\/actualites\/#organization"},"potentialAction":[{"@type":"SearchAction","target":{"@type":"EntryPoint","urlTemplate":"https:\/\/vieassociative.be\/actualites\/?s={search_term_string}"},"query-input":{"@type":"PropertyValueSpecification","valueRequired":true,"valueName":"search_term_string"}}],"inLanguage":"fr-BE"},{"@type":"Organization","@id":"https:\/\/vieassociative.be\/actualites\/#organization","name":"Vie Associative","url":"https:\/\/vieassociative.be\/actualites\/","logo":{"@type":"ImageObject","inLanguage":"fr-BE","@id":"https:\/\/vieassociative.be\/actualites\/#\/schema\/logo\/image\/","url":"https:\/\/vieassociative.be\/actualites\/wp-content\/uploads\/2024\/09\/cropped-vieassociative_favicon.ico.png","contentUrl":"https:\/\/vieassociative.be\/actualites\/wp-content\/uploads\/2024\/09\/cropped-vieassociative_favicon.ico.png","width":512,"height":512,"caption":"Vie Associative"},"image":{"@id":"https:\/\/vieassociative.be\/actualites\/#\/schema\/logo\/image\/"}},{"@type":"Person","@id":"https:\/\/vieassociative.be\/actualites\/#\/schema\/person\/b87ac4f82f9d4e7b7cec7395b679edc4","name":"Julien","image":{"@type":"ImageObject","inLanguage":"fr-BE","@id":"https:\/\/vieassociative.be\/actualites\/#\/schema\/person\/image\/","url":"https:\/\/vieassociative.be\/actualites\/wp-content\/uploads\/2024\/09\/vie-associative-1-150x150.jpg","contentUrl":"https:\/\/vieassociative.be\/actualites\/wp-content\/uploads\/2024\/09\/vie-associative-1-150x150.jpg","caption":"Julien"},"description":"Je suis Julien, r\u00e9dacteur pour Vie Associative. Passionn\u00e9 par le monde associatif depuis plus de 10 ans, j'ai \u00e0 c\u0153ur de partager des histoires inspirantes et de mettre en lumi\u00e8re les initiatives locales. Mon objectif est de sensibiliser et d'encourager l'engagement communautaire \u00e0 travers mes articles.","sameAs":["https:\/\/vieassociative.be\/"]}]}},"_links":{"self":[{"href":"https:\/\/vieassociative.be\/actualites\/wp-json\/wp\/v2\/posts\/10064"}],"collection":[{"href":"https:\/\/vieassociative.be\/actualites\/wp-json\/wp\/v2\/posts"}],"about":[{"href":"https:\/\/vieassociative.be\/actualites\/wp-json\/wp\/v2\/types\/post"}],"author":[{"embeddable":true,"href":"https:\/\/vieassociative.be\/actualites\/wp-json\/wp\/v2\/users\/1"}],"replies":[{"embeddable":true,"href":"https:\/\/vieassociative.be\/actualites\/wp-json\/wp\/v2\/comments?post=10064"}],"version-history":[{"count":0,"href":"https:\/\/vieassociative.be\/actualites\/wp-json\/wp\/v2\/posts\/10064\/revisions"}],"wp:featuredmedia":[{"embeddable":true,"href":"https:\/\/vieassociative.be\/actualites\/wp-json\/wp\/v2\/media\/10065"}],"wp:attachment":[{"href":"https:\/\/vieassociative.be\/actualites\/wp-json\/wp\/v2\/media?parent=10064"}],"wp:term":[{"taxonomy":"category","embeddable":true,"href":"https:\/\/vieassociative.be\/actualites\/wp-json\/wp\/v2\/categories?post=10064"},{"taxonomy":"post_tag","embeddable":true,"href":"https:\/\/vieassociative.be\/actualites\/wp-json\/wp\/v2\/tags?post=10064"}],"curies":[{"name":"wp","href":"https:\/\/api.w.org\/{rel}","templated":true}]}}