{"id":10060,"date":"2025-09-16T02:17:57","date_gmt":"2025-09-16T00:17:57","guid":{"rendered":"https:\/\/vieassociative.be\/actualites\/les-huit-premiers-parametres-a-modifier-apres-linstallation-de-ios-26\/"},"modified":"2025-09-16T02:17:57","modified_gmt":"2025-09-16T00:17:57","slug":"les-huit-premiers-parametres-a-modifier-apres-linstallation-de-ios-26","status":"publish","type":"post","link":"https:\/\/vieassociative.be\/actualites\/les-huit-premiers-parametres-a-modifier-apres-linstallation-de-ios-26\/","title":{"rendered":"Les huit premiers param\u00e8tres \u00e0 modifier apr\u00e8s l&rsquo;installation de iOS 26"},"content":{"rendered":"<div class=\"mt-4 leading-6 md:mb-8\">Tirez le meilleur parti du nouveau syst\u00e8me d&rsquo;exploitation d&rsquo;Apple.<\/div>\n<p><\/p>\n<p>L&rsquo;iOS 26 d&rsquo;Apple g\u00e2che aujourd&rsquo;hui, et avec elle vient un tas de petits ajustements et des am\u00e9liorations de la fonctionnalit\u00e9 de votre iPhone. La capture? Beaucoup d&rsquo;entre eux sont opt, vous devez donc les allumer avant de pouvoir r\u00e9colter leurs avantages. Voici les param\u00e8tres que vous devez activer apr\u00e8s avoir mis \u00e0 jour votre iPhone au dernier syst\u00e8me d&rsquo;exploitation d&rsquo;Apple, bien que notez que certains d&rsquo;entre eux ont besoin d&rsquo;un iPhone 15 Pro ou ult\u00e9rieure, car ils s&rsquo;appuient sur Apple Intelligence.<\/p>\n<h2 id=\"adaptive-battery-mode\">Mode de batterie adaptative<\/h2>\n<p>Si vous \u00eates comme moi, vous ne pouvez jamais d\u00e9cider si cela vaut la peine d&rsquo;\u00e9changer votre t\u00e9l\u00e9phone en mode \u00e9conomiseur de batterie. Maintenant, si vous avez un iPhone 15 Pro ou plus, votre iPhone peut prendre la d\u00e9cision pour vous.<\/p>\n<p>Le nouveau mode d&rsquo;alimentation adaptatif d&rsquo;Apple utilise Apple Intelligence pour d\u00e9terminer intelligemment quand votre utilisation de la batterie fonctionne plus haut que d&rsquo;habitude et fait de petits ajustements pour le ramener sous contr\u00f4le. Ceux-ci pourraient inclure une l\u00e9g\u00e8re gradation de votre affichage ou ralentir les t\u00e2ches moins importantes, comme celles qui fonctionnent en arri\u00e8re-plan ou sont particuli\u00e8rement intensives. Ensuite, une fois que votre t\u00e9l\u00e9phone a \u00e9t\u00e9 sur une quille uniforme depuis un certain temps, il commencera \u00e0 remettre les choses \u00e0 la normale. Consid\u00e9rez-le comme un mode \u00abfaible puissance\u00bb moins agressif qui n&rsquo;affecte que certains processus et peut effectuer des ajustements en fonction de plus que la charge restante de votre t\u00e9l\u00e9phone. Pour l&rsquo;essayer, acc\u00e9dez simplement <strong>Param\u00e8tres> Batterie> Mode d&rsquo;alimentation<\/strong>. N&rsquo;oubliez pas de l&rsquo;\u00e9teindre si vous constatez que ses compromis ne valent pas la dur\u00e9e de vie de la batterie suppl\u00e9mentaire.<\/p>\n<div class=\"mx-auto mb-12 mt-5 w-full max-w-3xl rounded-md border-2 border-gray-100 p-3 shadow-md md:px-7 md:pb-7 md:pt-5\" id=\"related-video\">\n<div class=\"mb-3 flex items-center md:mb-5\">\n        <img decoding=\"async\" class=\"mr-4 mt-0 h-10 w-10 md:mr-5 md:h-12 md:w-12\" src=\"https:\/\/vieassociative.be\/actualites\/wp-content\/uploads\/2025\/09\/1757726237_608_Meta-pourrait-devoiler-une-montre-intelligente-pour-controler-ses-lunettes.jpg\" alt=\"Logo Lifehacker\"><\/p><\/div>\n<div class=\"aspect-video w-full overflow-hidden rounded-md\">\n<div id=\"video-container-01K57WAE19QGXXERNVXVRVWZT6\"><\/div>\n<\/p><\/div>\n<\/div>\n<h2 id=\"turn-on-call-screening\">Activer le d\u00e9pistage des appels<\/h2>\n<div class=\"eloquent-imagery-image\">\n<div class=\"flex justify-center\">\n                    <img decoding=\"async\" class=\"border border-gray-100\" src=\"https:\/\/vieassociative.be\/actualites\/wp-content\/uploads\/2025\/09\/Les-huit-premiers-parametres-a-modifier-apres-linstallation-de-iOS.png\" alt=\"D\u00e9pistage des appels\" width=\"2000\" height=\"1125\" loading=\"lazy\"  >\n            <\/div>\n<\/p><\/div>\n<p>Je vais \u00eatre honn\u00eate &#8211; je prends \u00e0 peine des appels t\u00e9l\u00e9phoniques. Au lieu de cela, je pr\u00e9f\u00e8re g\u00e9n\u00e9ralement attendre apr\u00e8s l&rsquo;appel, puis rappeler si l&rsquo;appelant \u00e9tait quelqu&rsquo;un que je connaissais ou si c&rsquo;\u00e9tait assez important pour laisser un message. Cela fonctionne g\u00e9n\u00e9ralement pour moi, mais je l&rsquo;admets, parfois je me sens un peu mal d&rsquo;avoir laiss\u00e9 des gens qui m&rsquo;appellent dans l&#8217;embarquement, surtout s&rsquo;il s&rsquo;av\u00e8re qu&rsquo;ils avaient une bonne raison de me composer. C&rsquo;est l\u00e0 que la nouvelle fonction de d\u00e9pistage des appels d&rsquo;Apple entre en jeu.<\/p>\n<p>Celui-ci ne n\u00e9cessite pas d&rsquo;intelligence Apple, donc cela fonctionnera sur n&rsquo;importe quel iPhone ex\u00e9cutant iOS 26. Ouvrez simplement votre <strong>Param\u00e8tres<\/strong>alors sous <strong>Applications<\/strong>robinet <strong>T\u00e9l\u00e9phone<\/strong> Et cherchez le <strong>\u00c9cran des appelants inconnus<\/strong> option.<\/p>\n<p>Vous aurez trois choix. <strong>Jamais<\/strong> fonctionnera comme avant, avec des appels qui sonnent un peu avant qu&rsquo;ils ne se rendent \u00e0 votre liste de r\u00e9centes. Mais maintenant, vous avez deux options suppl\u00e9mentaires que vous pouvez choisir \u00e0 la place.<\/p>\n<p>Le premier est <strong>Silence<\/strong>qui \u00e9teindra votre sonnerie pour les appels \u00e0 partir de num\u00e9ros non sauv\u00e9s, puis les envoiera \u00e0 la messagerie vocale et les affichez-les dans la liste des r\u00e9centes. Essentiellement, cela coupe juste l&rsquo;homme du milieu d&rsquo;avoir \u00e0 attendre que l&rsquo;appelant abandonne avant de continuer \u00e0 d\u00e9terminer ce qu&rsquo;ils voulaient.<\/p>\n<p>Mais l&rsquo;ajout le plus excitant est <strong>Demandez \u00e0 la raison d&rsquo;appeler<\/strong>. Choisissez ceci, et votre iPhone ramassera les appels \u00e0 partir de num\u00e9ros non sauv\u00e9s pour vous, puis posez quelques questions \u00e0 l&rsquo;appelant sur leur motif d&rsquo;appel. Vous verrez une transcription de leurs r\u00e9ponses \u00e0 l&rsquo;\u00e9cran, puis vous pourrez choisir si vous souhaitez r\u00e9cup\u00e9rer.<\/p>\n<p>C&rsquo;est une astuce intelligente, et je devrais me faire me sentir un peu moins mal pour quiconque essaie de discuter avec moi par t\u00e9l\u00e9phone. Je souhaite que cela fonctionne \u00e9galement pour les contacts, pour \u00eatre honn\u00eate, mais je peux comprendre pourquoi ma famille pourrait ne pas \u00eatre enthousiaste \u00e0 l&rsquo;appel et \u00e0 obtenir un secr\u00e9taire aux robots \u00e0 la place.<\/p>\n<h2 id=\"try-out-the-new-ringtones\">Essayez les nouvelles sonneries<\/h2>\n<p>Avec iOS 26, Apple a ajout\u00e9 quelques nouvelles sonneries par d\u00e9faut parmi lesquelles choisir. Six sont des variations de la sonnerie classique de \u00abr\u00e9flexion\u00bb, mais il y en a aussi une nouvelle appel\u00e9e \u00abLittle Bird\u00bb. Vous pouvez les trouver tous sous <strong>Param\u00e8tres> Sound &#038; Haptics> Sonnerie<\/strong>ou consultez les int\u00e9gres ci-dessous pour les entendre par vous-m\u00eame.<\/p>\n<blockquote class=\"twitterEmbed twitter-tweet\"><p>\n    <a rel=\"nofollow noopener\" class=\"text-gray-600\" href=\"https:\/\/twitter.com\/aaronp613\/status\/1954970189411348667\" title=\"open in a new window\" target=\"_blank\"><\/p>\n<p>        Ce tweet n&rsquo;est actuellement pas disponible. Il peut \u00eatre charg\u00e9 ou a \u00e9t\u00e9 supprim\u00e9.<br \/>\n    <\/a>\n<\/p><\/blockquote>\n<blockquote class=\"twitterEmbed twitter-tweet\"><p>\n    <a rel=\"nofollow noopener\" class=\"text-gray-600\" href=\"https:\/\/twitter.com\/minimalnerd1\/status\/1955002597997416780\" title=\"open in a new window\" target=\"_blank\"><\/p>\n<p>        Ce tweet n&rsquo;est actuellement pas disponible. Il peut \u00eatre charg\u00e9 ou a \u00e9t\u00e9 supprim\u00e9.<br \/>\n    <\/a>\n<\/p><\/blockquote>\n<p>Personnellement, \u00abBouyant\u00bb est probablement mon pr\u00e9f\u00e9r\u00e9, bien que mon coll\u00e8gue Jake Peterson aime le plus \u00abDreamer\u00bb. Je vais probablement rester avec ma sonnerie personnalis\u00e9e, mais si vous pr\u00e9f\u00e9rez ne pas prendre la peine de t\u00e9l\u00e9charger une sonnerie manuellement, vous avez maintenant plus de choix que jamais.<\/p>\n<h2 id=\"fix-liquid-glass\">Fixer le verre liquide<\/h2>\n<p>Cet suivant consiste techniquement \u00e0 d\u00e9sactiver une fonctionnalit\u00e9 au lieu de l&rsquo;activer, mais je ne pouvais pas l&rsquo;ignorer. Avec iOS 26, Apple a repens\u00e9 son langage de conception pour se concentrer sur la transparence, et tout le monde n&rsquo;est pas un fan. Si vous vous souvenez des lunettes transparentes que Microsoft a ajout\u00e9es \u00e0 l&rsquo;application Windows dans Windows Vista, c&rsquo;est beaucoup comme \u00e7a, mais plus agressif. Essentiellement, au lieu de montrer un fond solide, de nombreux boutons et superpositions semblent d\u00e9sormais clairs, permettant une version floue de tout ce qui est en dessous pour saigner.<\/p>\n<p>Heureusement, il y a un contr\u00f4le d&rsquo;accessibilit\u00e9 pr\u00e9existant qui remonte essentiellement votre iPhone \u00e0 la fa\u00e7on dont c&rsquo;\u00e9tait auparavant. Naviguez simplement vers <strong>Param\u00e8tres> Accessibilit\u00e9> Affichage et taille du texte<\/strong>puis bascule sur <strong>R\u00e9duire la transparence<\/strong>. Cela ram\u00e8nera un arri\u00e8re-plan solide sur l&rsquo;ensemble de votre iPhone, que vous pouvez voir en vigueur ici. Remarquez comment le bouton de lecture n&rsquo;autorise plus les illustrations d&rsquo;album floue de saigner? Si vous pr\u00e9f\u00e9rez ce look plus plat et plus contrast\u00e9, cela pourrait \u00eatre pour vous.<\/p>\n<h2 id=\"custom-backgrounds-in-imessage\">Arri\u00e8re-plans personnalis\u00e9s dans iMessage<\/h2>\n<p>Celui-ci est juste amusant. Maintenant, dans iMessage, vous d\u00e9finissez des arri\u00e8re-plans personnalis\u00e9s pour vos conversations et vos chats de groupe sur une base par chat. Ceux-ci incluent des pr\u00e9r\u00e9glages, comme <strong>Eau<\/strong> et <strong>Ciel<\/strong>mais vous pouvez \u00e9galement choisir des couleurs solides, choisir une photo dans votre biblioth\u00e8que, ou si vous avez un iPhone 15 Pro ou sup\u00e9rieur, g\u00e9n\u00e9rez un arri\u00e8re-plan \u00e0 l&rsquo;aide d&rsquo;Apple Intelligence.<\/p>\n<p>Pour commencer, ouvrez une conversation, cliquez sur son titre en haut de la page, puis choisissez <strong>Ant\u00e9c\u00e9dents<\/strong>.<\/p>\n<p>Notez que vos ant\u00e9c\u00e9dents choisis appara\u00eetront pour tout le monde dans le chat, mais si vous n&rsquo;aimez pas un arri\u00e8re-plan que quelqu&rsquo;un d&rsquo;autre se d\u00e9roule, vous n&rsquo;avez pas \u00e0 vivre avec. Aller \u00e0 <strong>Param\u00e8tres> Applications> Messages<\/strong> et d\u00e9sactiver <strong>D\u00e9fil\u00e9s de conversation<\/strong> Pour \u00e9teindre la fonctionnalit\u00e9.<\/p>\n<h2 id=\"notification-summaries-for-news\">R\u00e9sum\u00e9s de notification pour les nouvelles<\/h2>\n<p>Si vous avez un iPhone 15 Pro ou plus, Apple ram\u00e8ne en fait une fonctionnalit\u00e9 pr\u00e9c\u00e9demment supprim\u00e9e avec iOS 26: R\u00e9sum\u00e9 des applications de nouvelles et de divertissement.<\/p>\n<p>Celles-ci ont \u00e9t\u00e9 initialement lanc\u00e9es dans la version b\u00eata iOS 18,3, mais ont \u00e9t\u00e9 rapidement retir\u00e9es apr\u00e8s que l&rsquo;IA d&rsquo;Apple avait d\u00e9form\u00e9 certains gros titres de la BBC, dont un sur le suspect de tir de la sant\u00e9 de United, Luigi Mangione. <\/p>\n<p>Maintenant, Apple est suffisamment confiant pour ramener ces r\u00e9sum\u00e9s de notification, bien qu&rsquo;avec un nouvel avertissement indiquant que \u00able r\u00e9sum\u00e9 peut modifier la signification des titres d&rsquo;origine. V\u00e9rifiez les informations\u00bb.<\/p>\n<p>Si vous \u00eates \u00e0 l&rsquo;aise avec cela, selon mes coll\u00e8gues de CNET, vous n&rsquo;avez pas \u00e0 faire grand-chose pour les allumer. Apple vous accueillera en fait avec un \u00e9cran Splash une fois que vous aurez t\u00e9l\u00e9charg\u00e9 la mise \u00e0 jour iOS 26, qui demandera vos pr\u00e9f\u00e9rences pour lesquelles les applications obtiendront des r\u00e9sum\u00e9s de notification. Vous aurez trois options et vous pouvez en s\u00e9lectionner autant que vous le souhaitez. <strong>Toutes les autres applications<\/strong> R\u00e9sumera les notifications des applications non sociales, comme les cartes, tandis que <strong>Communication et social<\/strong> Ajoutera des r\u00e9sum\u00e9s de notification pour des applications comme Tiktok et Mail. Ceux-ci \u00e9taient d\u00e9j\u00e0 disponibles. Ce qui est nouveau (encore) est le <strong>Option de nouvelles et de divertissement<\/strong>lequel<strong> <\/strong>Ajoutera des r\u00e9sum\u00e9s de notification pour les applications, notamment BBC ou Netflix.<\/p>\n<p>Faites simplement vos choix et vous \u00eates pr\u00eat \u00e0 partir. Si vous changez d&rsquo;avis plus tard, vous pouvez ajuster vos r\u00e9sum\u00e9s sous <strong>Param\u00e8tres> Notifications> R\u00e9sumer les notifications<\/strong>. Vous pouvez \u00e9galement ajuster les r\u00e9sum\u00e9s de notification par apparence ici, qui n&rsquo;est pas disponible dans l&rsquo;\u00e9cran de splash que vous obtenez apr\u00e8s avoir install\u00e9 iOS 26.<\/p>\n<h2 id=\"get-clear-icons-in-ios-26\">Obtenez des ic\u00f4nes claires dans iOS 26<\/h2>\n<div class=\"eloquent-imagery-image\">\n<div class=\"flex justify-center\">\n                    <img decoding=\"async\" class=\"border border-gray-100\" src=\"https:\/\/vieassociative.be\/actualites\/wp-content\/uploads\/2025\/09\/1757981877_431_Les-huit-premiers-parametres-a-modifier-apres-linstallation-de-iOS.png\" alt=\"Ic\u00f4nes claires iOS 26\" width=\"2000\" height=\"1125\" loading=\"lazy\"  >\n            <\/div>\n<\/p><\/div>\n<p>Disons que vous aimez vraiment le verre liquide, mais pensez que cela ne va pas assez loin. Dans ce cas, vous voudrez peut-\u00eatre aussi rendre vos ic\u00f4nes claires, afin que vous puissiez voir vos ant\u00e9c\u00e9dents \u00e0 travers eux. Je promets que je ne jugerai pas.<\/p>\n<p>Pour rendre les ic\u00f4nes d&rsquo;application claires dans iOS 26, appuyez simplement sur le fond de votre \u00e9cran d&rsquo;accueil jusqu&rsquo;\u00e0 ce que vos applications commencent \u00e0 se pi\u00e9ger. Ensuite, tapez <strong>Modifier<\/strong> dans le coin sup\u00e9rieur gauche, suivi de <strong>Personnaliser<\/strong>. Ensuite, choisissez <strong>Clair<\/strong>. Vous pouvez \u00e9galement choisir entre <strong>Clair<\/strong> ou <strong>Clair<\/strong>avec le mode sombre optant pour une teinte plus tamis\u00e9e.<\/p>\n<p>Cela fera que les ic\u00f4nes de votre application ressemblent \u00e0 du verre givr\u00e9, similaire \u00e0 la nouvelle horloge d&rsquo;\u00e9cran de verrouillage d&rsquo;iOS 26. Vous vous faites.<\/p>\n<p>(Si vous \u00eates comme moi, vous pr\u00e9f\u00e9rez peut-\u00eatre \u00e0 la place la nouvelle option de mode de lumi\u00e8re teint\u00e9e, qui vous permet enfin de d\u00e9finir une couleur personnalis\u00e9e pour les \u00e9l\u00e9ments graphiques de vos ic\u00f4nes d&rsquo;application \u00e0 c\u00f4t\u00e9 d&rsquo;un fond lumineux. Vous pouvez le trouver dans le <strong>Teint\u00e9<\/strong> option \u00e0 c\u00f4t\u00e9 de <strong>Clair<\/strong> Lors de la s\u00e9lection de l&rsquo;apparence de votre ic\u00f4ne d&rsquo;application).<\/p>\n<h2 id=\"new-ways-to-customize-your-lock-screen\">De nouvelles fa\u00e7ons de personnaliser votre \u00e9cran de verrouillage<\/h2>\n<p>iOS 26 vous donne plus de contr\u00f4le sur l&rsquo;apparence de votre t\u00e9l\u00e9phone pendant que jamais verrouill\u00e9 que jamais. Pour commencer, verrouillez votre t\u00e9l\u00e9phone, puis appuyez sur le bouton d&rsquo;alimentation, appuyez sur et maintenez-le sur l&rsquo;\u00e9cran de verrouillage et appuyez sur <strong>Personnaliser<\/strong>.<\/p>\n<p>Tout d&rsquo;abord, vous pouvez d\u00e9sormais ajuster la taille de votre horloge en saisissant l&rsquo;un de ses coins et en le faisant glisser vers le bas, bien que cela ne fonctionnera qu&rsquo;avec certaines polices. <\/p>\n<p>Deuxi\u00e8mement, vous pouvez maintenant justifier votre bo\u00eete de widgets en bas de l&rsquo;\u00e9cran de verrouillage, ainsi que pour y ajouter un widget de recherche de musique Apple, si vous le souhaitez. Si vous commencez r\u00e9ellement \u00e0 jouer quelque chose, vous remarquerez que cela permettra une grande interface de jeu qui montre l&rsquo;art de l&rsquo;album.<\/p>\n<p>Enfin, il y a un soutien aux sc\u00e8nes spatiales. Lors de la s\u00e9lection d&rsquo;un fond d&rsquo;\u00e9cran photo, vous pouvez maintenant puiser sur une petite ic\u00f4ne d&rsquo;une montagne et un soleil pour s\u00e9parer le sujet de la photo de l&rsquo;arri\u00e8re-plan. Maintenant, lorsque vous d\u00e9placez votre iPhone, le sujet se d\u00e9placera avec lui, pour les aider \u00e0 pop. Votre horloge peut \u00e9galement se d\u00e9placer pour remplir l&rsquo;espace sur la photo, y compris l\u00e9g\u00e8rement derri\u00e8re le sujet, pour aider \u00e0 donner une illusion de profondeur. Ou, vos widgets peuvent se d\u00e9placer automatiquement vers le bas de l&rsquo;\u00e9cran s&rsquo;ils sont plac\u00e9s ailleurs, pour mieux encadrer le sujet photo.<\/p>\n<h2 id=\"other-settings-you-can-enable\">Autres param\u00e8tres que vous pouvez activer<\/h2>\n<p>Il y a beaucoup d&rsquo;autres que vous pouvez faire pour faire de iOS 26 vraiment le v\u00f4tre. Si les changements ci-dessus ne vous suffisent pas, voici 36 autres ajustements que vous pouvez apporter pour tirer le meilleur parti du nouveau syst\u00e8me d&rsquo;exploitation de votre iPhone.<\/p>\n<p><script async src=\"https:\/\/platform.twitter.com\/widgets.js\" charset=\"utf-8\"><\/script><\/p>\n","protected":false},"excerpt":{"rendered":"<p>Tirez le meilleur parti du nouveau syst\u00e8me d&rsquo;exploitation d&rsquo;Apple. L&rsquo;iOS 26 d&rsquo;Apple g\u00e2che aujourd&rsquo;hui, et avec elle vient un tas de petits ajustements et des<\/p>\n","protected":false},"author":1,"featured_media":10061,"comment_status":"","ping_status":"","sticky":false,"template":"","format":"standard","meta":{"footnotes":""},"categories":[13],"tags":[472,78,21,14,8567,1830,234,1400],"class_list":["post-10060","post","type-post","status-publish","format-standard","has-post-thumbnail","hentry","category-technologie","tag-apres","tag-huit","tag-ios","tag-les","tag-linstallation","tag-modifier","tag-parametres","tag-premiers","generate-columns","tablet-grid-50","mobile-grid-100","grid-parent","grid-33"],"yoast_head":"<!-- This site is optimized with the Yoast SEO plugin v24.0 - https:\/\/yoast.com\/wordpress\/plugins\/seo\/ -->\n<title>Les huit premiers param\u00e8tres \u00e0 modifier apr\u00e8s l&#039;installation de iOS 26 | Vie Associative<\/title>\n<meta name=\"robots\" content=\"index, follow, max-snippet:-1, max-image-preview:large, max-video-preview:-1\" \/>\n<link rel=\"canonical\" href=\"https:\/\/vieassociative.be\/actualites\/les-huit-premiers-parametres-a-modifier-apres-linstallation-de-ios-26\/\" \/>\n<meta property=\"og:locale\" content=\"fr_FR\" \/>\n<meta property=\"og:type\" content=\"article\" \/>\n<meta property=\"og:title\" content=\"Les huit premiers param\u00e8tres \u00e0 modifier apr\u00e8s l&#039;installation de iOS 26 | Vie Associative\" \/>\n<meta property=\"og:description\" content=\"Tirez le meilleur parti du nouveau syst\u00e8me d&rsquo;exploitation d&rsquo;Apple. L&rsquo;iOS 26 d&rsquo;Apple g\u00e2che aujourd&rsquo;hui, et avec elle vient un tas de petits ajustements et des\" \/>\n<meta property=\"og:url\" content=\"https:\/\/vieassociative.be\/actualites\/les-huit-premiers-parametres-a-modifier-apres-linstallation-de-ios-26\/\" \/>\n<meta property=\"og:site_name\" content=\"Vie Associative\" \/>\n<meta property=\"article:published_time\" content=\"2025-09-16T00:17:57+00:00\" \/>\n<meta property=\"og:image\" content=\"https:\/\/vieassociative.be\/actualites\/wp-content\/uploads\/2025\/09\/1757726237_608_Meta-pourrait-devoiler-une-montre-intelligente-pour-controler-ses-lunettes.jpg\" \/>\n<meta name=\"author\" content=\"Julien\" \/>\n<meta name=\"twitter:card\" content=\"summary_large_image\" \/>\n<meta name=\"twitter:label1\" content=\"\u00c9crit par\" \/>\n\t<meta name=\"twitter:data1\" content=\"Julien\" \/>\n\t<meta name=\"twitter:label2\" content=\"Dur\u00e9e de lecture est.\" \/>\n\t<meta name=\"twitter:data2\" content=\"10 minutes\" \/>\n<script type=\"application\/ld+json\" class=\"yoast-schema-graph\">{\"@context\":\"https:\/\/schema.org\",\"@graph\":[{\"@type\":\"Article\",\"@id\":\"https:\/\/vieassociative.be\/actualites\/les-huit-premiers-parametres-a-modifier-apres-linstallation-de-ios-26\/#article\",\"isPartOf\":{\"@id\":\"https:\/\/vieassociative.be\/actualites\/les-huit-premiers-parametres-a-modifier-apres-linstallation-de-ios-26\/\"},\"author\":{\"name\":\"Julien\",\"@id\":\"https:\/\/vieassociative.be\/actualites\/#\/schema\/person\/b87ac4f82f9d4e7b7cec7395b679edc4\"},\"headline\":\"Les huit premiers param\u00e8tres \u00e0 modifier apr\u00e8s l&rsquo;installation de iOS 26\",\"datePublished\":\"2025-09-16T00:17:57+00:00\",\"dateModified\":\"2025-09-16T00:17:57+00:00\",\"mainEntityOfPage\":{\"@id\":\"https:\/\/vieassociative.be\/actualites\/les-huit-premiers-parametres-a-modifier-apres-linstallation-de-ios-26\/\"},\"wordCount\":2079,\"publisher\":{\"@id\":\"https:\/\/vieassociative.be\/actualites\/#organization\"},\"image\":{\"@id\":\"https:\/\/vieassociative.be\/actualites\/les-huit-premiers-parametres-a-modifier-apres-linstallation-de-ios-26\/#primaryimage\"},\"thumbnailUrl\":\"https:\/\/vieassociative.be\/actualites\/wp-content\/uploads\/2025\/09\/Les-huit-premiers-parametres-a-modifier-apres-linstallation-de-iOS.jpg\",\"keywords\":[\"Apr\u00e8s\",\"Huit\",\"iOS\",\"Les\",\"linstallation\",\"modifier\",\"param\u00e8tres\",\"premiers\"],\"articleSection\":[\"Technologie\"],\"inLanguage\":\"fr-BE\"},{\"@type\":\"WebPage\",\"@id\":\"https:\/\/vieassociative.be\/actualites\/les-huit-premiers-parametres-a-modifier-apres-linstallation-de-ios-26\/\",\"url\":\"https:\/\/vieassociative.be\/actualites\/les-huit-premiers-parametres-a-modifier-apres-linstallation-de-ios-26\/\",\"name\":\"Les huit premiers param\u00e8tres \u00e0 modifier apr\u00e8s l'installation de iOS 26 | Vie Associative\",\"isPartOf\":{\"@id\":\"https:\/\/vieassociative.be\/actualites\/#website\"},\"primaryImageOfPage\":{\"@id\":\"https:\/\/vieassociative.be\/actualites\/les-huit-premiers-parametres-a-modifier-apres-linstallation-de-ios-26\/#primaryimage\"},\"image\":{\"@id\":\"https:\/\/vieassociative.be\/actualites\/les-huit-premiers-parametres-a-modifier-apres-linstallation-de-ios-26\/#primaryimage\"},\"thumbnailUrl\":\"https:\/\/vieassociative.be\/actualites\/wp-content\/uploads\/2025\/09\/Les-huit-premiers-parametres-a-modifier-apres-linstallation-de-iOS.jpg\",\"datePublished\":\"2025-09-16T00:17:57+00:00\",\"dateModified\":\"2025-09-16T00:17:57+00:00\",\"breadcrumb\":{\"@id\":\"https:\/\/vieassociative.be\/actualites\/les-huit-premiers-parametres-a-modifier-apres-linstallation-de-ios-26\/#breadcrumb\"},\"inLanguage\":\"fr-BE\",\"potentialAction\":[{\"@type\":\"ReadAction\",\"target\":[\"https:\/\/vieassociative.be\/actualites\/les-huit-premiers-parametres-a-modifier-apres-linstallation-de-ios-26\/\"]}]},{\"@type\":\"ImageObject\",\"inLanguage\":\"fr-BE\",\"@id\":\"https:\/\/vieassociative.be\/actualites\/les-huit-premiers-parametres-a-modifier-apres-linstallation-de-ios-26\/#primaryimage\",\"url\":\"https:\/\/vieassociative.be\/actualites\/wp-content\/uploads\/2025\/09\/Les-huit-premiers-parametres-a-modifier-apres-linstallation-de-iOS.jpg\",\"contentUrl\":\"https:\/\/vieassociative.be\/actualites\/wp-content\/uploads\/2025\/09\/Les-huit-premiers-parametres-a-modifier-apres-linstallation-de-iOS.jpg\",\"width\":1200,\"height\":675,\"caption\":\"Les huit premiers param\u00e8tres \u00e0 modifier apr\u00e8s l'installation de iOS 26\"},{\"@type\":\"BreadcrumbList\",\"@id\":\"https:\/\/vieassociative.be\/actualites\/les-huit-premiers-parametres-a-modifier-apres-linstallation-de-ios-26\/#breadcrumb\",\"itemListElement\":[{\"@type\":\"ListItem\",\"position\":1,\"name\":\"Accueil\",\"item\":\"https:\/\/vieassociative.be\/actualites\/\"},{\"@type\":\"ListItem\",\"position\":2,\"name\":\"Les huit premiers param\u00e8tres \u00e0 modifier apr\u00e8s l&rsquo;installation de iOS 26\"}]},{\"@type\":\"WebSite\",\"@id\":\"https:\/\/vieassociative.be\/actualites\/#website\",\"url\":\"https:\/\/vieassociative.be\/actualites\/\",\"name\":\"Vie Associative\",\"description\":\"\",\"publisher\":{\"@id\":\"https:\/\/vieassociative.be\/actualites\/#organization\"},\"potentialAction\":[{\"@type\":\"SearchAction\",\"target\":{\"@type\":\"EntryPoint\",\"urlTemplate\":\"https:\/\/vieassociative.be\/actualites\/?s={search_term_string}\"},\"query-input\":{\"@type\":\"PropertyValueSpecification\",\"valueRequired\":true,\"valueName\":\"search_term_string\"}}],\"inLanguage\":\"fr-BE\"},{\"@type\":\"Organization\",\"@id\":\"https:\/\/vieassociative.be\/actualites\/#organization\",\"name\":\"Vie Associative\",\"url\":\"https:\/\/vieassociative.be\/actualites\/\",\"logo\":{\"@type\":\"ImageObject\",\"inLanguage\":\"fr-BE\",\"@id\":\"https:\/\/vieassociative.be\/actualites\/#\/schema\/logo\/image\/\",\"url\":\"https:\/\/vieassociative.be\/actualites\/wp-content\/uploads\/2024\/09\/cropped-vieassociative_favicon.ico.png\",\"contentUrl\":\"https:\/\/vieassociative.be\/actualites\/wp-content\/uploads\/2024\/09\/cropped-vieassociative_favicon.ico.png\",\"width\":512,\"height\":512,\"caption\":\"Vie Associative\"},\"image\":{\"@id\":\"https:\/\/vieassociative.be\/actualites\/#\/schema\/logo\/image\/\"}},{\"@type\":\"Person\",\"@id\":\"https:\/\/vieassociative.be\/actualites\/#\/schema\/person\/b87ac4f82f9d4e7b7cec7395b679edc4\",\"name\":\"Julien\",\"image\":{\"@type\":\"ImageObject\",\"inLanguage\":\"fr-BE\",\"@id\":\"https:\/\/vieassociative.be\/actualites\/#\/schema\/person\/image\/\",\"url\":\"https:\/\/vieassociative.be\/actualites\/wp-content\/uploads\/2024\/09\/vie-associative-1-150x150.jpg\",\"contentUrl\":\"https:\/\/vieassociative.be\/actualites\/wp-content\/uploads\/2024\/09\/vie-associative-1-150x150.jpg\",\"caption\":\"Julien\"},\"description\":\"Je suis Julien, r\u00e9dacteur pour Vie Associative. Passionn\u00e9 par le monde associatif depuis plus de 10 ans, j'ai \u00e0 c\u0153ur de partager des histoires inspirantes et de mettre en lumi\u00e8re les initiatives locales. Mon objectif est de sensibiliser et d'encourager l'engagement communautaire \u00e0 travers mes articles.\",\"sameAs\":[\"https:\/\/vieassociative.be\/\"]}]}<\/script>\n<!-- \/ Yoast SEO plugin. -->","yoast_head_json":{"title":"Les huit premiers param\u00e8tres \u00e0 modifier apr\u00e8s l'installation de iOS 26 | Vie Associative","robots":{"index":"index","follow":"follow","max-snippet":"max-snippet:-1","max-image-preview":"max-image-preview:large","max-video-preview":"max-video-preview:-1"},"canonical":"https:\/\/vieassociative.be\/actualites\/les-huit-premiers-parametres-a-modifier-apres-linstallation-de-ios-26\/","og_locale":"fr_FR","og_type":"article","og_title":"Les huit premiers param\u00e8tres \u00e0 modifier apr\u00e8s l'installation de iOS 26 | Vie Associative","og_description":"Tirez le meilleur parti du nouveau syst\u00e8me d&rsquo;exploitation d&rsquo;Apple. L&rsquo;iOS 26 d&rsquo;Apple g\u00e2che aujourd&rsquo;hui, et avec elle vient un tas de petits ajustements et des","og_url":"https:\/\/vieassociative.be\/actualites\/les-huit-premiers-parametres-a-modifier-apres-linstallation-de-ios-26\/","og_site_name":"Vie Associative","article_published_time":"2025-09-16T00:17:57+00:00","og_image":[{"url":"https:\/\/vieassociative.be\/actualites\/wp-content\/uploads\/2025\/09\/1757726237_608_Meta-pourrait-devoiler-une-montre-intelligente-pour-controler-ses-lunettes.jpg","type":"","width":"","height":""}],"author":"Julien","twitter_card":"summary_large_image","twitter_misc":{"\u00c9crit par":"Julien","Dur\u00e9e de lecture est.":"10 minutes"},"schema":{"@context":"https:\/\/schema.org","@graph":[{"@type":"Article","@id":"https:\/\/vieassociative.be\/actualites\/les-huit-premiers-parametres-a-modifier-apres-linstallation-de-ios-26\/#article","isPartOf":{"@id":"https:\/\/vieassociative.be\/actualites\/les-huit-premiers-parametres-a-modifier-apres-linstallation-de-ios-26\/"},"author":{"name":"Julien","@id":"https:\/\/vieassociative.be\/actualites\/#\/schema\/person\/b87ac4f82f9d4e7b7cec7395b679edc4"},"headline":"Les huit premiers param\u00e8tres \u00e0 modifier apr\u00e8s l&rsquo;installation de iOS 26","datePublished":"2025-09-16T00:17:57+00:00","dateModified":"2025-09-16T00:17:57+00:00","mainEntityOfPage":{"@id":"https:\/\/vieassociative.be\/actualites\/les-huit-premiers-parametres-a-modifier-apres-linstallation-de-ios-26\/"},"wordCount":2079,"publisher":{"@id":"https:\/\/vieassociative.be\/actualites\/#organization"},"image":{"@id":"https:\/\/vieassociative.be\/actualites\/les-huit-premiers-parametres-a-modifier-apres-linstallation-de-ios-26\/#primaryimage"},"thumbnailUrl":"https:\/\/vieassociative.be\/actualites\/wp-content\/uploads\/2025\/09\/Les-huit-premiers-parametres-a-modifier-apres-linstallation-de-iOS.jpg","keywords":["Apr\u00e8s","Huit","iOS","Les","linstallation","modifier","param\u00e8tres","premiers"],"articleSection":["Technologie"],"inLanguage":"fr-BE"},{"@type":"WebPage","@id":"https:\/\/vieassociative.be\/actualites\/les-huit-premiers-parametres-a-modifier-apres-linstallation-de-ios-26\/","url":"https:\/\/vieassociative.be\/actualites\/les-huit-premiers-parametres-a-modifier-apres-linstallation-de-ios-26\/","name":"Les huit premiers param\u00e8tres \u00e0 modifier apr\u00e8s l'installation de iOS 26 | Vie Associative","isPartOf":{"@id":"https:\/\/vieassociative.be\/actualites\/#website"},"primaryImageOfPage":{"@id":"https:\/\/vieassociative.be\/actualites\/les-huit-premiers-parametres-a-modifier-apres-linstallation-de-ios-26\/#primaryimage"},"image":{"@id":"https:\/\/vieassociative.be\/actualites\/les-huit-premiers-parametres-a-modifier-apres-linstallation-de-ios-26\/#primaryimage"},"thumbnailUrl":"https:\/\/vieassociative.be\/actualites\/wp-content\/uploads\/2025\/09\/Les-huit-premiers-parametres-a-modifier-apres-linstallation-de-iOS.jpg","datePublished":"2025-09-16T00:17:57+00:00","dateModified":"2025-09-16T00:17:57+00:00","breadcrumb":{"@id":"https:\/\/vieassociative.be\/actualites\/les-huit-premiers-parametres-a-modifier-apres-linstallation-de-ios-26\/#breadcrumb"},"inLanguage":"fr-BE","potentialAction":[{"@type":"ReadAction","target":["https:\/\/vieassociative.be\/actualites\/les-huit-premiers-parametres-a-modifier-apres-linstallation-de-ios-26\/"]}]},{"@type":"ImageObject","inLanguage":"fr-BE","@id":"https:\/\/vieassociative.be\/actualites\/les-huit-premiers-parametres-a-modifier-apres-linstallation-de-ios-26\/#primaryimage","url":"https:\/\/vieassociative.be\/actualites\/wp-content\/uploads\/2025\/09\/Les-huit-premiers-parametres-a-modifier-apres-linstallation-de-iOS.jpg","contentUrl":"https:\/\/vieassociative.be\/actualites\/wp-content\/uploads\/2025\/09\/Les-huit-premiers-parametres-a-modifier-apres-linstallation-de-iOS.jpg","width":1200,"height":675,"caption":"Les huit premiers param\u00e8tres \u00e0 modifier apr\u00e8s l'installation de iOS 26"},{"@type":"BreadcrumbList","@id":"https:\/\/vieassociative.be\/actualites\/les-huit-premiers-parametres-a-modifier-apres-linstallation-de-ios-26\/#breadcrumb","itemListElement":[{"@type":"ListItem","position":1,"name":"Accueil","item":"https:\/\/vieassociative.be\/actualites\/"},{"@type":"ListItem","position":2,"name":"Les huit premiers param\u00e8tres \u00e0 modifier apr\u00e8s l&rsquo;installation de iOS 26"}]},{"@type":"WebSite","@id":"https:\/\/vieassociative.be\/actualites\/#website","url":"https:\/\/vieassociative.be\/actualites\/","name":"Vie Associative","description":"","publisher":{"@id":"https:\/\/vieassociative.be\/actualites\/#organization"},"potentialAction":[{"@type":"SearchAction","target":{"@type":"EntryPoint","urlTemplate":"https:\/\/vieassociative.be\/actualites\/?s={search_term_string}"},"query-input":{"@type":"PropertyValueSpecification","valueRequired":true,"valueName":"search_term_string"}}],"inLanguage":"fr-BE"},{"@type":"Organization","@id":"https:\/\/vieassociative.be\/actualites\/#organization","name":"Vie Associative","url":"https:\/\/vieassociative.be\/actualites\/","logo":{"@type":"ImageObject","inLanguage":"fr-BE","@id":"https:\/\/vieassociative.be\/actualites\/#\/schema\/logo\/image\/","url":"https:\/\/vieassociative.be\/actualites\/wp-content\/uploads\/2024\/09\/cropped-vieassociative_favicon.ico.png","contentUrl":"https:\/\/vieassociative.be\/actualites\/wp-content\/uploads\/2024\/09\/cropped-vieassociative_favicon.ico.png","width":512,"height":512,"caption":"Vie Associative"},"image":{"@id":"https:\/\/vieassociative.be\/actualites\/#\/schema\/logo\/image\/"}},{"@type":"Person","@id":"https:\/\/vieassociative.be\/actualites\/#\/schema\/person\/b87ac4f82f9d4e7b7cec7395b679edc4","name":"Julien","image":{"@type":"ImageObject","inLanguage":"fr-BE","@id":"https:\/\/vieassociative.be\/actualites\/#\/schema\/person\/image\/","url":"https:\/\/vieassociative.be\/actualites\/wp-content\/uploads\/2024\/09\/vie-associative-1-150x150.jpg","contentUrl":"https:\/\/vieassociative.be\/actualites\/wp-content\/uploads\/2024\/09\/vie-associative-1-150x150.jpg","caption":"Julien"},"description":"Je suis Julien, r\u00e9dacteur pour Vie Associative. Passionn\u00e9 par le monde associatif depuis plus de 10 ans, j'ai \u00e0 c\u0153ur de partager des histoires inspirantes et de mettre en lumi\u00e8re les initiatives locales. Mon objectif est de sensibiliser et d'encourager l'engagement communautaire \u00e0 travers mes articles.","sameAs":["https:\/\/vieassociative.be\/"]}]}},"_links":{"self":[{"href":"https:\/\/vieassociative.be\/actualites\/wp-json\/wp\/v2\/posts\/10060"}],"collection":[{"href":"https:\/\/vieassociative.be\/actualites\/wp-json\/wp\/v2\/posts"}],"about":[{"href":"https:\/\/vieassociative.be\/actualites\/wp-json\/wp\/v2\/types\/post"}],"author":[{"embeddable":true,"href":"https:\/\/vieassociative.be\/actualites\/wp-json\/wp\/v2\/users\/1"}],"replies":[{"embeddable":true,"href":"https:\/\/vieassociative.be\/actualites\/wp-json\/wp\/v2\/comments?post=10060"}],"version-history":[{"count":0,"href":"https:\/\/vieassociative.be\/actualites\/wp-json\/wp\/v2\/posts\/10060\/revisions"}],"wp:featuredmedia":[{"embeddable":true,"href":"https:\/\/vieassociative.be\/actualites\/wp-json\/wp\/v2\/media\/10061"}],"wp:attachment":[{"href":"https:\/\/vieassociative.be\/actualites\/wp-json\/wp\/v2\/media?parent=10060"}],"wp:term":[{"taxonomy":"category","embeddable":true,"href":"https:\/\/vieassociative.be\/actualites\/wp-json\/wp\/v2\/categories?post=10060"},{"taxonomy":"post_tag","embeddable":true,"href":"https:\/\/vieassociative.be\/actualites\/wp-json\/wp\/v2\/tags?post=10060"}],"curies":[{"name":"wp","href":"https:\/\/api.w.org\/{rel}","templated":true}]}}