{"id":10058,"date":"2025-09-15T22:17:52","date_gmt":"2025-09-15T20:17:52","guid":{"rendered":"https:\/\/vieassociative.be\/actualites\/un-policier-decouvre-un-controle-de-la-circulation-cheval-dans-le-coffre-dune-voiture\/"},"modified":"2025-09-15T22:17:52","modified_gmt":"2025-09-15T20:17:52","slug":"un-policier-decouvre-un-controle-de-la-circulation-cheval-dans-le-coffre-dune-voiture","status":"publish","type":"post","link":"https:\/\/vieassociative.be\/actualites\/un-policier-decouvre-un-controle-de-la-circulation-cheval-dans-le-coffre-dune-voiture\/","title":{"rendered":"Un policier d\u00e9couvre un contr\u00f4le de la circulation &#8230; cheval dans le coffre d&rsquo;une voiture"},"content":{"rendered":"<p><strong>\u00ab\u00a0Il y a un cheval dans le couloir\u00a0\u00bb est le titre d&rsquo;une chanson bien connue. Eh bien, un cheval \u00e9tait en fait \u00e0 Alsdorf, mais pas dans le couloir, mais dans le coffre d&rsquo;une voiture.<\/strong><\/p>\n<p><span id=\"more-424651\"><\/span>Un spectacle inhabituel a employ\u00e9 un policier du service du district d&rsquo;Alsdorf d\u00e9but septembre (03.09.2025), comme rapport de police d&rsquo;Aix-la-Chambre ce lundi 15 septembre.<\/p>\n<p>Au cours d&rsquo;un contr\u00f4le de la circulation, le responsable a constat\u00e9 qu&rsquo;un conducteur transportait un poney dans le coffre de sa voiture. Il n&rsquo;oubliera pas l&rsquo;image qui lui a offert si rapidement: le si\u00e8ge arri\u00e8re dans la voiture rose a \u00e9t\u00e9 pli\u00e9. Un tapis a \u00e9t\u00e9 dispos\u00e9 et un poney blanc \u00e9tait sur le tapis. Le poney semblait profond\u00e9ment d\u00e9tendu, car il avait m\u00eame un seau avec des provisions avec moi.<\/p>\n<p>Le conducteur \u00e9tait assez d\u00e9raisonnable lorsque le policier lui a pos\u00e9 des questions sur la situation. \u00c0 son avis, le poney \u00e9tait connect\u00e9 \u00e0 un support m\u00e9tallique dans la voiture avec un guide tricot\u00e9 et donc suffisamment s\u00e9curis\u00e9.<\/p>\n<div id=\"attachment_384452\" class=\"wp-caption alignleft\" style=\"max-width: 300px\"><img fetchpriority=\"high\" decoding=\"async\" class=\"wp-image-384452 size-medium\" src=\"https:\/\/vieassociative.be\/actualites\/wp-content\/uploads\/2025\/09\/Un-policier-decouvre-un-controle-de-la-circulation-cheval-dans.jpg\" alt=\"\" width=\"300\" height=\"200\"><\/div>\n<p>Cependant, il lui \u00e9tait interdit de continuer, et elle ne voulait pas payer l&rsquo;argent d&rsquo;avertissement de 35 euros sur place. Par cons\u00e9quent, une amende a \u00e9t\u00e9 initi\u00e9e.<\/p>\n<p>La police d&rsquo;Aix-de-Chapelle aimerait profiter de l&rsquo;occasion pour un rappel sur le sujet de la s\u00e9curisation des charges. Des tests de collision ont montr\u00e9 que les objets non garantis ou \u00e0 tort \u00e0 tort peuvent d\u00e9velopper 50 fois leur propre poids en cas d&rsquo;impact frontal \u00e0 50 km \/ h.<\/p>\n<p>Si vous supposez que le poney p\u00e8se 150 kg, le conducteur conduit 50 km \/ h et qu&rsquo;il s&rsquo;agit de l&rsquo;accident, alors le poney peserait soudainement jusqu&rsquo;\u00e0 7,5 tonnes et serait jet\u00e9 contre le si\u00e8ge du conducteur. Ce poids ne supporterait probablement pas ce poids et il y aurait donc un danger pour la vie pour le poney, le conducteur et les autres usagers de la route. Parce que m\u00eame si les poneys sont petits: ils n&rsquo;appartiennent pas au tronc, mais dans une camionnette \u00e0 cheval. (Pol \/ Cre)<\/p>\n","protected":false},"excerpt":{"rendered":"<p>\u00ab\u00a0Il y a un cheval dans le couloir\u00a0\u00bb est le titre d&rsquo;une chanson bien connue. Eh bien, un cheval \u00e9tait en fait \u00e0 Alsdorf, mais<\/p>\n","protected":false},"author":1,"featured_media":10059,"comment_status":"","ping_status":"","sticky":false,"template":"","format":"standard","meta":{"footnotes":""},"categories":[298],"tags":[8565,3479,8566,360,166,8564,698,8263,1229],"class_list":["post-10058","post","type-post","status-publish","format-standard","has-post-thumbnail","hentry","category-belgique","tag-cheval","tag-circulation","tag-coffre","tag-controle","tag-dans","tag-decouvre","tag-dune","tag-policier","tag-voiture","generate-columns","tablet-grid-50","mobile-grid-100","grid-parent","grid-33"],"yoast_head":"<!-- This site is optimized with the Yoast SEO plugin v24.0 - https:\/\/yoast.com\/wordpress\/plugins\/seo\/ -->\n<title>Un policier d\u00e9couvre un contr\u00f4le de la circulation ... cheval dans le coffre d&#039;une voiture | Vie Associative<\/title>\n<meta name=\"robots\" content=\"index, follow, max-snippet:-1, max-image-preview:large, max-video-preview:-1\" \/>\n<link rel=\"canonical\" href=\"https:\/\/vieassociative.be\/actualites\/un-policier-decouvre-un-controle-de-la-circulation-cheval-dans-le-coffre-dune-voiture\/\" \/>\n<meta property=\"og:locale\" content=\"fr_FR\" \/>\n<meta property=\"og:type\" content=\"article\" \/>\n<meta property=\"og:title\" content=\"Un policier d\u00e9couvre un contr\u00f4le de la circulation ... cheval dans le coffre d&#039;une voiture | Vie Associative\" \/>\n<meta property=\"og:description\" content=\"\u00ab\u00a0Il y a un cheval dans le couloir\u00a0\u00bb est le titre d&rsquo;une chanson bien connue. Eh bien, un cheval \u00e9tait en fait \u00e0 Alsdorf, mais\" \/>\n<meta property=\"og:url\" content=\"https:\/\/vieassociative.be\/actualites\/un-policier-decouvre-un-controle-de-la-circulation-cheval-dans-le-coffre-dune-voiture\/\" \/>\n<meta property=\"og:site_name\" content=\"Vie Associative\" \/>\n<meta property=\"article:published_time\" content=\"2025-09-15T20:17:52+00:00\" \/>\n<meta property=\"og:image\" content=\"https:\/\/vieassociative.be\/actualites\/wp-content\/uploads\/2024\/09\/header_backgroundk-01-e1726694325946.png\" \/>\n\t<meta property=\"og:image:width\" content=\"279\" \/>\n\t<meta property=\"og:image:height\" content=\"92\" \/>\n\t<meta property=\"og:image:type\" content=\"image\/png\" \/>\n<meta name=\"author\" content=\"Julien\" \/>\n<meta name=\"twitter:card\" content=\"summary_large_image\" \/>\n<meta name=\"twitter:label1\" content=\"\u00c9crit par\" \/>\n\t<meta name=\"twitter:data1\" content=\"Julien\" \/>\n\t<meta name=\"twitter:label2\" content=\"Dur\u00e9e de lecture est.\" \/>\n\t<meta name=\"twitter:data2\" content=\"2 minutes\" \/>\n<script type=\"application\/ld+json\" class=\"yoast-schema-graph\">{\"@context\":\"https:\/\/schema.org\",\"@graph\":[{\"@type\":\"Article\",\"@id\":\"https:\/\/vieassociative.be\/actualites\/un-policier-decouvre-un-controle-de-la-circulation-cheval-dans-le-coffre-dune-voiture\/#article\",\"isPartOf\":{\"@id\":\"https:\/\/vieassociative.be\/actualites\/un-policier-decouvre-un-controle-de-la-circulation-cheval-dans-le-coffre-dune-voiture\/\"},\"author\":{\"name\":\"Julien\",\"@id\":\"https:\/\/vieassociative.be\/actualites\/#\/schema\/person\/b87ac4f82f9d4e7b7cec7395b679edc4\"},\"headline\":\"Un policier d\u00e9couvre un contr\u00f4le de la circulation &#8230; cheval dans le coffre d&rsquo;une voiture\",\"datePublished\":\"2025-09-15T20:17:52+00:00\",\"dateModified\":\"2025-09-15T20:17:52+00:00\",\"mainEntityOfPage\":{\"@id\":\"https:\/\/vieassociative.be\/actualites\/un-policier-decouvre-un-controle-de-la-circulation-cheval-dans-le-coffre-dune-voiture\/\"},\"wordCount\":367,\"publisher\":{\"@id\":\"https:\/\/vieassociative.be\/actualites\/#organization\"},\"image\":{\"@id\":\"https:\/\/vieassociative.be\/actualites\/un-policier-decouvre-un-controle-de-la-circulation-cheval-dans-le-coffre-dune-voiture\/#primaryimage\"},\"thumbnailUrl\":\"https:\/\/vieassociative.be\/actualites\/wp-content\/uploads\/2025\/09\/1757967472_Un-policier-decouvre-un-controle-de-la-circulation-cheval-dans.jpg\",\"keywords\":[\"cheval\",\"circulation\",\"coffre\",\"contr\u00f4le\",\"dans\",\"d\u00e9couvre\",\"dune\",\"policier\",\"voiture\"],\"articleSection\":[\"Belgique\"],\"inLanguage\":\"fr-BE\"},{\"@type\":\"WebPage\",\"@id\":\"https:\/\/vieassociative.be\/actualites\/un-policier-decouvre-un-controle-de-la-circulation-cheval-dans-le-coffre-dune-voiture\/\",\"url\":\"https:\/\/vieassociative.be\/actualites\/un-policier-decouvre-un-controle-de-la-circulation-cheval-dans-le-coffre-dune-voiture\/\",\"name\":\"Un policier d\u00e9couvre un contr\u00f4le de la circulation ... cheval dans le coffre d'une voiture | Vie Associative\",\"isPartOf\":{\"@id\":\"https:\/\/vieassociative.be\/actualites\/#website\"},\"primaryImageOfPage\":{\"@id\":\"https:\/\/vieassociative.be\/actualites\/un-policier-decouvre-un-controle-de-la-circulation-cheval-dans-le-coffre-dune-voiture\/#primaryimage\"},\"image\":{\"@id\":\"https:\/\/vieassociative.be\/actualites\/un-policier-decouvre-un-controle-de-la-circulation-cheval-dans-le-coffre-dune-voiture\/#primaryimage\"},\"thumbnailUrl\":\"https:\/\/vieassociative.be\/actualites\/wp-content\/uploads\/2025\/09\/1757967472_Un-policier-decouvre-un-controle-de-la-circulation-cheval-dans.jpg\",\"datePublished\":\"2025-09-15T20:17:52+00:00\",\"dateModified\":\"2025-09-15T20:17:52+00:00\",\"breadcrumb\":{\"@id\":\"https:\/\/vieassociative.be\/actualites\/un-policier-decouvre-un-controle-de-la-circulation-cheval-dans-le-coffre-dune-voiture\/#breadcrumb\"},\"inLanguage\":\"fr-BE\",\"potentialAction\":[{\"@type\":\"ReadAction\",\"target\":[\"https:\/\/vieassociative.be\/actualites\/un-policier-decouvre-un-controle-de-la-circulation-cheval-dans-le-coffre-dune-voiture\/\"]}]},{\"@type\":\"ImageObject\",\"inLanguage\":\"fr-BE\",\"@id\":\"https:\/\/vieassociative.be\/actualites\/un-policier-decouvre-un-controle-de-la-circulation-cheval-dans-le-coffre-dune-voiture\/#primaryimage\",\"url\":\"https:\/\/vieassociative.be\/actualites\/wp-content\/uploads\/2025\/09\/1757967472_Un-policier-decouvre-un-controle-de-la-circulation-cheval-dans.jpg\",\"contentUrl\":\"https:\/\/vieassociative.be\/actualites\/wp-content\/uploads\/2025\/09\/1757967472_Un-policier-decouvre-un-controle-de-la-circulation-cheval-dans.jpg\",\"width\":773,\"height\":1200,\"caption\":\"Un policier d\u00e9couvre un contr\u00f4le de la circulation ... cheval dans le coffre d'une voiture\"},{\"@type\":\"BreadcrumbList\",\"@id\":\"https:\/\/vieassociative.be\/actualites\/un-policier-decouvre-un-controle-de-la-circulation-cheval-dans-le-coffre-dune-voiture\/#breadcrumb\",\"itemListElement\":[{\"@type\":\"ListItem\",\"position\":1,\"name\":\"Accueil\",\"item\":\"https:\/\/vieassociative.be\/actualites\/\"},{\"@type\":\"ListItem\",\"position\":2,\"name\":\"Un policier d\u00e9couvre un contr\u00f4le de la circulation &#8230; cheval dans le coffre d&rsquo;une voiture\"}]},{\"@type\":\"WebSite\",\"@id\":\"https:\/\/vieassociative.be\/actualites\/#website\",\"url\":\"https:\/\/vieassociative.be\/actualites\/\",\"name\":\"Vie Associative\",\"description\":\"\",\"publisher\":{\"@id\":\"https:\/\/vieassociative.be\/actualites\/#organization\"},\"potentialAction\":[{\"@type\":\"SearchAction\",\"target\":{\"@type\":\"EntryPoint\",\"urlTemplate\":\"https:\/\/vieassociative.be\/actualites\/?s={search_term_string}\"},\"query-input\":{\"@type\":\"PropertyValueSpecification\",\"valueRequired\":true,\"valueName\":\"search_term_string\"}}],\"inLanguage\":\"fr-BE\"},{\"@type\":\"Organization\",\"@id\":\"https:\/\/vieassociative.be\/actualites\/#organization\",\"name\":\"Vie Associative\",\"url\":\"https:\/\/vieassociative.be\/actualites\/\",\"logo\":{\"@type\":\"ImageObject\",\"inLanguage\":\"fr-BE\",\"@id\":\"https:\/\/vieassociative.be\/actualites\/#\/schema\/logo\/image\/\",\"url\":\"https:\/\/vieassociative.be\/actualites\/wp-content\/uploads\/2024\/09\/cropped-vieassociative_favicon.ico.png\",\"contentUrl\":\"https:\/\/vieassociative.be\/actualites\/wp-content\/uploads\/2024\/09\/cropped-vieassociative_favicon.ico.png\",\"width\":512,\"height\":512,\"caption\":\"Vie Associative\"},\"image\":{\"@id\":\"https:\/\/vieassociative.be\/actualites\/#\/schema\/logo\/image\/\"}},{\"@type\":\"Person\",\"@id\":\"https:\/\/vieassociative.be\/actualites\/#\/schema\/person\/b87ac4f82f9d4e7b7cec7395b679edc4\",\"name\":\"Julien\",\"image\":{\"@type\":\"ImageObject\",\"inLanguage\":\"fr-BE\",\"@id\":\"https:\/\/vieassociative.be\/actualites\/#\/schema\/person\/image\/\",\"url\":\"https:\/\/vieassociative.be\/actualites\/wp-content\/uploads\/2024\/09\/vie-associative-1-150x150.jpg\",\"contentUrl\":\"https:\/\/vieassociative.be\/actualites\/wp-content\/uploads\/2024\/09\/vie-associative-1-150x150.jpg\",\"caption\":\"Julien\"},\"description\":\"Je suis Julien, r\u00e9dacteur pour Vie Associative. Passionn\u00e9 par le monde associatif depuis plus de 10 ans, j'ai \u00e0 c\u0153ur de partager des histoires inspirantes et de mettre en lumi\u00e8re les initiatives locales. Mon objectif est de sensibiliser et d'encourager l'engagement communautaire \u00e0 travers mes articles.\",\"sameAs\":[\"https:\/\/vieassociative.be\/\"]}]}<\/script>\n<!-- \/ Yoast SEO plugin. -->","yoast_head_json":{"title":"Un policier d\u00e9couvre un contr\u00f4le de la circulation ... cheval dans le coffre d'une voiture | Vie Associative","robots":{"index":"index","follow":"follow","max-snippet":"max-snippet:-1","max-image-preview":"max-image-preview:large","max-video-preview":"max-video-preview:-1"},"canonical":"https:\/\/vieassociative.be\/actualites\/un-policier-decouvre-un-controle-de-la-circulation-cheval-dans-le-coffre-dune-voiture\/","og_locale":"fr_FR","og_type":"article","og_title":"Un policier d\u00e9couvre un contr\u00f4le de la circulation ... cheval dans le coffre d'une voiture | Vie Associative","og_description":"\u00ab\u00a0Il y a un cheval dans le couloir\u00a0\u00bb est le titre d&rsquo;une chanson bien connue. Eh bien, un cheval \u00e9tait en fait \u00e0 Alsdorf, mais","og_url":"https:\/\/vieassociative.be\/actualites\/un-policier-decouvre-un-controle-de-la-circulation-cheval-dans-le-coffre-dune-voiture\/","og_site_name":"Vie Associative","article_published_time":"2025-09-15T20:17:52+00:00","og_image":[{"width":279,"height":92,"url":"https:\/\/vieassociative.be\/actualites\/wp-content\/uploads\/2024\/09\/header_backgroundk-01-e1726694325946.png","type":"image\/png"}],"author":"Julien","twitter_card":"summary_large_image","twitter_misc":{"\u00c9crit par":"Julien","Dur\u00e9e de lecture est.":"2 minutes"},"schema":{"@context":"https:\/\/schema.org","@graph":[{"@type":"Article","@id":"https:\/\/vieassociative.be\/actualites\/un-policier-decouvre-un-controle-de-la-circulation-cheval-dans-le-coffre-dune-voiture\/#article","isPartOf":{"@id":"https:\/\/vieassociative.be\/actualites\/un-policier-decouvre-un-controle-de-la-circulation-cheval-dans-le-coffre-dune-voiture\/"},"author":{"name":"Julien","@id":"https:\/\/vieassociative.be\/actualites\/#\/schema\/person\/b87ac4f82f9d4e7b7cec7395b679edc4"},"headline":"Un policier d\u00e9couvre un contr\u00f4le de la circulation &#8230; cheval dans le coffre d&rsquo;une voiture","datePublished":"2025-09-15T20:17:52+00:00","dateModified":"2025-09-15T20:17:52+00:00","mainEntityOfPage":{"@id":"https:\/\/vieassociative.be\/actualites\/un-policier-decouvre-un-controle-de-la-circulation-cheval-dans-le-coffre-dune-voiture\/"},"wordCount":367,"publisher":{"@id":"https:\/\/vieassociative.be\/actualites\/#organization"},"image":{"@id":"https:\/\/vieassociative.be\/actualites\/un-policier-decouvre-un-controle-de-la-circulation-cheval-dans-le-coffre-dune-voiture\/#primaryimage"},"thumbnailUrl":"https:\/\/vieassociative.be\/actualites\/wp-content\/uploads\/2025\/09\/1757967472_Un-policier-decouvre-un-controle-de-la-circulation-cheval-dans.jpg","keywords":["cheval","circulation","coffre","contr\u00f4le","dans","d\u00e9couvre","dune","policier","voiture"],"articleSection":["Belgique"],"inLanguage":"fr-BE"},{"@type":"WebPage","@id":"https:\/\/vieassociative.be\/actualites\/un-policier-decouvre-un-controle-de-la-circulation-cheval-dans-le-coffre-dune-voiture\/","url":"https:\/\/vieassociative.be\/actualites\/un-policier-decouvre-un-controle-de-la-circulation-cheval-dans-le-coffre-dune-voiture\/","name":"Un policier d\u00e9couvre un contr\u00f4le de la circulation ... cheval dans le coffre d'une voiture | Vie Associative","isPartOf":{"@id":"https:\/\/vieassociative.be\/actualites\/#website"},"primaryImageOfPage":{"@id":"https:\/\/vieassociative.be\/actualites\/un-policier-decouvre-un-controle-de-la-circulation-cheval-dans-le-coffre-dune-voiture\/#primaryimage"},"image":{"@id":"https:\/\/vieassociative.be\/actualites\/un-policier-decouvre-un-controle-de-la-circulation-cheval-dans-le-coffre-dune-voiture\/#primaryimage"},"thumbnailUrl":"https:\/\/vieassociative.be\/actualites\/wp-content\/uploads\/2025\/09\/1757967472_Un-policier-decouvre-un-controle-de-la-circulation-cheval-dans.jpg","datePublished":"2025-09-15T20:17:52+00:00","dateModified":"2025-09-15T20:17:52+00:00","breadcrumb":{"@id":"https:\/\/vieassociative.be\/actualites\/un-policier-decouvre-un-controle-de-la-circulation-cheval-dans-le-coffre-dune-voiture\/#breadcrumb"},"inLanguage":"fr-BE","potentialAction":[{"@type":"ReadAction","target":["https:\/\/vieassociative.be\/actualites\/un-policier-decouvre-un-controle-de-la-circulation-cheval-dans-le-coffre-dune-voiture\/"]}]},{"@type":"ImageObject","inLanguage":"fr-BE","@id":"https:\/\/vieassociative.be\/actualites\/un-policier-decouvre-un-controle-de-la-circulation-cheval-dans-le-coffre-dune-voiture\/#primaryimage","url":"https:\/\/vieassociative.be\/actualites\/wp-content\/uploads\/2025\/09\/1757967472_Un-policier-decouvre-un-controle-de-la-circulation-cheval-dans.jpg","contentUrl":"https:\/\/vieassociative.be\/actualites\/wp-content\/uploads\/2025\/09\/1757967472_Un-policier-decouvre-un-controle-de-la-circulation-cheval-dans.jpg","width":773,"height":1200,"caption":"Un policier d\u00e9couvre un contr\u00f4le de la circulation ... cheval dans le coffre d'une voiture"},{"@type":"BreadcrumbList","@id":"https:\/\/vieassociative.be\/actualites\/un-policier-decouvre-un-controle-de-la-circulation-cheval-dans-le-coffre-dune-voiture\/#breadcrumb","itemListElement":[{"@type":"ListItem","position":1,"name":"Accueil","item":"https:\/\/vieassociative.be\/actualites\/"},{"@type":"ListItem","position":2,"name":"Un policier d\u00e9couvre un contr\u00f4le de la circulation &#8230; cheval dans le coffre d&rsquo;une voiture"}]},{"@type":"WebSite","@id":"https:\/\/vieassociative.be\/actualites\/#website","url":"https:\/\/vieassociative.be\/actualites\/","name":"Vie Associative","description":"","publisher":{"@id":"https:\/\/vieassociative.be\/actualites\/#organization"},"potentialAction":[{"@type":"SearchAction","target":{"@type":"EntryPoint","urlTemplate":"https:\/\/vieassociative.be\/actualites\/?s={search_term_string}"},"query-input":{"@type":"PropertyValueSpecification","valueRequired":true,"valueName":"search_term_string"}}],"inLanguage":"fr-BE"},{"@type":"Organization","@id":"https:\/\/vieassociative.be\/actualites\/#organization","name":"Vie Associative","url":"https:\/\/vieassociative.be\/actualites\/","logo":{"@type":"ImageObject","inLanguage":"fr-BE","@id":"https:\/\/vieassociative.be\/actualites\/#\/schema\/logo\/image\/","url":"https:\/\/vieassociative.be\/actualites\/wp-content\/uploads\/2024\/09\/cropped-vieassociative_favicon.ico.png","contentUrl":"https:\/\/vieassociative.be\/actualites\/wp-content\/uploads\/2024\/09\/cropped-vieassociative_favicon.ico.png","width":512,"height":512,"caption":"Vie Associative"},"image":{"@id":"https:\/\/vieassociative.be\/actualites\/#\/schema\/logo\/image\/"}},{"@type":"Person","@id":"https:\/\/vieassociative.be\/actualites\/#\/schema\/person\/b87ac4f82f9d4e7b7cec7395b679edc4","name":"Julien","image":{"@type":"ImageObject","inLanguage":"fr-BE","@id":"https:\/\/vieassociative.be\/actualites\/#\/schema\/person\/image\/","url":"https:\/\/vieassociative.be\/actualites\/wp-content\/uploads\/2024\/09\/vie-associative-1-150x150.jpg","contentUrl":"https:\/\/vieassociative.be\/actualites\/wp-content\/uploads\/2024\/09\/vie-associative-1-150x150.jpg","caption":"Julien"},"description":"Je suis Julien, r\u00e9dacteur pour Vie Associative. Passionn\u00e9 par le monde associatif depuis plus de 10 ans, j'ai \u00e0 c\u0153ur de partager des histoires inspirantes et de mettre en lumi\u00e8re les initiatives locales. Mon objectif est de sensibiliser et d'encourager l'engagement communautaire \u00e0 travers mes articles.","sameAs":["https:\/\/vieassociative.be\/"]}]}},"_links":{"self":[{"href":"https:\/\/vieassociative.be\/actualites\/wp-json\/wp\/v2\/posts\/10058"}],"collection":[{"href":"https:\/\/vieassociative.be\/actualites\/wp-json\/wp\/v2\/posts"}],"about":[{"href":"https:\/\/vieassociative.be\/actualites\/wp-json\/wp\/v2\/types\/post"}],"author":[{"embeddable":true,"href":"https:\/\/vieassociative.be\/actualites\/wp-json\/wp\/v2\/users\/1"}],"replies":[{"embeddable":true,"href":"https:\/\/vieassociative.be\/actualites\/wp-json\/wp\/v2\/comments?post=10058"}],"version-history":[{"count":0,"href":"https:\/\/vieassociative.be\/actualites\/wp-json\/wp\/v2\/posts\/10058\/revisions"}],"wp:featuredmedia":[{"embeddable":true,"href":"https:\/\/vieassociative.be\/actualites\/wp-json\/wp\/v2\/media\/10059"}],"wp:attachment":[{"href":"https:\/\/vieassociative.be\/actualites\/wp-json\/wp\/v2\/media?parent=10058"}],"wp:term":[{"taxonomy":"category","embeddable":true,"href":"https:\/\/vieassociative.be\/actualites\/wp-json\/wp\/v2\/categories?post=10058"},{"taxonomy":"post_tag","embeddable":true,"href":"https:\/\/vieassociative.be\/actualites\/wp-json\/wp\/v2\/tags?post=10058"}],"curies":[{"name":"wp","href":"https:\/\/api.w.org\/{rel}","templated":true}]}}