{"id":10052,"date":"2025-09-15T16:17:30","date_gmt":"2025-09-15T14:17:30","guid":{"rendered":"https:\/\/vieassociative.be\/actualites\/zone-de-police-weser-gohl-sappuie-sur-des-cameras-anp-pour-lutter-contre-le-crime-et-la-surveillance-de-la-circulation\/"},"modified":"2025-09-15T16:17:30","modified_gmt":"2025-09-15T14:17:30","slug":"zone-de-police-weser-gohl-sappuie-sur-des-cameras-anp-pour-lutter-contre-le-crime-et-la-surveillance-de-la-circulation","status":"publish","type":"post","link":"https:\/\/vieassociative.be\/actualites\/zone-de-police-weser-gohl-sappuie-sur-des-cameras-anp-pour-lutter-contre-le-crime-et-la-surveillance-de-la-circulation\/","title":{"rendered":"Zone de police Weser-G\u00f6hl s&rsquo;appuie sur des cam\u00e9ras ANP pour lutter contre le crime et la surveillance de la circulation"},"content":{"rendered":"<p><strong>La zone de police de Weser-G\u00f6hl s&rsquo;appuie de plus en plus sur les technologies modernes pour lutter contre le crime et la surveillance du trafic. Elle esp\u00e8re beaucoup des nouvelles cam\u00e9ras ANPR (Identification automatique des informations sur les informations sur les plaques num\u00e9riques).<\/strong><\/p>\n<p><span id=\"more-424642\"><\/span>Apr\u00e8s avoir termin\u00e9 les travaux de construction et d&rsquo;installation ainsi que la r\u00e9ception de tous les permis n\u00e9cessaires, un total de sept cam\u00e9ras ANPR install\u00e9es en permanence ont maintenant \u00e9t\u00e9 officiellement mises en service.<\/p>\n<p>Les cam\u00e9ras sont install\u00e9es dans des endroits strat\u00e9giquement importants dans la r\u00e9gion de la ville d&rsquo;Eupen ainsi que dans les municipalit\u00e9s de Raeren, Kelmis et Lontzen. Ils apportent une contribution significative \u00e0 l&rsquo;identification de l&rsquo;agresseur et au suivi des v\u00e9hicules d&rsquo;\u00e9vasion, en particulier dans la lutte contre la criminalit\u00e9 de cambriolage. Les syst\u00e8mes peuvent \u00e9galement fournir des informations pr\u00e9cieuses dans d&rsquo;autres crimes.<\/p>\n<div id=\"attachment_117880\" class=\"wp-caption alignleft\" style=\"max-width: 300px\"><img fetchpriority=\"high\" decoding=\"async\" class=\"wp-image-117880 size-medium\" src=\"https:\/\/vieassociative.be\/actualites\/wp-content\/uploads\/2025\/09\/Zone-de-police-Weser-Gohl-sappuie-sur-des-cameras-ANP-pour.jpeg\" alt=\"\" width=\"300\" height=\"184\"><\/div>\n<p>Le r\u00e9seau est compl\u00e9t\u00e9 par une cam\u00e9ra ANPR mobile qui est utilis\u00e9e de mani\u00e8re flexible lorsque les zones \u00e0 probl\u00e8mes actuelles \u00e9mergent pour l&rsquo;exemple, lorsque des cambriolages ou d&rsquo;autres infractions dans certains quartiers.<\/p>\n<p>En plus de l&rsquo;utilisation de la police criminelle, les cam\u00e9ras de l&rsquo;ANPR servent \u00e9galement \u00e0 surveiller le trafic. Entre autres choses, vous pouvez reconna\u00eetre les v\u00e9hicules qui voyagent sans assurance valide ou sans transmettre le contr\u00f4le technique.<\/p>\n<p>Avec l&rsquo;utilisation de cette technologie, la zone de police augmente \u00e0 la fois l&rsquo;efficacit\u00e9 de son travail d&rsquo;enqu\u00eate et sa s\u00e9curit\u00e9 routi\u00e8re dans l&rsquo;espace public. Les syst\u00e8mes ANPR sont exploit\u00e9s avec un respect strict avec la protection des donn\u00e9es et les dispositions juridiques applicables.<\/p>\n<p>Cette mesure fait partie d&rsquo;un concept de s\u00e9curit\u00e9 complet pour renforcer la s\u00e9curit\u00e9 publique et am\u00e9liorer la capacit\u00e9 de police de la police dans la r\u00e9gion.<\/p>\n","protected":false},"excerpt":{"rendered":"<p>La zone de police de Weser-G\u00f6hl s&rsquo;appuie de plus en plus sur les technologies modernes pour lutter contre le crime et la surveillance du trafic.<\/p>\n","protected":false},"author":1,"featured_media":10053,"comment_status":"","ping_status":"","sticky":false,"template":"","format":"standard","meta":{"footnotes":""},"categories":[298],"tags":[8561,3519,3479,796,5467,29,8562,2741,81,5596,33,4692,5023,4291],"class_list":["post-10052","post","type-post","status-publish","format-standard","has-post-thumbnail","hentry","category-belgique","tag-anp","tag-cameras","tag-circulation","tag-contre","tag-crime","tag-des","tag-lutter","tag-police","tag-pour","tag-sappuie","tag-sur","tag-surveillance","tag-wesergohl","tag-zone","generate-columns","tablet-grid-50","mobile-grid-100","grid-parent","grid-33"],"yoast_head":"<!-- This site is optimized with the Yoast SEO plugin v24.0 - https:\/\/yoast.com\/wordpress\/plugins\/seo\/ -->\n<title>Zone de police Weser-G\u00f6hl s&#039;appuie sur des cam\u00e9ras ANP pour lutter contre le crime et la surveillance de la circulation | Vie Associative<\/title>\n<meta name=\"robots\" content=\"index, follow, max-snippet:-1, max-image-preview:large, max-video-preview:-1\" \/>\n<link rel=\"canonical\" href=\"https:\/\/vieassociative.be\/actualites\/zone-de-police-weser-gohl-sappuie-sur-des-cameras-anp-pour-lutter-contre-le-crime-et-la-surveillance-de-la-circulation\/\" \/>\n<meta property=\"og:locale\" content=\"fr_FR\" \/>\n<meta property=\"og:type\" content=\"article\" \/>\n<meta property=\"og:title\" content=\"Zone de police Weser-G\u00f6hl s&#039;appuie sur des cam\u00e9ras ANP pour lutter contre le crime et la surveillance de la circulation | Vie Associative\" \/>\n<meta property=\"og:description\" content=\"La zone de police de Weser-G\u00f6hl s&rsquo;appuie de plus en plus sur les technologies modernes pour lutter contre le crime et la surveillance du trafic.\" \/>\n<meta property=\"og:url\" content=\"https:\/\/vieassociative.be\/actualites\/zone-de-police-weser-gohl-sappuie-sur-des-cameras-anp-pour-lutter-contre-le-crime-et-la-surveillance-de-la-circulation\/\" \/>\n<meta property=\"og:site_name\" content=\"Vie Associative\" \/>\n<meta property=\"article:published_time\" content=\"2025-09-15T14:17:30+00:00\" \/>\n<meta property=\"og:image\" content=\"https:\/\/vieassociative.be\/actualites\/wp-content\/uploads\/2024\/09\/header_backgroundk-01-e1726694325946.png\" \/>\n\t<meta property=\"og:image:width\" content=\"279\" \/>\n\t<meta property=\"og:image:height\" content=\"92\" \/>\n\t<meta property=\"og:image:type\" content=\"image\/png\" \/>\n<meta name=\"author\" content=\"Julien\" \/>\n<meta name=\"twitter:card\" content=\"summary_large_image\" \/>\n<meta name=\"twitter:label1\" content=\"\u00c9crit par\" \/>\n\t<meta name=\"twitter:data1\" content=\"Julien\" \/>\n\t<meta name=\"twitter:label2\" content=\"Dur\u00e9e de lecture est.\" \/>\n\t<meta name=\"twitter:data2\" content=\"2 minutes\" \/>\n<script type=\"application\/ld+json\" class=\"yoast-schema-graph\">{\"@context\":\"https:\/\/schema.org\",\"@graph\":[{\"@type\":\"Article\",\"@id\":\"https:\/\/vieassociative.be\/actualites\/zone-de-police-weser-gohl-sappuie-sur-des-cameras-anp-pour-lutter-contre-le-crime-et-la-surveillance-de-la-circulation\/#article\",\"isPartOf\":{\"@id\":\"https:\/\/vieassociative.be\/actualites\/zone-de-police-weser-gohl-sappuie-sur-des-cameras-anp-pour-lutter-contre-le-crime-et-la-surveillance-de-la-circulation\/\"},\"author\":{\"name\":\"Julien\",\"@id\":\"https:\/\/vieassociative.be\/actualites\/#\/schema\/person\/b87ac4f82f9d4e7b7cec7395b679edc4\"},\"headline\":\"Zone de police Weser-G\u00f6hl s&rsquo;appuie sur des cam\u00e9ras ANP pour lutter contre le crime et la surveillance de la circulation\",\"datePublished\":\"2025-09-15T14:17:30+00:00\",\"dateModified\":\"2025-09-15T14:17:30+00:00\",\"mainEntityOfPage\":{\"@id\":\"https:\/\/vieassociative.be\/actualites\/zone-de-police-weser-gohl-sappuie-sur-des-cameras-anp-pour-lutter-contre-le-crime-et-la-surveillance-de-la-circulation\/\"},\"wordCount\":351,\"publisher\":{\"@id\":\"https:\/\/vieassociative.be\/actualites\/#organization\"},\"image\":{\"@id\":\"https:\/\/vieassociative.be\/actualites\/zone-de-police-weser-gohl-sappuie-sur-des-cameras-anp-pour-lutter-contre-le-crime-et-la-surveillance-de-la-circulation\/#primaryimage\"},\"thumbnailUrl\":\"https:\/\/vieassociative.be\/actualites\/wp-content\/uploads\/2025\/09\/Zone-de-police-Weser-Gohl-sappuie-sur-des-cameras-ANP-pour.jpg\",\"keywords\":[\"ANP\",\"cam\u00e9ras\",\"circulation\",\"contre\",\"crime\",\"Des\",\"lutter\",\"police\",\"pour\",\"sappuie\",\"sur\",\"surveillance\",\"WeserG\u00f6hl\",\"zone\"],\"articleSection\":[\"Belgique\"],\"inLanguage\":\"fr-BE\"},{\"@type\":\"WebPage\",\"@id\":\"https:\/\/vieassociative.be\/actualites\/zone-de-police-weser-gohl-sappuie-sur-des-cameras-anp-pour-lutter-contre-le-crime-et-la-surveillance-de-la-circulation\/\",\"url\":\"https:\/\/vieassociative.be\/actualites\/zone-de-police-weser-gohl-sappuie-sur-des-cameras-anp-pour-lutter-contre-le-crime-et-la-surveillance-de-la-circulation\/\",\"name\":\"Zone de police Weser-G\u00f6hl s'appuie sur des cam\u00e9ras ANP pour lutter contre le crime et la surveillance de la circulation | Vie Associative\",\"isPartOf\":{\"@id\":\"https:\/\/vieassociative.be\/actualites\/#website\"},\"primaryImageOfPage\":{\"@id\":\"https:\/\/vieassociative.be\/actualites\/zone-de-police-weser-gohl-sappuie-sur-des-cameras-anp-pour-lutter-contre-le-crime-et-la-surveillance-de-la-circulation\/#primaryimage\"},\"image\":{\"@id\":\"https:\/\/vieassociative.be\/actualites\/zone-de-police-weser-gohl-sappuie-sur-des-cameras-anp-pour-lutter-contre-le-crime-et-la-surveillance-de-la-circulation\/#primaryimage\"},\"thumbnailUrl\":\"https:\/\/vieassociative.be\/actualites\/wp-content\/uploads\/2025\/09\/Zone-de-police-Weser-Gohl-sappuie-sur-des-cameras-ANP-pour.jpg\",\"datePublished\":\"2025-09-15T14:17:30+00:00\",\"dateModified\":\"2025-09-15T14:17:30+00:00\",\"breadcrumb\":{\"@id\":\"https:\/\/vieassociative.be\/actualites\/zone-de-police-weser-gohl-sappuie-sur-des-cameras-anp-pour-lutter-contre-le-crime-et-la-surveillance-de-la-circulation\/#breadcrumb\"},\"inLanguage\":\"fr-BE\",\"potentialAction\":[{\"@type\":\"ReadAction\",\"target\":[\"https:\/\/vieassociative.be\/actualites\/zone-de-police-weser-gohl-sappuie-sur-des-cameras-anp-pour-lutter-contre-le-crime-et-la-surveillance-de-la-circulation\/\"]}]},{\"@type\":\"ImageObject\",\"inLanguage\":\"fr-BE\",\"@id\":\"https:\/\/vieassociative.be\/actualites\/zone-de-police-weser-gohl-sappuie-sur-des-cameras-anp-pour-lutter-contre-le-crime-et-la-surveillance-de-la-circulation\/#primaryimage\",\"url\":\"https:\/\/vieassociative.be\/actualites\/wp-content\/uploads\/2025\/09\/Zone-de-police-Weser-Gohl-sappuie-sur-des-cameras-ANP-pour.jpg\",\"contentUrl\":\"https:\/\/vieassociative.be\/actualites\/wp-content\/uploads\/2025\/09\/Zone-de-police-Weser-Gohl-sappuie-sur-des-cameras-ANP-pour.jpg\",\"width\":1200,\"height\":798,\"caption\":\"Zone de police Weser-G\u00f6hl s'appuie sur des cam\u00e9ras ANP pour lutter contre le crime et la surveillance de la circulation\"},{\"@type\":\"BreadcrumbList\",\"@id\":\"https:\/\/vieassociative.be\/actualites\/zone-de-police-weser-gohl-sappuie-sur-des-cameras-anp-pour-lutter-contre-le-crime-et-la-surveillance-de-la-circulation\/#breadcrumb\",\"itemListElement\":[{\"@type\":\"ListItem\",\"position\":1,\"name\":\"Accueil\",\"item\":\"https:\/\/vieassociative.be\/actualites\/\"},{\"@type\":\"ListItem\",\"position\":2,\"name\":\"Zone de police Weser-G\u00f6hl s&rsquo;appuie sur des cam\u00e9ras ANP pour lutter contre le crime et la surveillance de la circulation\"}]},{\"@type\":\"WebSite\",\"@id\":\"https:\/\/vieassociative.be\/actualites\/#website\",\"url\":\"https:\/\/vieassociative.be\/actualites\/\",\"name\":\"Vie Associative\",\"description\":\"\",\"publisher\":{\"@id\":\"https:\/\/vieassociative.be\/actualites\/#organization\"},\"potentialAction\":[{\"@type\":\"SearchAction\",\"target\":{\"@type\":\"EntryPoint\",\"urlTemplate\":\"https:\/\/vieassociative.be\/actualites\/?s={search_term_string}\"},\"query-input\":{\"@type\":\"PropertyValueSpecification\",\"valueRequired\":true,\"valueName\":\"search_term_string\"}}],\"inLanguage\":\"fr-BE\"},{\"@type\":\"Organization\",\"@id\":\"https:\/\/vieassociative.be\/actualites\/#organization\",\"name\":\"Vie Associative\",\"url\":\"https:\/\/vieassociative.be\/actualites\/\",\"logo\":{\"@type\":\"ImageObject\",\"inLanguage\":\"fr-BE\",\"@id\":\"https:\/\/vieassociative.be\/actualites\/#\/schema\/logo\/image\/\",\"url\":\"https:\/\/vieassociative.be\/actualites\/wp-content\/uploads\/2024\/09\/cropped-vieassociative_favicon.ico.png\",\"contentUrl\":\"https:\/\/vieassociative.be\/actualites\/wp-content\/uploads\/2024\/09\/cropped-vieassociative_favicon.ico.png\",\"width\":512,\"height\":512,\"caption\":\"Vie Associative\"},\"image\":{\"@id\":\"https:\/\/vieassociative.be\/actualites\/#\/schema\/logo\/image\/\"}},{\"@type\":\"Person\",\"@id\":\"https:\/\/vieassociative.be\/actualites\/#\/schema\/person\/b87ac4f82f9d4e7b7cec7395b679edc4\",\"name\":\"Julien\",\"image\":{\"@type\":\"ImageObject\",\"inLanguage\":\"fr-BE\",\"@id\":\"https:\/\/vieassociative.be\/actualites\/#\/schema\/person\/image\/\",\"url\":\"https:\/\/vieassociative.be\/actualites\/wp-content\/uploads\/2024\/09\/vie-associative-1-150x150.jpg\",\"contentUrl\":\"https:\/\/vieassociative.be\/actualites\/wp-content\/uploads\/2024\/09\/vie-associative-1-150x150.jpg\",\"caption\":\"Julien\"},\"description\":\"Je suis Julien, r\u00e9dacteur pour Vie Associative. Passionn\u00e9 par le monde associatif depuis plus de 10 ans, j'ai \u00e0 c\u0153ur de partager des histoires inspirantes et de mettre en lumi\u00e8re les initiatives locales. Mon objectif est de sensibiliser et d'encourager l'engagement communautaire \u00e0 travers mes articles.\",\"sameAs\":[\"https:\/\/vieassociative.be\/\"]}]}<\/script>\n<!-- \/ Yoast SEO plugin. -->","yoast_head_json":{"title":"Zone de police Weser-G\u00f6hl s'appuie sur des cam\u00e9ras ANP pour lutter contre le crime et la surveillance de la circulation | Vie Associative","robots":{"index":"index","follow":"follow","max-snippet":"max-snippet:-1","max-image-preview":"max-image-preview:large","max-video-preview":"max-video-preview:-1"},"canonical":"https:\/\/vieassociative.be\/actualites\/zone-de-police-weser-gohl-sappuie-sur-des-cameras-anp-pour-lutter-contre-le-crime-et-la-surveillance-de-la-circulation\/","og_locale":"fr_FR","og_type":"article","og_title":"Zone de police Weser-G\u00f6hl s'appuie sur des cam\u00e9ras ANP pour lutter contre le crime et la surveillance de la circulation | Vie Associative","og_description":"La zone de police de Weser-G\u00f6hl s&rsquo;appuie de plus en plus sur les technologies modernes pour lutter contre le crime et la surveillance du trafic.","og_url":"https:\/\/vieassociative.be\/actualites\/zone-de-police-weser-gohl-sappuie-sur-des-cameras-anp-pour-lutter-contre-le-crime-et-la-surveillance-de-la-circulation\/","og_site_name":"Vie Associative","article_published_time":"2025-09-15T14:17:30+00:00","og_image":[{"width":279,"height":92,"url":"https:\/\/vieassociative.be\/actualites\/wp-content\/uploads\/2024\/09\/header_backgroundk-01-e1726694325946.png","type":"image\/png"}],"author":"Julien","twitter_card":"summary_large_image","twitter_misc":{"\u00c9crit par":"Julien","Dur\u00e9e de lecture est.":"2 minutes"},"schema":{"@context":"https:\/\/schema.org","@graph":[{"@type":"Article","@id":"https:\/\/vieassociative.be\/actualites\/zone-de-police-weser-gohl-sappuie-sur-des-cameras-anp-pour-lutter-contre-le-crime-et-la-surveillance-de-la-circulation\/#article","isPartOf":{"@id":"https:\/\/vieassociative.be\/actualites\/zone-de-police-weser-gohl-sappuie-sur-des-cameras-anp-pour-lutter-contre-le-crime-et-la-surveillance-de-la-circulation\/"},"author":{"name":"Julien","@id":"https:\/\/vieassociative.be\/actualites\/#\/schema\/person\/b87ac4f82f9d4e7b7cec7395b679edc4"},"headline":"Zone de police Weser-G\u00f6hl s&rsquo;appuie sur des cam\u00e9ras ANP pour lutter contre le crime et la surveillance de la circulation","datePublished":"2025-09-15T14:17:30+00:00","dateModified":"2025-09-15T14:17:30+00:00","mainEntityOfPage":{"@id":"https:\/\/vieassociative.be\/actualites\/zone-de-police-weser-gohl-sappuie-sur-des-cameras-anp-pour-lutter-contre-le-crime-et-la-surveillance-de-la-circulation\/"},"wordCount":351,"publisher":{"@id":"https:\/\/vieassociative.be\/actualites\/#organization"},"image":{"@id":"https:\/\/vieassociative.be\/actualites\/zone-de-police-weser-gohl-sappuie-sur-des-cameras-anp-pour-lutter-contre-le-crime-et-la-surveillance-de-la-circulation\/#primaryimage"},"thumbnailUrl":"https:\/\/vieassociative.be\/actualites\/wp-content\/uploads\/2025\/09\/Zone-de-police-Weser-Gohl-sappuie-sur-des-cameras-ANP-pour.jpg","keywords":["ANP","cam\u00e9ras","circulation","contre","crime","Des","lutter","police","pour","sappuie","sur","surveillance","WeserG\u00f6hl","zone"],"articleSection":["Belgique"],"inLanguage":"fr-BE"},{"@type":"WebPage","@id":"https:\/\/vieassociative.be\/actualites\/zone-de-police-weser-gohl-sappuie-sur-des-cameras-anp-pour-lutter-contre-le-crime-et-la-surveillance-de-la-circulation\/","url":"https:\/\/vieassociative.be\/actualites\/zone-de-police-weser-gohl-sappuie-sur-des-cameras-anp-pour-lutter-contre-le-crime-et-la-surveillance-de-la-circulation\/","name":"Zone de police Weser-G\u00f6hl s'appuie sur des cam\u00e9ras ANP pour lutter contre le crime et la surveillance de la circulation | Vie Associative","isPartOf":{"@id":"https:\/\/vieassociative.be\/actualites\/#website"},"primaryImageOfPage":{"@id":"https:\/\/vieassociative.be\/actualites\/zone-de-police-weser-gohl-sappuie-sur-des-cameras-anp-pour-lutter-contre-le-crime-et-la-surveillance-de-la-circulation\/#primaryimage"},"image":{"@id":"https:\/\/vieassociative.be\/actualites\/zone-de-police-weser-gohl-sappuie-sur-des-cameras-anp-pour-lutter-contre-le-crime-et-la-surveillance-de-la-circulation\/#primaryimage"},"thumbnailUrl":"https:\/\/vieassociative.be\/actualites\/wp-content\/uploads\/2025\/09\/Zone-de-police-Weser-Gohl-sappuie-sur-des-cameras-ANP-pour.jpg","datePublished":"2025-09-15T14:17:30+00:00","dateModified":"2025-09-15T14:17:30+00:00","breadcrumb":{"@id":"https:\/\/vieassociative.be\/actualites\/zone-de-police-weser-gohl-sappuie-sur-des-cameras-anp-pour-lutter-contre-le-crime-et-la-surveillance-de-la-circulation\/#breadcrumb"},"inLanguage":"fr-BE","potentialAction":[{"@type":"ReadAction","target":["https:\/\/vieassociative.be\/actualites\/zone-de-police-weser-gohl-sappuie-sur-des-cameras-anp-pour-lutter-contre-le-crime-et-la-surveillance-de-la-circulation\/"]}]},{"@type":"ImageObject","inLanguage":"fr-BE","@id":"https:\/\/vieassociative.be\/actualites\/zone-de-police-weser-gohl-sappuie-sur-des-cameras-anp-pour-lutter-contre-le-crime-et-la-surveillance-de-la-circulation\/#primaryimage","url":"https:\/\/vieassociative.be\/actualites\/wp-content\/uploads\/2025\/09\/Zone-de-police-Weser-Gohl-sappuie-sur-des-cameras-ANP-pour.jpg","contentUrl":"https:\/\/vieassociative.be\/actualites\/wp-content\/uploads\/2025\/09\/Zone-de-police-Weser-Gohl-sappuie-sur-des-cameras-ANP-pour.jpg","width":1200,"height":798,"caption":"Zone de police Weser-G\u00f6hl s'appuie sur des cam\u00e9ras ANP pour lutter contre le crime et la surveillance de la circulation"},{"@type":"BreadcrumbList","@id":"https:\/\/vieassociative.be\/actualites\/zone-de-police-weser-gohl-sappuie-sur-des-cameras-anp-pour-lutter-contre-le-crime-et-la-surveillance-de-la-circulation\/#breadcrumb","itemListElement":[{"@type":"ListItem","position":1,"name":"Accueil","item":"https:\/\/vieassociative.be\/actualites\/"},{"@type":"ListItem","position":2,"name":"Zone de police Weser-G\u00f6hl s&rsquo;appuie sur des cam\u00e9ras ANP pour lutter contre le crime et la surveillance de la circulation"}]},{"@type":"WebSite","@id":"https:\/\/vieassociative.be\/actualites\/#website","url":"https:\/\/vieassociative.be\/actualites\/","name":"Vie Associative","description":"","publisher":{"@id":"https:\/\/vieassociative.be\/actualites\/#organization"},"potentialAction":[{"@type":"SearchAction","target":{"@type":"EntryPoint","urlTemplate":"https:\/\/vieassociative.be\/actualites\/?s={search_term_string}"},"query-input":{"@type":"PropertyValueSpecification","valueRequired":true,"valueName":"search_term_string"}}],"inLanguage":"fr-BE"},{"@type":"Organization","@id":"https:\/\/vieassociative.be\/actualites\/#organization","name":"Vie Associative","url":"https:\/\/vieassociative.be\/actualites\/","logo":{"@type":"ImageObject","inLanguage":"fr-BE","@id":"https:\/\/vieassociative.be\/actualites\/#\/schema\/logo\/image\/","url":"https:\/\/vieassociative.be\/actualites\/wp-content\/uploads\/2024\/09\/cropped-vieassociative_favicon.ico.png","contentUrl":"https:\/\/vieassociative.be\/actualites\/wp-content\/uploads\/2024\/09\/cropped-vieassociative_favicon.ico.png","width":512,"height":512,"caption":"Vie Associative"},"image":{"@id":"https:\/\/vieassociative.be\/actualites\/#\/schema\/logo\/image\/"}},{"@type":"Person","@id":"https:\/\/vieassociative.be\/actualites\/#\/schema\/person\/b87ac4f82f9d4e7b7cec7395b679edc4","name":"Julien","image":{"@type":"ImageObject","inLanguage":"fr-BE","@id":"https:\/\/vieassociative.be\/actualites\/#\/schema\/person\/image\/","url":"https:\/\/vieassociative.be\/actualites\/wp-content\/uploads\/2024\/09\/vie-associative-1-150x150.jpg","contentUrl":"https:\/\/vieassociative.be\/actualites\/wp-content\/uploads\/2024\/09\/vie-associative-1-150x150.jpg","caption":"Julien"},"description":"Je suis Julien, r\u00e9dacteur pour Vie Associative. Passionn\u00e9 par le monde associatif depuis plus de 10 ans, j'ai \u00e0 c\u0153ur de partager des histoires inspirantes et de mettre en lumi\u00e8re les initiatives locales. Mon objectif est de sensibiliser et d'encourager l'engagement communautaire \u00e0 travers mes articles.","sameAs":["https:\/\/vieassociative.be\/"]}]}},"_links":{"self":[{"href":"https:\/\/vieassociative.be\/actualites\/wp-json\/wp\/v2\/posts\/10052"}],"collection":[{"href":"https:\/\/vieassociative.be\/actualites\/wp-json\/wp\/v2\/posts"}],"about":[{"href":"https:\/\/vieassociative.be\/actualites\/wp-json\/wp\/v2\/types\/post"}],"author":[{"embeddable":true,"href":"https:\/\/vieassociative.be\/actualites\/wp-json\/wp\/v2\/users\/1"}],"replies":[{"embeddable":true,"href":"https:\/\/vieassociative.be\/actualites\/wp-json\/wp\/v2\/comments?post=10052"}],"version-history":[{"count":0,"href":"https:\/\/vieassociative.be\/actualites\/wp-json\/wp\/v2\/posts\/10052\/revisions"}],"wp:featuredmedia":[{"embeddable":true,"href":"https:\/\/vieassociative.be\/actualites\/wp-json\/wp\/v2\/media\/10053"}],"wp:attachment":[{"href":"https:\/\/vieassociative.be\/actualites\/wp-json\/wp\/v2\/media?parent=10052"}],"wp:term":[{"taxonomy":"category","embeddable":true,"href":"https:\/\/vieassociative.be\/actualites\/wp-json\/wp\/v2\/categories?post=10052"},{"taxonomy":"post_tag","embeddable":true,"href":"https:\/\/vieassociative.be\/actualites\/wp-json\/wp\/v2\/tags?post=10052"}],"curies":[{"name":"wp","href":"https:\/\/api.w.org\/{rel}","templated":true}]}}