{"id":10043,"date":"2025-09-15T04:18:25","date_gmt":"2025-09-15T02:18:25","guid":{"rendered":"https:\/\/vieassociative.be\/actualites\/sensation-dans-le-tennis-la-belgique-gagne-en-australie-et-atteint-le-tour-final-de-la-davis-cup-raphael-collignon-est-le-heros\/"},"modified":"2025-09-15T04:18:25","modified_gmt":"2025-09-15T02:18:25","slug":"sensation-dans-le-tennis-la-belgique-gagne-en-australie-et-atteint-le-tour-final-de-la-davis-cup-raphael-collignon-est-le-heros","status":"publish","type":"post","link":"https:\/\/vieassociative.be\/actualites\/sensation-dans-le-tennis-la-belgique-gagne-en-australie-et-atteint-le-tour-final-de-la-davis-cup-raphael-collignon-est-le-heros\/","title":{"rendered":"Sensation dans le tennis: la Belgique gagne en Australie et atteint le tour final de la Davis Cup &#8211; Rapha\u00ebl Collignon est le h\u00e9ros"},"content":{"rendered":"<p><strong>La Belgique s&rsquo;est qualifi\u00e9e pour la finale de la Coupe Davis apr\u00e8s une victoire impressionnante en Australie. Les Australiens avaient atteint la finale et les demi-finales deux fois au cours des trois derni\u00e8res ann\u00e9es, mais n&rsquo;\u00e9taient pas \u00e0 la hauteur d&rsquo;un Rapha\u00ebl Collignon exceptionnel, qui a remport\u00e9 les deux c\u00e9libataires.<\/strong><\/p>\n<p><span id=\"more-424588\"><\/span>Apr\u00e8s les victoires de Rapha\u00ebl Collignon et de Zizou Bergs, la Belgique n&rsquo;a eu \u00e0 gagner qu&rsquo;une seule fois le dernier jour pour remporter la victoire sous le toit. Cependant, cela s&rsquo;est av\u00e9r\u00e9 plus difficile que pr\u00e9vu.<\/p>\n<p>Dans les doubles, il avait d&rsquo;abord l&rsquo;air bien, car Sander Gil\u00e9 et Joran vaggg\u00e9 ont remport\u00e9 le premier set. Mais ensuite, ils documentent Hijikata \/ Thompson, qui \u00e9taient confiants \u00e0 leur propre service.<\/p>\n<p>Bergs a pu rendre la victoire parfaite, mais contre Alex de Minaur, num\u00e9ro 8 au monde. Collignon avait d\u00e9j\u00e0 prouv\u00e9 la veille que De Minaur n&rsquo;\u00e9tait pas imbattable, mais les Bergs ne pouvaient pas l&#8217;emporter.<\/p>\n<div id=\"attachment_424594\" class=\"wp-caption alignleft\" style=\"max-width: 300px\"><img fetchpriority=\"high\" decoding=\"async\" class=\"wp-image-424594 size-medium\" src=\"https:\/\/vieassociative.be\/actualites\/wp-content\/uploads\/2025\/09\/Sensation-dans-le-tennis-la-Belgique-gagne-en-Australie-et.jpg\" alt=\"\" width=\"300\" height=\"200\"><\/div>\n<p>Le dernier single devait donc d\u00e9cider. Collignon a d\u00fb le faire pour la Belgique. La question \u00e9tait de savoir si la star du tir du tennis belge s&rsquo;\u00e9tait suffisamment remise de ses simples \u00e9puisants contre le Minur, dans lequel il \u00e9tait \u00e9galement en proie \u00e0 des crampes. Le capitaine Steve Darcis s&rsquo;est appuy\u00e9 dessus.<\/p>\n<p>Le coll\u00e8gue de Darcis, Lleyton Hewitt, a pris un risque diff\u00e9rent et s&rsquo;est appuy\u00e9 sur Aleksandar Vukic. Vukic a sembl\u00e9 confirmer la d\u00e9cision de Hewitt en remportant la premi\u00e8re phrase lors du bris d&rsquo;\u00e9galit\u00e9.<\/p>\n<p>Collignon \u00e9tait \u00e0 juste titre ennuy\u00e9 parce qu&rsquo;il avait deux balles fixes. Mais d\u00e8s la d\u00e9faite de la premi\u00e8re phrase, le Li\u00e8ge a tir\u00e9 de nouvelles forces. Son service a soudainement couru comme lubrifi\u00e9 et il a eu de plus en plus un acc\u00e8s \u00e0 la prime de son adversaire. Vukic ne savait plus vraiment comment se comporter, mais pouvait toujours compter sur le soutien du public enthousiaste \u00e0 Sydney.<\/p>\n<p>Collignon, cependant, ne s&rsquo;est jamais perturb\u00e9 et a remport\u00e9 les phrases en deux et trois. Apr\u00e8s le dernier point, le h\u00e9ros belge a \u00e9t\u00e9 presque \u00e9cras\u00e9 par ses co\u00e9quipiers pour la joie.<\/p>\n<p>La Belgique se qualifie pour le tournoi final \u00e0 Bologne (18-23 novembre), pour lequel la France, l&rsquo;Allemagne et la championne en titre Italie se sont \u00e9galement qualifi\u00e9es. La qualification pour les finales 8 est \u00e9galement un grand succ\u00e8s pour le patron de l&rsquo;\u00e9quipe Steve Darcis. (Cre)<\/p>\n<p><em>Samedi 13\/09\/2025 &#8211; Dimanche 14 septembre 2025:<\/em><br \/>\n<em>Australie &#8211; Belgique 2: 3<\/em><br \/>\n<em>Alex de Minaur (Australie) &#8211; Rapha\u00ebl Collignon (Belgique) 5: 7, 6: 3, 3: 6; Jordan Thompson (Australie) &#8211; Zizou Bergs (Belgique) 6: 7 (4: 7), 4: 6; Jordan Thompson \/ Rinky Hijikata (Australie) &#8211; Sander Gille \/ Joran Vliegen (Belgique) 6: 7 (7: 9), 6: 3, 6: 4; Alex de Minaur (Australie) &#8211; Zizou Bergs (Belgique) 6: 2, 7: 5; Aleksandar Vukic (Australie) &#8211; Rapha\u00ebl Collignon (Belgique) 7: 6 (7: 5), 2: 6, 3: 6<\/em><\/p>\n","protected":false},"excerpt":{"rendered":"<p>La Belgique s&rsquo;est qualifi\u00e9e pour la finale de la Coupe Davis apr\u00e8s une victoire impressionnante en Australie. Les Australiens avaient atteint la finale et les<\/p>\n","protected":false},"author":1,"featured_media":10044,"comment_status":"","ping_status":"","sticky":false,"template":"","format":"standard","meta":{"footnotes":""},"categories":[298],"tags":[2567,8553,383,8555,5196,166,5126,76,3354,2299,5715,8554,1709,5124,2443],"class_list":["post-10043","post","type-post","status-publish","format-standard","has-post-thumbnail","hentry","category-belgique","tag-atteint","tag-australie","tag-belgique","tag-collignon","tag-cup","tag-dans","tag-davis","tag-est","tag-final","tag-gagne","tag-heros","tag-raphael","tag-sensation","tag-tennis","tag-tour","generate-columns","tablet-grid-50","mobile-grid-100","grid-parent","grid-33"],"yoast_head":"<!-- This site is optimized with the Yoast SEO plugin v24.0 - https:\/\/yoast.com\/wordpress\/plugins\/seo\/ -->\n<title>Sensation dans le tennis: la Belgique gagne en Australie et atteint le tour final de la Davis Cup - Rapha\u00ebl Collignon est le h\u00e9ros | Vie Associative<\/title>\n<meta name=\"robots\" content=\"index, follow, max-snippet:-1, max-image-preview:large, max-video-preview:-1\" \/>\n<link rel=\"canonical\" href=\"https:\/\/vieassociative.be\/actualites\/sensation-dans-le-tennis-la-belgique-gagne-en-australie-et-atteint-le-tour-final-de-la-davis-cup-raphael-collignon-est-le-heros\/\" \/>\n<meta property=\"og:locale\" content=\"fr_FR\" \/>\n<meta property=\"og:type\" content=\"article\" \/>\n<meta property=\"og:title\" content=\"Sensation dans le tennis: la Belgique gagne en Australie et atteint le tour final de la Davis Cup - Rapha\u00ebl Collignon est le h\u00e9ros | Vie Associative\" \/>\n<meta property=\"og:description\" content=\"La Belgique s&rsquo;est qualifi\u00e9e pour la finale de la Coupe Davis apr\u00e8s une victoire impressionnante en Australie. Les Australiens avaient atteint la finale et les\" \/>\n<meta property=\"og:url\" content=\"https:\/\/vieassociative.be\/actualites\/sensation-dans-le-tennis-la-belgique-gagne-en-australie-et-atteint-le-tour-final-de-la-davis-cup-raphael-collignon-est-le-heros\/\" \/>\n<meta property=\"og:site_name\" content=\"Vie Associative\" \/>\n<meta property=\"article:published_time\" content=\"2025-09-15T02:18:25+00:00\" \/>\n<meta property=\"og:image\" content=\"https:\/\/vieassociative.be\/actualites\/wp-content\/uploads\/2024\/09\/header_backgroundk-01-e1726694325946.png\" \/>\n\t<meta property=\"og:image:width\" content=\"279\" \/>\n\t<meta property=\"og:image:height\" content=\"92\" \/>\n\t<meta property=\"og:image:type\" content=\"image\/png\" \/>\n<meta name=\"author\" content=\"Julien\" \/>\n<meta name=\"twitter:card\" content=\"summary_large_image\" \/>\n<meta name=\"twitter:label1\" content=\"\u00c9crit par\" \/>\n\t<meta name=\"twitter:data1\" content=\"Julien\" \/>\n\t<meta name=\"twitter:label2\" content=\"Dur\u00e9e de lecture est.\" \/>\n\t<meta name=\"twitter:data2\" content=\"2 minutes\" \/>\n<script type=\"application\/ld+json\" class=\"yoast-schema-graph\">{\"@context\":\"https:\/\/schema.org\",\"@graph\":[{\"@type\":\"Article\",\"@id\":\"https:\/\/vieassociative.be\/actualites\/sensation-dans-le-tennis-la-belgique-gagne-en-australie-et-atteint-le-tour-final-de-la-davis-cup-raphael-collignon-est-le-heros\/#article\",\"isPartOf\":{\"@id\":\"https:\/\/vieassociative.be\/actualites\/sensation-dans-le-tennis-la-belgique-gagne-en-australie-et-atteint-le-tour-final-de-la-davis-cup-raphael-collignon-est-le-heros\/\"},\"author\":{\"name\":\"Julien\",\"@id\":\"https:\/\/vieassociative.be\/actualites\/#\/schema\/person\/b87ac4f82f9d4e7b7cec7395b679edc4\"},\"headline\":\"Sensation dans le tennis: la Belgique gagne en Australie et atteint le tour final de la Davis Cup &#8211; Rapha\u00ebl Collignon est le h\u00e9ros\",\"datePublished\":\"2025-09-15T02:18:25+00:00\",\"dateModified\":\"2025-09-15T02:18:25+00:00\",\"mainEntityOfPage\":{\"@id\":\"https:\/\/vieassociative.be\/actualites\/sensation-dans-le-tennis-la-belgique-gagne-en-australie-et-atteint-le-tour-final-de-la-davis-cup-raphael-collignon-est-le-heros\/\"},\"wordCount\":501,\"publisher\":{\"@id\":\"https:\/\/vieassociative.be\/actualites\/#organization\"},\"image\":{\"@id\":\"https:\/\/vieassociative.be\/actualites\/sensation-dans-le-tennis-la-belgique-gagne-en-australie-et-atteint-le-tour-final-de-la-davis-cup-raphael-collignon-est-le-heros\/#primaryimage\"},\"thumbnailUrl\":\"https:\/\/vieassociative.be\/actualites\/wp-content\/uploads\/2025\/09\/1757902706_Sensation-dans-le-tennis-la-Belgique-gagne-en-Australie-et.jpg\",\"keywords\":[\"atteint\",\"Australie\",\"Belgique\",\"Collignon\",\"Cup\",\"dans\",\"Davis\",\"est\",\"final\",\"gagn\u00e9\",\"h\u00e9ros\",\"Rapha\u00ebl\",\"sensation\",\"Tennis\",\"Tour\"],\"articleSection\":[\"Belgique\"],\"inLanguage\":\"fr-BE\"},{\"@type\":\"WebPage\",\"@id\":\"https:\/\/vieassociative.be\/actualites\/sensation-dans-le-tennis-la-belgique-gagne-en-australie-et-atteint-le-tour-final-de-la-davis-cup-raphael-collignon-est-le-heros\/\",\"url\":\"https:\/\/vieassociative.be\/actualites\/sensation-dans-le-tennis-la-belgique-gagne-en-australie-et-atteint-le-tour-final-de-la-davis-cup-raphael-collignon-est-le-heros\/\",\"name\":\"Sensation dans le tennis: la Belgique gagne en Australie et atteint le tour final de la Davis Cup - Rapha\u00ebl Collignon est le h\u00e9ros | Vie Associative\",\"isPartOf\":{\"@id\":\"https:\/\/vieassociative.be\/actualites\/#website\"},\"primaryImageOfPage\":{\"@id\":\"https:\/\/vieassociative.be\/actualites\/sensation-dans-le-tennis-la-belgique-gagne-en-australie-et-atteint-le-tour-final-de-la-davis-cup-raphael-collignon-est-le-heros\/#primaryimage\"},\"image\":{\"@id\":\"https:\/\/vieassociative.be\/actualites\/sensation-dans-le-tennis-la-belgique-gagne-en-australie-et-atteint-le-tour-final-de-la-davis-cup-raphael-collignon-est-le-heros\/#primaryimage\"},\"thumbnailUrl\":\"https:\/\/vieassociative.be\/actualites\/wp-content\/uploads\/2025\/09\/1757902706_Sensation-dans-le-tennis-la-Belgique-gagne-en-Australie-et.jpg\",\"datePublished\":\"2025-09-15T02:18:25+00:00\",\"dateModified\":\"2025-09-15T02:18:25+00:00\",\"breadcrumb\":{\"@id\":\"https:\/\/vieassociative.be\/actualites\/sensation-dans-le-tennis-la-belgique-gagne-en-australie-et-atteint-le-tour-final-de-la-davis-cup-raphael-collignon-est-le-heros\/#breadcrumb\"},\"inLanguage\":\"fr-BE\",\"potentialAction\":[{\"@type\":\"ReadAction\",\"target\":[\"https:\/\/vieassociative.be\/actualites\/sensation-dans-le-tennis-la-belgique-gagne-en-australie-et-atteint-le-tour-final-de-la-davis-cup-raphael-collignon-est-le-heros\/\"]}]},{\"@type\":\"ImageObject\",\"inLanguage\":\"fr-BE\",\"@id\":\"https:\/\/vieassociative.be\/actualites\/sensation-dans-le-tennis-la-belgique-gagne-en-australie-et-atteint-le-tour-final-de-la-davis-cup-raphael-collignon-est-le-heros\/#primaryimage\",\"url\":\"https:\/\/vieassociative.be\/actualites\/wp-content\/uploads\/2025\/09\/1757902706_Sensation-dans-le-tennis-la-Belgique-gagne-en-Australie-et.jpg\",\"contentUrl\":\"https:\/\/vieassociative.be\/actualites\/wp-content\/uploads\/2025\/09\/1757902706_Sensation-dans-le-tennis-la-Belgique-gagne-en-Australie-et.jpg\",\"width\":1200,\"height\":800,\"caption\":\"Sensation dans le tennis: la Belgique gagne en Australie et atteint le tour final de la Davis Cup - Rapha\u00ebl Collignon est le h\u00e9ros\"},{\"@type\":\"BreadcrumbList\",\"@id\":\"https:\/\/vieassociative.be\/actualites\/sensation-dans-le-tennis-la-belgique-gagne-en-australie-et-atteint-le-tour-final-de-la-davis-cup-raphael-collignon-est-le-heros\/#breadcrumb\",\"itemListElement\":[{\"@type\":\"ListItem\",\"position\":1,\"name\":\"Accueil\",\"item\":\"https:\/\/vieassociative.be\/actualites\/\"},{\"@type\":\"ListItem\",\"position\":2,\"name\":\"Sensation dans le tennis: la Belgique gagne en Australie et atteint le tour final de la Davis Cup &#8211; Rapha\u00ebl Collignon est le h\u00e9ros\"}]},{\"@type\":\"WebSite\",\"@id\":\"https:\/\/vieassociative.be\/actualites\/#website\",\"url\":\"https:\/\/vieassociative.be\/actualites\/\",\"name\":\"Vie Associative\",\"description\":\"\",\"publisher\":{\"@id\":\"https:\/\/vieassociative.be\/actualites\/#organization\"},\"potentialAction\":[{\"@type\":\"SearchAction\",\"target\":{\"@type\":\"EntryPoint\",\"urlTemplate\":\"https:\/\/vieassociative.be\/actualites\/?s={search_term_string}\"},\"query-input\":{\"@type\":\"PropertyValueSpecification\",\"valueRequired\":true,\"valueName\":\"search_term_string\"}}],\"inLanguage\":\"fr-BE\"},{\"@type\":\"Organization\",\"@id\":\"https:\/\/vieassociative.be\/actualites\/#organization\",\"name\":\"Vie Associative\",\"url\":\"https:\/\/vieassociative.be\/actualites\/\",\"logo\":{\"@type\":\"ImageObject\",\"inLanguage\":\"fr-BE\",\"@id\":\"https:\/\/vieassociative.be\/actualites\/#\/schema\/logo\/image\/\",\"url\":\"https:\/\/vieassociative.be\/actualites\/wp-content\/uploads\/2024\/09\/cropped-vieassociative_favicon.ico.png\",\"contentUrl\":\"https:\/\/vieassociative.be\/actualites\/wp-content\/uploads\/2024\/09\/cropped-vieassociative_favicon.ico.png\",\"width\":512,\"height\":512,\"caption\":\"Vie Associative\"},\"image\":{\"@id\":\"https:\/\/vieassociative.be\/actualites\/#\/schema\/logo\/image\/\"}},{\"@type\":\"Person\",\"@id\":\"https:\/\/vieassociative.be\/actualites\/#\/schema\/person\/b87ac4f82f9d4e7b7cec7395b679edc4\",\"name\":\"Julien\",\"image\":{\"@type\":\"ImageObject\",\"inLanguage\":\"fr-BE\",\"@id\":\"https:\/\/vieassociative.be\/actualites\/#\/schema\/person\/image\/\",\"url\":\"https:\/\/vieassociative.be\/actualites\/wp-content\/uploads\/2024\/09\/vie-associative-1-150x150.jpg\",\"contentUrl\":\"https:\/\/vieassociative.be\/actualites\/wp-content\/uploads\/2024\/09\/vie-associative-1-150x150.jpg\",\"caption\":\"Julien\"},\"description\":\"Je suis Julien, r\u00e9dacteur pour Vie Associative. Passionn\u00e9 par le monde associatif depuis plus de 10 ans, j'ai \u00e0 c\u0153ur de partager des histoires inspirantes et de mettre en lumi\u00e8re les initiatives locales. Mon objectif est de sensibiliser et d'encourager l'engagement communautaire \u00e0 travers mes articles.\",\"sameAs\":[\"https:\/\/vieassociative.be\/\"]}]}<\/script>\n<!-- \/ Yoast SEO plugin. -->","yoast_head_json":{"title":"Sensation dans le tennis: la Belgique gagne en Australie et atteint le tour final de la Davis Cup - Rapha\u00ebl Collignon est le h\u00e9ros | Vie Associative","robots":{"index":"index","follow":"follow","max-snippet":"max-snippet:-1","max-image-preview":"max-image-preview:large","max-video-preview":"max-video-preview:-1"},"canonical":"https:\/\/vieassociative.be\/actualites\/sensation-dans-le-tennis-la-belgique-gagne-en-australie-et-atteint-le-tour-final-de-la-davis-cup-raphael-collignon-est-le-heros\/","og_locale":"fr_FR","og_type":"article","og_title":"Sensation dans le tennis: la Belgique gagne en Australie et atteint le tour final de la Davis Cup - Rapha\u00ebl Collignon est le h\u00e9ros | Vie Associative","og_description":"La Belgique s&rsquo;est qualifi\u00e9e pour la finale de la Coupe Davis apr\u00e8s une victoire impressionnante en Australie. Les Australiens avaient atteint la finale et les","og_url":"https:\/\/vieassociative.be\/actualites\/sensation-dans-le-tennis-la-belgique-gagne-en-australie-et-atteint-le-tour-final-de-la-davis-cup-raphael-collignon-est-le-heros\/","og_site_name":"Vie Associative","article_published_time":"2025-09-15T02:18:25+00:00","og_image":[{"width":279,"height":92,"url":"https:\/\/vieassociative.be\/actualites\/wp-content\/uploads\/2024\/09\/header_backgroundk-01-e1726694325946.png","type":"image\/png"}],"author":"Julien","twitter_card":"summary_large_image","twitter_misc":{"\u00c9crit par":"Julien","Dur\u00e9e de lecture est.":"2 minutes"},"schema":{"@context":"https:\/\/schema.org","@graph":[{"@type":"Article","@id":"https:\/\/vieassociative.be\/actualites\/sensation-dans-le-tennis-la-belgique-gagne-en-australie-et-atteint-le-tour-final-de-la-davis-cup-raphael-collignon-est-le-heros\/#article","isPartOf":{"@id":"https:\/\/vieassociative.be\/actualites\/sensation-dans-le-tennis-la-belgique-gagne-en-australie-et-atteint-le-tour-final-de-la-davis-cup-raphael-collignon-est-le-heros\/"},"author":{"name":"Julien","@id":"https:\/\/vieassociative.be\/actualites\/#\/schema\/person\/b87ac4f82f9d4e7b7cec7395b679edc4"},"headline":"Sensation dans le tennis: la Belgique gagne en Australie et atteint le tour final de la Davis Cup &#8211; Rapha\u00ebl Collignon est le h\u00e9ros","datePublished":"2025-09-15T02:18:25+00:00","dateModified":"2025-09-15T02:18:25+00:00","mainEntityOfPage":{"@id":"https:\/\/vieassociative.be\/actualites\/sensation-dans-le-tennis-la-belgique-gagne-en-australie-et-atteint-le-tour-final-de-la-davis-cup-raphael-collignon-est-le-heros\/"},"wordCount":501,"publisher":{"@id":"https:\/\/vieassociative.be\/actualites\/#organization"},"image":{"@id":"https:\/\/vieassociative.be\/actualites\/sensation-dans-le-tennis-la-belgique-gagne-en-australie-et-atteint-le-tour-final-de-la-davis-cup-raphael-collignon-est-le-heros\/#primaryimage"},"thumbnailUrl":"https:\/\/vieassociative.be\/actualites\/wp-content\/uploads\/2025\/09\/1757902706_Sensation-dans-le-tennis-la-Belgique-gagne-en-Australie-et.jpg","keywords":["atteint","Australie","Belgique","Collignon","Cup","dans","Davis","est","final","gagn\u00e9","h\u00e9ros","Rapha\u00ebl","sensation","Tennis","Tour"],"articleSection":["Belgique"],"inLanguage":"fr-BE"},{"@type":"WebPage","@id":"https:\/\/vieassociative.be\/actualites\/sensation-dans-le-tennis-la-belgique-gagne-en-australie-et-atteint-le-tour-final-de-la-davis-cup-raphael-collignon-est-le-heros\/","url":"https:\/\/vieassociative.be\/actualites\/sensation-dans-le-tennis-la-belgique-gagne-en-australie-et-atteint-le-tour-final-de-la-davis-cup-raphael-collignon-est-le-heros\/","name":"Sensation dans le tennis: la Belgique gagne en Australie et atteint le tour final de la Davis Cup - Rapha\u00ebl Collignon est le h\u00e9ros | Vie Associative","isPartOf":{"@id":"https:\/\/vieassociative.be\/actualites\/#website"},"primaryImageOfPage":{"@id":"https:\/\/vieassociative.be\/actualites\/sensation-dans-le-tennis-la-belgique-gagne-en-australie-et-atteint-le-tour-final-de-la-davis-cup-raphael-collignon-est-le-heros\/#primaryimage"},"image":{"@id":"https:\/\/vieassociative.be\/actualites\/sensation-dans-le-tennis-la-belgique-gagne-en-australie-et-atteint-le-tour-final-de-la-davis-cup-raphael-collignon-est-le-heros\/#primaryimage"},"thumbnailUrl":"https:\/\/vieassociative.be\/actualites\/wp-content\/uploads\/2025\/09\/1757902706_Sensation-dans-le-tennis-la-Belgique-gagne-en-Australie-et.jpg","datePublished":"2025-09-15T02:18:25+00:00","dateModified":"2025-09-15T02:18:25+00:00","breadcrumb":{"@id":"https:\/\/vieassociative.be\/actualites\/sensation-dans-le-tennis-la-belgique-gagne-en-australie-et-atteint-le-tour-final-de-la-davis-cup-raphael-collignon-est-le-heros\/#breadcrumb"},"inLanguage":"fr-BE","potentialAction":[{"@type":"ReadAction","target":["https:\/\/vieassociative.be\/actualites\/sensation-dans-le-tennis-la-belgique-gagne-en-australie-et-atteint-le-tour-final-de-la-davis-cup-raphael-collignon-est-le-heros\/"]}]},{"@type":"ImageObject","inLanguage":"fr-BE","@id":"https:\/\/vieassociative.be\/actualites\/sensation-dans-le-tennis-la-belgique-gagne-en-australie-et-atteint-le-tour-final-de-la-davis-cup-raphael-collignon-est-le-heros\/#primaryimage","url":"https:\/\/vieassociative.be\/actualites\/wp-content\/uploads\/2025\/09\/1757902706_Sensation-dans-le-tennis-la-Belgique-gagne-en-Australie-et.jpg","contentUrl":"https:\/\/vieassociative.be\/actualites\/wp-content\/uploads\/2025\/09\/1757902706_Sensation-dans-le-tennis-la-Belgique-gagne-en-Australie-et.jpg","width":1200,"height":800,"caption":"Sensation dans le tennis: la Belgique gagne en Australie et atteint le tour final de la Davis Cup - Rapha\u00ebl Collignon est le h\u00e9ros"},{"@type":"BreadcrumbList","@id":"https:\/\/vieassociative.be\/actualites\/sensation-dans-le-tennis-la-belgique-gagne-en-australie-et-atteint-le-tour-final-de-la-davis-cup-raphael-collignon-est-le-heros\/#breadcrumb","itemListElement":[{"@type":"ListItem","position":1,"name":"Accueil","item":"https:\/\/vieassociative.be\/actualites\/"},{"@type":"ListItem","position":2,"name":"Sensation dans le tennis: la Belgique gagne en Australie et atteint le tour final de la Davis Cup &#8211; Rapha\u00ebl Collignon est le h\u00e9ros"}]},{"@type":"WebSite","@id":"https:\/\/vieassociative.be\/actualites\/#website","url":"https:\/\/vieassociative.be\/actualites\/","name":"Vie Associative","description":"","publisher":{"@id":"https:\/\/vieassociative.be\/actualites\/#organization"},"potentialAction":[{"@type":"SearchAction","target":{"@type":"EntryPoint","urlTemplate":"https:\/\/vieassociative.be\/actualites\/?s={search_term_string}"},"query-input":{"@type":"PropertyValueSpecification","valueRequired":true,"valueName":"search_term_string"}}],"inLanguage":"fr-BE"},{"@type":"Organization","@id":"https:\/\/vieassociative.be\/actualites\/#organization","name":"Vie Associative","url":"https:\/\/vieassociative.be\/actualites\/","logo":{"@type":"ImageObject","inLanguage":"fr-BE","@id":"https:\/\/vieassociative.be\/actualites\/#\/schema\/logo\/image\/","url":"https:\/\/vieassociative.be\/actualites\/wp-content\/uploads\/2024\/09\/cropped-vieassociative_favicon.ico.png","contentUrl":"https:\/\/vieassociative.be\/actualites\/wp-content\/uploads\/2024\/09\/cropped-vieassociative_favicon.ico.png","width":512,"height":512,"caption":"Vie Associative"},"image":{"@id":"https:\/\/vieassociative.be\/actualites\/#\/schema\/logo\/image\/"}},{"@type":"Person","@id":"https:\/\/vieassociative.be\/actualites\/#\/schema\/person\/b87ac4f82f9d4e7b7cec7395b679edc4","name":"Julien","image":{"@type":"ImageObject","inLanguage":"fr-BE","@id":"https:\/\/vieassociative.be\/actualites\/#\/schema\/person\/image\/","url":"https:\/\/vieassociative.be\/actualites\/wp-content\/uploads\/2024\/09\/vie-associative-1-150x150.jpg","contentUrl":"https:\/\/vieassociative.be\/actualites\/wp-content\/uploads\/2024\/09\/vie-associative-1-150x150.jpg","caption":"Julien"},"description":"Je suis Julien, r\u00e9dacteur pour Vie Associative. Passionn\u00e9 par le monde associatif depuis plus de 10 ans, j'ai \u00e0 c\u0153ur de partager des histoires inspirantes et de mettre en lumi\u00e8re les initiatives locales. Mon objectif est de sensibiliser et d'encourager l'engagement communautaire \u00e0 travers mes articles.","sameAs":["https:\/\/vieassociative.be\/"]}]}},"_links":{"self":[{"href":"https:\/\/vieassociative.be\/actualites\/wp-json\/wp\/v2\/posts\/10043"}],"collection":[{"href":"https:\/\/vieassociative.be\/actualites\/wp-json\/wp\/v2\/posts"}],"about":[{"href":"https:\/\/vieassociative.be\/actualites\/wp-json\/wp\/v2\/types\/post"}],"author":[{"embeddable":true,"href":"https:\/\/vieassociative.be\/actualites\/wp-json\/wp\/v2\/users\/1"}],"replies":[{"embeddable":true,"href":"https:\/\/vieassociative.be\/actualites\/wp-json\/wp\/v2\/comments?post=10043"}],"version-history":[{"count":0,"href":"https:\/\/vieassociative.be\/actualites\/wp-json\/wp\/v2\/posts\/10043\/revisions"}],"wp:featuredmedia":[{"embeddable":true,"href":"https:\/\/vieassociative.be\/actualites\/wp-json\/wp\/v2\/media\/10044"}],"wp:attachment":[{"href":"https:\/\/vieassociative.be\/actualites\/wp-json\/wp\/v2\/media?parent=10043"}],"wp:term":[{"taxonomy":"category","embeddable":true,"href":"https:\/\/vieassociative.be\/actualites\/wp-json\/wp\/v2\/categories?post=10043"},{"taxonomy":"post_tag","embeddable":true,"href":"https:\/\/vieassociative.be\/actualites\/wp-json\/wp\/v2\/tags?post=10043"}],"curies":[{"name":"wp","href":"https:\/\/api.w.org\/{rel}","templated":true}]}}