{"id":10037,"date":"2025-09-14T22:16:59","date_gmt":"2025-09-14T20:16:59","guid":{"rendered":"https:\/\/vieassociative.be\/actualites\/tv-tip-un-jour-de-septembre-la-premiere-rencontre-entre-adenauer-et-de-gaulle-lundi-15-09-zdf-20h15\/"},"modified":"2025-09-14T22:16:59","modified_gmt":"2025-09-14T20:16:59","slug":"tv-tip-un-jour-de-septembre-la-premiere-rencontre-entre-adenauer-et-de-gaulle-lundi-15-09-zdf-20h15","status":"publish","type":"post","link":"https:\/\/vieassociative.be\/actualites\/tv-tip-un-jour-de-septembre-la-premiere-rencontre-entre-adenauer-et-de-gaulle-lundi-15-09-zdf-20h15\/","title":{"rendered":"TV Tip- \u00ab\u00a0Un jour de septembre\u00a0\u00bb: la premi\u00e8re rencontre entre Adenauer et De Gaulle (lundi 15\/09, ZDF, 20H15)"},"content":{"rendered":"<p><strong>Un film \u00e0 succ\u00e8s d\u00e9crit la premi\u00e8re rencontre entre Konrad Adenauer et Charles de Gaulle. Le drame historique peut \u00eatre vu dans le portail de streaming ZDF et lin\u00e9aire \u00e0 la t\u00e9l\u00e9vision sur ZDF ce lundi 15 septembre \u00e0 20 h 15.<\/strong><\/p>\n<p><span id=\"more-424078\"><\/span>Une berline noire avec une petite escorte polici\u00e8re glisse dans une avenue par une journ\u00e9e d&rsquo;or de fin d&rsquo;\u00e9t\u00e9. Dans le si\u00e8ge arri\u00e8re, un homme avec un visage scell\u00e9 de type masque. \u00ab\u00a0Et qui est \u00e0 bl\u00e2mer quand \u00e7a va mal?\u00a0\u00bb Dit-il soudainement. Son employ\u00e9 le contrecarre: \u00ab\u00a0Vous ne le demandez pas autrement, M. Chancellor.\u00a0\u00bb<\/p>\n<p>C&rsquo;est ainsi que le t\u00e9l\u00e9viseur \u00ab\u00a0un jour de septembre\u00a0\u00bb, qui vaut la peine d&rsquo;\u00eatre vu commence. Il retrace la premi\u00e8re rencontre de Konrad Adenauer avec le Premier ministre Charles de Gaulle dans sa maison priv\u00e9e dans le nord-est de la France.<\/p>\n<div id=\"attachment_424615\" class=\"wp-caption alignleft\" style=\"max-width: 300px\"><img fetchpriority=\"high\" decoding=\"async\" class=\"wp-image-424615 size-medium\" src=\"https:\/\/vieassociative.be\/actualites\/wp-content\/uploads\/2025\/09\/TV-Tip-Un-jour-de-septembre-la-premiere-rencontre-entre.jpg\" alt=\"\" width=\"300\" height=\"198\"><\/div>\n<p>Adenauer Gray avant la visite. Le premier chancelier de la R\u00e9publique f\u00e9d\u00e9rale n&rsquo;a connect\u00e9 le g\u00e9n\u00e9ral fran\u00e7ais que: peu de temps apr\u00e8s la guerre, cette Allemagne a voulu d\u00e9m\u00e9nager dans plusieurs sous-\u00e9tats, puis il a invers\u00e9 la communaut\u00e9 europ\u00e9enne de la d\u00e9fense pr\u00e9vue et a attaqu\u00e9 \u00e0 plusieurs reprises le projet d&rsquo;unification europ\u00e9en comme une trahison des int\u00e9r\u00eats fran\u00e7ais.<\/p>\n<p><strong>&#8211; Au d\u00e9but, Adenauer est en France:<\/strong> N\u00e9anmoins, l&rsquo;allemand et le Fran\u00e7ais se sont r\u00e9unis sur le plan personnel le 14 septembre 1958. Et c&rsquo;est ce que le film de Kai Wessel d\u00e9crit. Dans les r\u00f4les de premier plan tr\u00e8s occup\u00e9s, Burghart Klau\u00dfner brille en tant qu&rsquo;Adenauer et Jean-Yves comme De Gaulle. Klau\u00dfner a retir\u00e9 le tournage: \u00ab\u00a0\u00c0 travers le film et g\u00e9rer le mat\u00e9riel, vous avez une id\u00e9e de l&rsquo;importance des relations personnelles dans la politique que nous ne l&rsquo;imaginons g\u00e9n\u00e9ralement.\u00a0\u00bb<\/p>\n<p>Certains d\u00e9tails sont connus sur le cours de la rencontre: Adenauer a \u00e9t\u00e9 retard\u00e9 parce que sa petite chronique de wagon n&rsquo;a initialement pas confondu le lieu de r\u00e9sidence de De Gaulle, Colombey-les-Deex-Eglises, mais les Colombey-les-Belles \u00e0 environ 100 kilom\u00e8tres. Lorsque le chancelier est finalement arriv\u00e9, De Gaulle est imm\u00e9diatement all\u00e9 vers lui, lui a serr\u00e9 la main et lui a parl\u00e9 allemand.<\/p>\n<\/p>\n<div id=\"attachment_424616\" class=\"wp-caption alignleft\" style=\"max-width: 300px\"><img decoding=\"async\" class=\"wp-image-424616 size-medium\" src=\"https:\/\/vieassociative.be\/actualites\/wp-content\/uploads\/2025\/09\/1757881019_530_TV-Tip-Un-jour-de-septembre-la-premiere-rencontre-entre.jpg\" alt=\"\" width=\"300\" height=\"209\"><\/div>\n<p>Parce que pendant la Premi\u00e8re Guerre mondiale, il avait \u00e9t\u00e9 captur\u00e9 pendant deux ans et demi. Cependant, ses connaissances \u00e9taient maintenant un peu rouill\u00e9es. Au lieu de \u00ab\u00a0Comment vas-tu?\u00a0\u00bb Il a demand\u00e9 \u00e0 son invit\u00e9: \u00ab\u00a0Comment allez-vous?\u00a0\u00bb Sur quoi il a r\u00e9pondu: \u00ab\u00a0\u00c0 pied\u00a0\u00bb. L&rsquo;anecdote est toujours populaire aujourd&rsquo;hui par l&rsquo;ancien pr\u00e9sident de la Commission de l&rsquo;UE, Jean-Claude Juncker.<\/p>\n<p>Aucun historien ne peut dire avec certitude quand il a cliqu\u00e9 exactement entre les deux hommes tr\u00e8s diff\u00e9rents ce jour-l\u00e0. Sa foi catholique commune a probablement jou\u00e9 un r\u00f4le, un sentiment d&rsquo;appartenance \u00e0 un h\u00e9ritage occidental qui est retourn\u00e9 dans le royaume de Charlemagne.<\/p>\n<p>Les deux personnes des \u00c9tats ont \u00e9galement partag\u00e9 les croyances fondamentales \u00e9thiques et d\u00e9mocratiques avec tous les calculs de pouvoir, qu&rsquo;ils n&rsquo;avaient pas r\u00e9v\u00e9l\u00e9s m\u00eame dans la guerre et sous la pression de la dictature nazie. N\u00e9anmoins, le sc\u00e9nariste Fred Breinersdorfer a \u00e9t\u00e9 confront\u00e9 \u00e0 la t\u00e2che de combler les lacunes existantes et de trouver une dramaturgie pour son film de 90 minutes.<\/p>\n<p>Entre autres choses, il a d\u00e9cor\u00e9 l&rsquo;histoire de la cuisine de De Gaulle, Louise, qui, d&rsquo;autre part, a r\u00e9sist\u00e9 \u00e0 cuisiner pour les Allemands d\u00e9test\u00e9s. Et il a invent\u00e9 deux jeunes journalistes qui devraient d\u00e9fendre l&rsquo;avenir et les visions des jeunes.<\/p>\n<p><strong>&#8211; L&rsquo;\u00e9pouse de De Gaulle, Yvonne, brise la glace:<\/strong> Surtout, cependant, Breinersdorfer a \u00e9largi la partie de l&rsquo;\u00e9pouse de De Gaulle, Yvonne, repr\u00e9sent\u00e9e par H\u00e9l\u00e8ne Alexandridis. En fin de compte, c&rsquo;est dans le film qui brise la glace entre De Gaulle et Adenauer en dirigeant la conversation vers des coups de sa vie priv\u00e9e. Toutes ces id\u00e9es de l&rsquo;auteur b\u00e9n\u00e9ficient du film.<\/p>\n<\/p>\n<div id=\"attachment_424617\" class=\"wp-caption alignleft\" style=\"max-width: 218px\"><img decoding=\"async\" class=\"wp-image-424617 size-medium\" src=\"https:\/\/vieassociative.be\/actualites\/wp-content\/uploads\/2025\/09\/1757881019_875_TV-Tip-Un-jour-de-septembre-la-premiere-rencontre-entre.jpg\" alt=\"\" width=\"218\" height=\"300\"><\/div>\n<p>En un point, cependant, l&rsquo;histoire est d\u00e9form\u00e9e. Le film donne l&rsquo;impression que l&rsquo;allemand et le fran\u00e7ais n&rsquo;avaient pris que la forme d&rsquo;Adenauer et de De Gaulle en 1958, la relation mutuelle avec Kitten. C&rsquo;est faux. Contrairement \u00e0 la montre dans le film, les villageois fran\u00e7ais, la limousine d&rsquo;Adenauer, n&rsquo;ont pas utilis\u00e9 d&rsquo;\u0153ufs, mais lui ont fait signe de la mani\u00e8re amicale.<\/p>\n<p>Parce que devant De Gaulle, deux autres grands Fran\u00e7ais avaient d\u00e9j\u00e0 remis leur main \u00e0 \u00ab\u00a0l&rsquo;ennemi h\u00e9r\u00e9ditaire\u00a0\u00bb: Jean Monnet et Robert Schuman, les architectes de la communaut\u00e9 europ\u00e9enne pour le charbon et l&rsquo;acier, fond\u00e9 en 1951, le pr\u00e9curseur de l&rsquo;Union europ\u00e9enne d&rsquo;aujourd&rsquo;hui. Et en 1957, les contrats romains ont \u00e9t\u00e9 sign\u00e9s, ce qui justifiait la communaut\u00e9 \u00e9conomique europ\u00e9enne (CEE). Cela avait permis de serrer la coop\u00e9ration d&rsquo;adenauer avec le Premier ministre fran\u00e7ais de l&rsquo;\u00e9poque, Guy Mollet, qui est compl\u00e8tement oubli\u00e9 aujourd&rsquo;hui.<\/p>\n<p><strong>&#8211; De Gaulle n&rsquo;\u00e9tait pas un ami europ\u00e9en:<\/strong> Le fait que De Gaulle \u00e9tait un adversaire d\u00e9clar\u00e9 de la CEC parce qu&rsquo;il a vu une circoncision inacceptable de la souverainet\u00e9 fran\u00e7aise dans les institutions supranationales telles que la Commission de Bruxelles et le Parlement europ\u00e9en ne semble que marginalement dans le film.<\/p>\n<p>La conclusion du contrat d&rsquo;amiti\u00e9 franco-allemand a \u00e9t\u00e9 \u00e9lev\u00e9e en 1963 parce que De Gaulle l&rsquo;a compris comme la base d&rsquo;une alliance strat\u00e9gique qui \u00e9tait cens\u00e9e aider la France \u00e0 la vieille taille gr\u00e2ce au poids \u00e9conomique de la jeune R\u00e9publique f\u00e9d\u00e9rale. Afin de contrecarrer cela, le Bundestag a pris clairement un engagement envers les \u00c9tats-Unis et l&rsquo;OTAN envers le contrat &#8211; De Gaulle cuit avec col\u00e8re.<\/p>\n<p>Cela ne r\u00e9duit pas ses revenus historiques que l&rsquo;approche qui vient de commencer \u00e0 s&rsquo;\u00eatre \u00e9tendue \u00e0 un partenariat \u00e9troit entre les deux nations anciennes hostiles. Le film c\u00e9l\u00e8bre compl\u00e8tement cela. Deux vieillards se sont rendus l&rsquo;un \u00e0 l&rsquo;autre \u00e0 l&rsquo;\u00e9poque, aussi difficile que cela soit. Des millions de personnes en b\u00e9n\u00e9ficient encore. (DPA)<\/p>\n","protected":false},"excerpt":{"rendered":"<p>Un film \u00e0 succ\u00e8s d\u00e9crit la premi\u00e8re rencontre entre Konrad Adenauer et Charles de Gaulle. Le drame historique peut \u00eatre vu dans le portail de<\/p>\n","protected":false},"author":1,"featured_media":10038,"comment_status":"","ping_status":"","sticky":false,"template":"","format":"standard","meta":{"footnotes":""},"categories":[298],"tags":[8551,8549,70,8550,53,550,610,1184,137,8548,4110],"class_list":["post-10037","post","type-post","status-publish","format-standard","has-post-thumbnail","hentry","category-belgique","tag-20h15","tag-adenauer","tag-entre","tag-gaulle","tag-jour","tag-lundi","tag-premiere","tag-rencontre","tag-septembre","tag-tip","tag-zdf","generate-columns","tablet-grid-50","mobile-grid-100","grid-parent","grid-33"],"yoast_head":"<!-- This site is optimized with the Yoast SEO plugin v24.0 - https:\/\/yoast.com\/wordpress\/plugins\/seo\/ -->\n<title>TV Tip- &quot;Un jour de septembre&quot;: la premi\u00e8re rencontre entre Adenauer et De Gaulle (lundi 15\/09, ZDF, 20H15) | Vie Associative<\/title>\n<meta name=\"robots\" content=\"index, follow, max-snippet:-1, max-image-preview:large, max-video-preview:-1\" \/>\n<link rel=\"canonical\" href=\"https:\/\/vieassociative.be\/actualites\/tv-tip-un-jour-de-septembre-la-premiere-rencontre-entre-adenauer-et-de-gaulle-lundi-15-09-zdf-20h15\/\" \/>\n<meta property=\"og:locale\" content=\"fr_FR\" \/>\n<meta property=\"og:type\" content=\"article\" \/>\n<meta property=\"og:title\" content=\"TV Tip- &quot;Un jour de septembre&quot;: la premi\u00e8re rencontre entre Adenauer et De Gaulle (lundi 15\/09, ZDF, 20H15) | Vie Associative\" \/>\n<meta property=\"og:description\" content=\"Un film \u00e0 succ\u00e8s d\u00e9crit la premi\u00e8re rencontre entre Konrad Adenauer et Charles de Gaulle. Le drame historique peut \u00eatre vu dans le portail de\" \/>\n<meta property=\"og:url\" content=\"https:\/\/vieassociative.be\/actualites\/tv-tip-un-jour-de-septembre-la-premiere-rencontre-entre-adenauer-et-de-gaulle-lundi-15-09-zdf-20h15\/\" \/>\n<meta property=\"og:site_name\" content=\"Vie Associative\" \/>\n<meta property=\"article:published_time\" content=\"2025-09-14T20:16:59+00:00\" \/>\n<meta property=\"og:image\" content=\"https:\/\/vieassociative.be\/actualites\/wp-content\/uploads\/2024\/09\/header_backgroundk-01-e1726694325946.png\" \/>\n\t<meta property=\"og:image:width\" content=\"279\" \/>\n\t<meta property=\"og:image:height\" content=\"92\" \/>\n\t<meta property=\"og:image:type\" content=\"image\/png\" \/>\n<meta name=\"author\" content=\"Julien\" \/>\n<meta name=\"twitter:card\" content=\"summary_large_image\" \/>\n<meta name=\"twitter:label1\" content=\"\u00c9crit par\" \/>\n\t<meta name=\"twitter:data1\" content=\"Julien\" \/>\n\t<meta name=\"twitter:label2\" content=\"Dur\u00e9e de lecture est.\" \/>\n\t<meta name=\"twitter:data2\" content=\"5 minutes\" \/>\n<script type=\"application\/ld+json\" class=\"yoast-schema-graph\">{\"@context\":\"https:\/\/schema.org\",\"@graph\":[{\"@type\":\"Article\",\"@id\":\"https:\/\/vieassociative.be\/actualites\/tv-tip-un-jour-de-septembre-la-premiere-rencontre-entre-adenauer-et-de-gaulle-lundi-15-09-zdf-20h15\/#article\",\"isPartOf\":{\"@id\":\"https:\/\/vieassociative.be\/actualites\/tv-tip-un-jour-de-septembre-la-premiere-rencontre-entre-adenauer-et-de-gaulle-lundi-15-09-zdf-20h15\/\"},\"author\":{\"name\":\"Julien\",\"@id\":\"https:\/\/vieassociative.be\/actualites\/#\/schema\/person\/b87ac4f82f9d4e7b7cec7395b679edc4\"},\"headline\":\"TV Tip- \u00ab\u00a0Un jour de septembre\u00a0\u00bb: la premi\u00e8re rencontre entre Adenauer et De Gaulle (lundi 15\/09, ZDF, 20H15)\",\"datePublished\":\"2025-09-14T20:16:59+00:00\",\"dateModified\":\"2025-09-14T20:16:59+00:00\",\"mainEntityOfPage\":{\"@id\":\"https:\/\/vieassociative.be\/actualites\/tv-tip-un-jour-de-septembre-la-premiere-rencontre-entre-adenauer-et-de-gaulle-lundi-15-09-zdf-20h15\/\"},\"wordCount\":1083,\"publisher\":{\"@id\":\"https:\/\/vieassociative.be\/actualites\/#organization\"},\"image\":{\"@id\":\"https:\/\/vieassociative.be\/actualites\/tv-tip-un-jour-de-septembre-la-premiere-rencontre-entre-adenauer-et-de-gaulle-lundi-15-09-zdf-20h15\/#primaryimage\"},\"thumbnailUrl\":\"https:\/\/vieassociative.be\/actualites\/wp-content\/uploads\/2025\/09\/1757881019_TV-Tip-Un-jour-de-septembre-la-premiere-rencontre-entre.jpg\",\"keywords\":[\"20H15\",\"Adenauer\",\"entre\",\"Gaulle\",\"jour\",\"lundi\",\"premi\u00e8re\",\"rencontre\",\"septembre\",\"Tip\",\"ZDF\"],\"articleSection\":[\"Belgique\"],\"inLanguage\":\"fr-BE\"},{\"@type\":\"WebPage\",\"@id\":\"https:\/\/vieassociative.be\/actualites\/tv-tip-un-jour-de-septembre-la-premiere-rencontre-entre-adenauer-et-de-gaulle-lundi-15-09-zdf-20h15\/\",\"url\":\"https:\/\/vieassociative.be\/actualites\/tv-tip-un-jour-de-septembre-la-premiere-rencontre-entre-adenauer-et-de-gaulle-lundi-15-09-zdf-20h15\/\",\"name\":\"TV Tip- \\\"Un jour de septembre\\\": la premi\u00e8re rencontre entre Adenauer et De Gaulle (lundi 15\/09, ZDF, 20H15) | Vie Associative\",\"isPartOf\":{\"@id\":\"https:\/\/vieassociative.be\/actualites\/#website\"},\"primaryImageOfPage\":{\"@id\":\"https:\/\/vieassociative.be\/actualites\/tv-tip-un-jour-de-septembre-la-premiere-rencontre-entre-adenauer-et-de-gaulle-lundi-15-09-zdf-20h15\/#primaryimage\"},\"image\":{\"@id\":\"https:\/\/vieassociative.be\/actualites\/tv-tip-un-jour-de-septembre-la-premiere-rencontre-entre-adenauer-et-de-gaulle-lundi-15-09-zdf-20h15\/#primaryimage\"},\"thumbnailUrl\":\"https:\/\/vieassociative.be\/actualites\/wp-content\/uploads\/2025\/09\/1757881019_TV-Tip-Un-jour-de-septembre-la-premiere-rencontre-entre.jpg\",\"datePublished\":\"2025-09-14T20:16:59+00:00\",\"dateModified\":\"2025-09-14T20:16:59+00:00\",\"breadcrumb\":{\"@id\":\"https:\/\/vieassociative.be\/actualites\/tv-tip-un-jour-de-septembre-la-premiere-rencontre-entre-adenauer-et-de-gaulle-lundi-15-09-zdf-20h15\/#breadcrumb\"},\"inLanguage\":\"fr-BE\",\"potentialAction\":[{\"@type\":\"ReadAction\",\"target\":[\"https:\/\/vieassociative.be\/actualites\/tv-tip-un-jour-de-septembre-la-premiere-rencontre-entre-adenauer-et-de-gaulle-lundi-15-09-zdf-20h15\/\"]}]},{\"@type\":\"ImageObject\",\"inLanguage\":\"fr-BE\",\"@id\":\"https:\/\/vieassociative.be\/actualites\/tv-tip-un-jour-de-septembre-la-premiere-rencontre-entre-adenauer-et-de-gaulle-lundi-15-09-zdf-20h15\/#primaryimage\",\"url\":\"https:\/\/vieassociative.be\/actualites\/wp-content\/uploads\/2025\/09\/1757881019_TV-Tip-Un-jour-de-septembre-la-premiere-rencontre-entre.jpg\",\"contentUrl\":\"https:\/\/vieassociative.be\/actualites\/wp-content\/uploads\/2025\/09\/1757881019_TV-Tip-Un-jour-de-septembre-la-premiere-rencontre-entre.jpg\",\"width\":1024,\"height\":683,\"caption\":\"TV Tip- \\\"Un jour de septembre\\\": la premi\u00e8re rencontre entre Adenauer et De Gaulle (lundi 15\/09, ZDF, 20H15)\"},{\"@type\":\"BreadcrumbList\",\"@id\":\"https:\/\/vieassociative.be\/actualites\/tv-tip-un-jour-de-septembre-la-premiere-rencontre-entre-adenauer-et-de-gaulle-lundi-15-09-zdf-20h15\/#breadcrumb\",\"itemListElement\":[{\"@type\":\"ListItem\",\"position\":1,\"name\":\"Accueil\",\"item\":\"https:\/\/vieassociative.be\/actualites\/\"},{\"@type\":\"ListItem\",\"position\":2,\"name\":\"TV Tip- \u00ab\u00a0Un jour de septembre\u00a0\u00bb: la premi\u00e8re rencontre entre Adenauer et De Gaulle (lundi 15\/09, ZDF, 20H15)\"}]},{\"@type\":\"WebSite\",\"@id\":\"https:\/\/vieassociative.be\/actualites\/#website\",\"url\":\"https:\/\/vieassociative.be\/actualites\/\",\"name\":\"Vie Associative\",\"description\":\"\",\"publisher\":{\"@id\":\"https:\/\/vieassociative.be\/actualites\/#organization\"},\"potentialAction\":[{\"@type\":\"SearchAction\",\"target\":{\"@type\":\"EntryPoint\",\"urlTemplate\":\"https:\/\/vieassociative.be\/actualites\/?s={search_term_string}\"},\"query-input\":{\"@type\":\"PropertyValueSpecification\",\"valueRequired\":true,\"valueName\":\"search_term_string\"}}],\"inLanguage\":\"fr-BE\"},{\"@type\":\"Organization\",\"@id\":\"https:\/\/vieassociative.be\/actualites\/#organization\",\"name\":\"Vie Associative\",\"url\":\"https:\/\/vieassociative.be\/actualites\/\",\"logo\":{\"@type\":\"ImageObject\",\"inLanguage\":\"fr-BE\",\"@id\":\"https:\/\/vieassociative.be\/actualites\/#\/schema\/logo\/image\/\",\"url\":\"https:\/\/vieassociative.be\/actualites\/wp-content\/uploads\/2024\/09\/cropped-vieassociative_favicon.ico.png\",\"contentUrl\":\"https:\/\/vieassociative.be\/actualites\/wp-content\/uploads\/2024\/09\/cropped-vieassociative_favicon.ico.png\",\"width\":512,\"height\":512,\"caption\":\"Vie Associative\"},\"image\":{\"@id\":\"https:\/\/vieassociative.be\/actualites\/#\/schema\/logo\/image\/\"}},{\"@type\":\"Person\",\"@id\":\"https:\/\/vieassociative.be\/actualites\/#\/schema\/person\/b87ac4f82f9d4e7b7cec7395b679edc4\",\"name\":\"Julien\",\"image\":{\"@type\":\"ImageObject\",\"inLanguage\":\"fr-BE\",\"@id\":\"https:\/\/vieassociative.be\/actualites\/#\/schema\/person\/image\/\",\"url\":\"https:\/\/vieassociative.be\/actualites\/wp-content\/uploads\/2024\/09\/vie-associative-1-150x150.jpg\",\"contentUrl\":\"https:\/\/vieassociative.be\/actualites\/wp-content\/uploads\/2024\/09\/vie-associative-1-150x150.jpg\",\"caption\":\"Julien\"},\"description\":\"Je suis Julien, r\u00e9dacteur pour Vie Associative. Passionn\u00e9 par le monde associatif depuis plus de 10 ans, j'ai \u00e0 c\u0153ur de partager des histoires inspirantes et de mettre en lumi\u00e8re les initiatives locales. Mon objectif est de sensibiliser et d'encourager l'engagement communautaire \u00e0 travers mes articles.\",\"sameAs\":[\"https:\/\/vieassociative.be\/\"]}]}<\/script>\n<!-- \/ Yoast SEO plugin. -->","yoast_head_json":{"title":"TV Tip- \"Un jour de septembre\": la premi\u00e8re rencontre entre Adenauer et De Gaulle (lundi 15\/09, ZDF, 20H15) | Vie Associative","robots":{"index":"index","follow":"follow","max-snippet":"max-snippet:-1","max-image-preview":"max-image-preview:large","max-video-preview":"max-video-preview:-1"},"canonical":"https:\/\/vieassociative.be\/actualites\/tv-tip-un-jour-de-septembre-la-premiere-rencontre-entre-adenauer-et-de-gaulle-lundi-15-09-zdf-20h15\/","og_locale":"fr_FR","og_type":"article","og_title":"TV Tip- \"Un jour de septembre\": la premi\u00e8re rencontre entre Adenauer et De Gaulle (lundi 15\/09, ZDF, 20H15) | Vie Associative","og_description":"Un film \u00e0 succ\u00e8s d\u00e9crit la premi\u00e8re rencontre entre Konrad Adenauer et Charles de Gaulle. Le drame historique peut \u00eatre vu dans le portail de","og_url":"https:\/\/vieassociative.be\/actualites\/tv-tip-un-jour-de-septembre-la-premiere-rencontre-entre-adenauer-et-de-gaulle-lundi-15-09-zdf-20h15\/","og_site_name":"Vie Associative","article_published_time":"2025-09-14T20:16:59+00:00","og_image":[{"width":279,"height":92,"url":"https:\/\/vieassociative.be\/actualites\/wp-content\/uploads\/2024\/09\/header_backgroundk-01-e1726694325946.png","type":"image\/png"}],"author":"Julien","twitter_card":"summary_large_image","twitter_misc":{"\u00c9crit par":"Julien","Dur\u00e9e de lecture est.":"5 minutes"},"schema":{"@context":"https:\/\/schema.org","@graph":[{"@type":"Article","@id":"https:\/\/vieassociative.be\/actualites\/tv-tip-un-jour-de-septembre-la-premiere-rencontre-entre-adenauer-et-de-gaulle-lundi-15-09-zdf-20h15\/#article","isPartOf":{"@id":"https:\/\/vieassociative.be\/actualites\/tv-tip-un-jour-de-septembre-la-premiere-rencontre-entre-adenauer-et-de-gaulle-lundi-15-09-zdf-20h15\/"},"author":{"name":"Julien","@id":"https:\/\/vieassociative.be\/actualites\/#\/schema\/person\/b87ac4f82f9d4e7b7cec7395b679edc4"},"headline":"TV Tip- \u00ab\u00a0Un jour de septembre\u00a0\u00bb: la premi\u00e8re rencontre entre Adenauer et De Gaulle (lundi 15\/09, ZDF, 20H15)","datePublished":"2025-09-14T20:16:59+00:00","dateModified":"2025-09-14T20:16:59+00:00","mainEntityOfPage":{"@id":"https:\/\/vieassociative.be\/actualites\/tv-tip-un-jour-de-septembre-la-premiere-rencontre-entre-adenauer-et-de-gaulle-lundi-15-09-zdf-20h15\/"},"wordCount":1083,"publisher":{"@id":"https:\/\/vieassociative.be\/actualites\/#organization"},"image":{"@id":"https:\/\/vieassociative.be\/actualites\/tv-tip-un-jour-de-septembre-la-premiere-rencontre-entre-adenauer-et-de-gaulle-lundi-15-09-zdf-20h15\/#primaryimage"},"thumbnailUrl":"https:\/\/vieassociative.be\/actualites\/wp-content\/uploads\/2025\/09\/1757881019_TV-Tip-Un-jour-de-septembre-la-premiere-rencontre-entre.jpg","keywords":["20H15","Adenauer","entre","Gaulle","jour","lundi","premi\u00e8re","rencontre","septembre","Tip","ZDF"],"articleSection":["Belgique"],"inLanguage":"fr-BE"},{"@type":"WebPage","@id":"https:\/\/vieassociative.be\/actualites\/tv-tip-un-jour-de-septembre-la-premiere-rencontre-entre-adenauer-et-de-gaulle-lundi-15-09-zdf-20h15\/","url":"https:\/\/vieassociative.be\/actualites\/tv-tip-un-jour-de-septembre-la-premiere-rencontre-entre-adenauer-et-de-gaulle-lundi-15-09-zdf-20h15\/","name":"TV Tip- \"Un jour de septembre\": la premi\u00e8re rencontre entre Adenauer et De Gaulle (lundi 15\/09, ZDF, 20H15) | Vie Associative","isPartOf":{"@id":"https:\/\/vieassociative.be\/actualites\/#website"},"primaryImageOfPage":{"@id":"https:\/\/vieassociative.be\/actualites\/tv-tip-un-jour-de-septembre-la-premiere-rencontre-entre-adenauer-et-de-gaulle-lundi-15-09-zdf-20h15\/#primaryimage"},"image":{"@id":"https:\/\/vieassociative.be\/actualites\/tv-tip-un-jour-de-septembre-la-premiere-rencontre-entre-adenauer-et-de-gaulle-lundi-15-09-zdf-20h15\/#primaryimage"},"thumbnailUrl":"https:\/\/vieassociative.be\/actualites\/wp-content\/uploads\/2025\/09\/1757881019_TV-Tip-Un-jour-de-septembre-la-premiere-rencontre-entre.jpg","datePublished":"2025-09-14T20:16:59+00:00","dateModified":"2025-09-14T20:16:59+00:00","breadcrumb":{"@id":"https:\/\/vieassociative.be\/actualites\/tv-tip-un-jour-de-septembre-la-premiere-rencontre-entre-adenauer-et-de-gaulle-lundi-15-09-zdf-20h15\/#breadcrumb"},"inLanguage":"fr-BE","potentialAction":[{"@type":"ReadAction","target":["https:\/\/vieassociative.be\/actualites\/tv-tip-un-jour-de-septembre-la-premiere-rencontre-entre-adenauer-et-de-gaulle-lundi-15-09-zdf-20h15\/"]}]},{"@type":"ImageObject","inLanguage":"fr-BE","@id":"https:\/\/vieassociative.be\/actualites\/tv-tip-un-jour-de-septembre-la-premiere-rencontre-entre-adenauer-et-de-gaulle-lundi-15-09-zdf-20h15\/#primaryimage","url":"https:\/\/vieassociative.be\/actualites\/wp-content\/uploads\/2025\/09\/1757881019_TV-Tip-Un-jour-de-septembre-la-premiere-rencontre-entre.jpg","contentUrl":"https:\/\/vieassociative.be\/actualites\/wp-content\/uploads\/2025\/09\/1757881019_TV-Tip-Un-jour-de-septembre-la-premiere-rencontre-entre.jpg","width":1024,"height":683,"caption":"TV Tip- \"Un jour de septembre\": la premi\u00e8re rencontre entre Adenauer et De Gaulle (lundi 15\/09, ZDF, 20H15)"},{"@type":"BreadcrumbList","@id":"https:\/\/vieassociative.be\/actualites\/tv-tip-un-jour-de-septembre-la-premiere-rencontre-entre-adenauer-et-de-gaulle-lundi-15-09-zdf-20h15\/#breadcrumb","itemListElement":[{"@type":"ListItem","position":1,"name":"Accueil","item":"https:\/\/vieassociative.be\/actualites\/"},{"@type":"ListItem","position":2,"name":"TV Tip- \u00ab\u00a0Un jour de septembre\u00a0\u00bb: la premi\u00e8re rencontre entre Adenauer et De Gaulle (lundi 15\/09, ZDF, 20H15)"}]},{"@type":"WebSite","@id":"https:\/\/vieassociative.be\/actualites\/#website","url":"https:\/\/vieassociative.be\/actualites\/","name":"Vie Associative","description":"","publisher":{"@id":"https:\/\/vieassociative.be\/actualites\/#organization"},"potentialAction":[{"@type":"SearchAction","target":{"@type":"EntryPoint","urlTemplate":"https:\/\/vieassociative.be\/actualites\/?s={search_term_string}"},"query-input":{"@type":"PropertyValueSpecification","valueRequired":true,"valueName":"search_term_string"}}],"inLanguage":"fr-BE"},{"@type":"Organization","@id":"https:\/\/vieassociative.be\/actualites\/#organization","name":"Vie Associative","url":"https:\/\/vieassociative.be\/actualites\/","logo":{"@type":"ImageObject","inLanguage":"fr-BE","@id":"https:\/\/vieassociative.be\/actualites\/#\/schema\/logo\/image\/","url":"https:\/\/vieassociative.be\/actualites\/wp-content\/uploads\/2024\/09\/cropped-vieassociative_favicon.ico.png","contentUrl":"https:\/\/vieassociative.be\/actualites\/wp-content\/uploads\/2024\/09\/cropped-vieassociative_favicon.ico.png","width":512,"height":512,"caption":"Vie Associative"},"image":{"@id":"https:\/\/vieassociative.be\/actualites\/#\/schema\/logo\/image\/"}},{"@type":"Person","@id":"https:\/\/vieassociative.be\/actualites\/#\/schema\/person\/b87ac4f82f9d4e7b7cec7395b679edc4","name":"Julien","image":{"@type":"ImageObject","inLanguage":"fr-BE","@id":"https:\/\/vieassociative.be\/actualites\/#\/schema\/person\/image\/","url":"https:\/\/vieassociative.be\/actualites\/wp-content\/uploads\/2024\/09\/vie-associative-1-150x150.jpg","contentUrl":"https:\/\/vieassociative.be\/actualites\/wp-content\/uploads\/2024\/09\/vie-associative-1-150x150.jpg","caption":"Julien"},"description":"Je suis Julien, r\u00e9dacteur pour Vie Associative. Passionn\u00e9 par le monde associatif depuis plus de 10 ans, j'ai \u00e0 c\u0153ur de partager des histoires inspirantes et de mettre en lumi\u00e8re les initiatives locales. Mon objectif est de sensibiliser et d'encourager l'engagement communautaire \u00e0 travers mes articles.","sameAs":["https:\/\/vieassociative.be\/"]}]}},"_links":{"self":[{"href":"https:\/\/vieassociative.be\/actualites\/wp-json\/wp\/v2\/posts\/10037"}],"collection":[{"href":"https:\/\/vieassociative.be\/actualites\/wp-json\/wp\/v2\/posts"}],"about":[{"href":"https:\/\/vieassociative.be\/actualites\/wp-json\/wp\/v2\/types\/post"}],"author":[{"embeddable":true,"href":"https:\/\/vieassociative.be\/actualites\/wp-json\/wp\/v2\/users\/1"}],"replies":[{"embeddable":true,"href":"https:\/\/vieassociative.be\/actualites\/wp-json\/wp\/v2\/comments?post=10037"}],"version-history":[{"count":0,"href":"https:\/\/vieassociative.be\/actualites\/wp-json\/wp\/v2\/posts\/10037\/revisions"}],"wp:featuredmedia":[{"embeddable":true,"href":"https:\/\/vieassociative.be\/actualites\/wp-json\/wp\/v2\/media\/10038"}],"wp:attachment":[{"href":"https:\/\/vieassociative.be\/actualites\/wp-json\/wp\/v2\/media?parent=10037"}],"wp:term":[{"taxonomy":"category","embeddable":true,"href":"https:\/\/vieassociative.be\/actualites\/wp-json\/wp\/v2\/categories?post=10037"},{"taxonomy":"post_tag","embeddable":true,"href":"https:\/\/vieassociative.be\/actualites\/wp-json\/wp\/v2\/tags?post=10037"}],"curies":[{"name":"wp","href":"https:\/\/api.w.org\/{rel}","templated":true}]}}