{"id":10034,"date":"2025-09-14T16:17:18","date_gmt":"2025-09-14T14:17:18","guid":{"rendered":"https:\/\/vieassociative.be\/actualites\/m-le-president-georges-louis-bouchez-est-critique-jarfassa-polterer-nepotiste-trumpist\/"},"modified":"2025-09-14T16:17:18","modified_gmt":"2025-09-14T14:17:18","slug":"m-le-president-georges-louis-bouchez-est-critique-jarfassa-polterer-nepotiste-trumpist","status":"publish","type":"post","link":"https:\/\/vieassociative.be\/actualites\/m-le-president-georges-louis-bouchez-est-critique-jarfassa-polterer-nepotiste-trumpist\/","title":{"rendered":"M. Le pr\u00e9sident Georges-Louis Bouchez est critiqu\u00e9: Jarfassa, Polterer, N\u00e9potiste, Trumpist?"},"content":{"rendered":"<p><strong>Georges-Louis Bouchez est pr\u00e9sident des lib\u00e9raux francophones (Mouement R\u00e9formatur-MR) depuis octobre 2019. Au d\u00e9but, il \u00e9tait un espoir d&rsquo;espoir, il parlait Tacheles et a \u00e9galement r\u00e9ussi. Six ans plus tard, il est l&rsquo;une des personnalit\u00e9s les plus \u00e9blouissantes de la politique belge. Comme pour le pr\u00e9sident am\u00e9ricain Donald Trump, Bouchez ne passe pas un jour o\u00f9 il ne parle pas et ne parle pas de lui-m\u00eame.<\/strong><\/p>\n<p><span id=\"more-424246\"><\/span>Georges-Louis Bouchez, 39 ans, en bref: GLB, est consid\u00e9r\u00e9 comme charismatique et ambitieux, mais est fortement critiqu\u00e9 par les adversaires politiques et maintenant \u00e9galement par des amis du parti.<\/p>\n<p>Beaucoup l&rsquo;accusent d&rsquo;avoir trop adapt\u00e9 le MR \u00e0 sa propre personne. Le parti et la personnalit\u00e9 peuvent difficilement \u00eatre s\u00e9par\u00e9s. Son style de communication est consid\u00e9r\u00e9 comme conflictuel, arrogant et moins dispos\u00e9 \u00e0 faire des compromis. M\u00eame des coll\u00e8gues du parti comme Denis Ducarme ont critiqu\u00e9 ses \u00abpetits calculs politiques\u00bb et la tendance \u00e0 isoler le parti des autres partis.<\/p>\n<div id=\"attachment_341138\" class=\"wp-caption alignleft\" style=\"max-width: 300px\"><img fetchpriority=\"high\" decoding=\"async\" class=\"wp-image-341138 size-medium\" src=\"https:\/\/vieassociative.be\/actualites\/wp-content\/uploads\/2025\/09\/M-Le-president-Georges-Louis-Bouchez-est-critique-Jarfassa-Polterer-Nepotiste.jpeg\" alt=\"\" width=\"300\" height=\"200\"><\/div>\n<p>\u00c0 Bruxelles en particulier, d&rsquo;autres parties (PS, Ecolo, Vooruit, D\u00e9fi) l&rsquo;accusent de bloquer les n\u00e9gociations gr\u00e2ce \u00e0 sa posture anti-PS. Bouchez est plus pr\u00e9occup\u00e9 par la d\u00e9monstration du pouvoir que la recherche de compromis durables.<\/p>\n<p>Bouchez lui-m\u00eame se d\u00e9fend pour ne pas admettre aucune critique et aucune autre opinion que celle de la sienne. \u00ab\u00a0Dans un parti dirig\u00e9 par un autocrate, les gens ne passeraient pas trois heures pour exprimer leur opinion. Nous avons des r\u00e9unions hebdomadaires\u00a0\u00bb, a-t-il d\u00e9clar\u00e9 au \u00ab\u00a0DH\u00a0\u00bb.<\/p>\n<p>Si le MR Boss ne travaille pas exactement avec le chef socialiste Paul Magnette, il commence la presse pour la presse. Le RTBF en particulier \u00e9loigne alors votre graisse. \u00ab\u00a0Les socialistes ont perdu les \u00e9lections plus clairement que jamais dans leur histoire, et pourtant le RTBF int\u00e9resse apparemment moins\u00a0\u00bb, se plaint Bouchez.<\/p>\n<p>Bouchez n&rsquo;\u00e9conomise pas avec les critiques de la presse dans son ensemble: \u00ab\u00a0La grande majorit\u00e9 des journalistes font bien leur travail, mais il y a aussi des journalistes qui oublient leurs fonctions \u00e9thiques professionnelles et deviennent des militants.\u00a0\u00bb<\/p>\n<p><strong>&#8211; D\u00e9clats publics controvers\u00e9s:<\/strong> L&rsquo;homme issu des cr\u00e9ances a provoqu\u00e9 des irritations plusieurs fois \u00e0 Mons. Il a d\u00e9crit une op\u00e9ration militaire contre les membres du Hezbollah comme un \u00ab\u00a0coup de g\u00e9nie\u00a0\u00bb &#8211; ce qui lui a valu l&rsquo;accusation de glorification terroriste. Au cours des apparitions, il a \u00e9t\u00e9 insult\u00e9 par des adversaires en tant que \u00ab\u00a0fasciste\u00a0\u00bb, ce qui montre \u00e0 quel point il polarise.<\/p>\n<div id=\"attachment_387268\" class=\"wp-caption alignleft\" style=\"max-width: 300px\"><img decoding=\"async\" class=\"wp-image-387268 size-medium\" src=\"https:\/\/vieassociative.be\/actualites\/wp-content\/uploads\/2025\/09\/M-Le-president-Georges-Louis-Bouchez-est-critique-Jarfassa-Polterer-Nepotiste.jpg\" alt=\"\" width=\"300\" height=\"202\"><\/div>\n<p><strong>&#8211; Proximit\u00e9 \u00e0 l&rsquo;extr\u00eame droite:<\/strong> Les critiques accusent Bouchez d&rsquo;avoir repris une rh\u00e9torique qui ressemble \u00e0 l&rsquo;extr\u00eame droite.<\/p>\n<p>En bref, Georges-Louis Bouchez est un politicien intelligent et strat\u00e9giquement pensant, ses comp\u00e9tences rh\u00e9toriques sont brillantes, il appara\u00eet presque tous les jours \u00e0 la radio ou \u00e0 la t\u00e9l\u00e9vision sans m\u00eame montrer un soup\u00e7on de faiblesse.<\/p>\n<p>Cependant, beaucoup per\u00e7oivent son style de leadership comme auto-concentr\u00e9 et divis\u00e9. Il entre r\u00e9guli\u00e8rement en conflit &#8211; avec d&rsquo;autres parties, mais aussi avec ses propres rangs. Avec l&rsquo;affaire sur son partenaire, il s&rsquo;est \u00e9galement expos\u00e9 \u00e0 l&rsquo;accusation de n\u00e9potisme (n\u00e9potisme). <\/p>\n<p>Bouchez devient de plus en plus similaire au pr\u00e9sident am\u00e9ricain Donald Trump. Si vous le souhaitez, il est un joueur de Trump \u00ab\u00a0\u00e0 la Belge\u00a0\u00bb.<\/p>\n<p>Et GLB a autre chose en commun avec Trump: il est un grand fan de sport.<\/p>\n<p>Le Jar Georges-Louis Boogez est pr\u00e9sident de l&rsquo;\u00e9quipe de football de deuxi\u00e8me division Francs Borains, qui a perdu son match de championnat contre Eupen samedi. <\/p>\n<p>GLB fait \u00e9galement des gros titres dans le football. Bouchez a r\u00e9cemment soumis un proc\u00e8s contre la r\u00e9forme des professionnels belges, car cela pr\u00e9voit qu&rsquo;au moins quatre \u00e9quipes U23 de la Challenger Pro League doivent jouer (sans option ascendante ou de rel\u00e9gation).<\/p>\n<div id=\"attachment_341137\" class=\"wp-caption alignleft\" style=\"max-width: 300px\"><img decoding=\"async\" class=\"wp-image-341137 size-medium\" src=\"https:\/\/vieassociative.be\/actualites\/wp-content\/uploads\/2025\/09\/1757859438_438_M-Le-president-Georges-Louis-Bouchez-est-critique-Jarfassa-Polterer-Nepotiste.jpeg\" alt=\"\" width=\"300\" height=\"200\"><\/div>\n<p>Bouchez a annonc\u00e9 que ce serait l\u00e9galement contre elle. Il a parl\u00e9 d&rsquo;une violation de l&rsquo;\u00e9quit\u00e9 sportive (ce qu&rsquo;il est r\u00e9ellement).<\/p>\n<p>Le joueur de 39 ans n&rsquo;est pas seulement un football obs\u00e9d\u00e9, mais aussi un fan avou\u00e9 du sport automobile. En 2021, Bouchez lui-m\u00eame a particip\u00e9 aux 24 heures de 2cv en spa-francorchamps. Cette nuit-l\u00e0, il a \u00e9t\u00e9 impliqu\u00e9 dans un grave accident &#8211; \u00e0 environ 150 km \/ h, son v\u00e9hicule s&rsquo;est \u00e9cras\u00e9 dans un mur. Apr\u00e8s un traitement hospitalier, il s&rsquo;est av\u00e9r\u00e9 qu&rsquo;il \u00e9tait physiquement intact et s&rsquo;est rapidement r\u00e9tabli.<\/p>\n<p><strong>&#8211; Pr\u00e9sence m\u00e9diatique lors d&rsquo;\u00e9v\u00e9nements majeurs:<\/strong> La star de Hollywood, Brad Pitt, a rencontr\u00e9 la star de Hollywood Brad Pitt en 2024 lors d&rsquo;un week-end de Formule 1 \u00e0 Francorchamps. Il a divis\u00e9 une photo de celui-ci sur Instagram avec un commentaire de plaisanterie &#8211; une rencontre avec les m\u00e9dias.<\/p>\n<p>Bouchez aurait aim\u00e9 \u00eatre devenu pr\u00e9sident de l&rsquo;hippodrome Spa-Francorchamps. Mais cela n&rsquo;a pas fonctionn\u00e9. N\u00e9anmoins, il s&rsquo;est assur\u00e9 qu&rsquo;\u00e0 l&rsquo;\u00e9t\u00e9 2025, il a \u00e9t\u00e9 \u00e9lu vice-pr\u00e9sident du Spa Grand Prix, qui est responsable du doctorat du Grand Prix de Formule 1 de Belgique.<\/p>\n<p>On pourrait penser que les horloges cochent diff\u00e9remment \u00e0 Georges-Louis Bouchez et que les jours avaient plus de 24 heures. L&rsquo;homme ne se repost pas. (Cre)<\/p>\n","protected":false},"excerpt":{"rendered":"<p>Georges-Louis Bouchez est pr\u00e9sident des lib\u00e9raux francophones (Mouement R\u00e9formatur-MR) depuis octobre 2019. Au d\u00e9but, il \u00e9tait un espoir d&rsquo;espoir, il parlait Tacheles et a \u00e9galement<\/p>\n","protected":false},"author":1,"featured_media":3703,"comment_status":"","ping_status":"","sticky":false,"template":"","format":"standard","meta":{"footnotes":""},"categories":[298],"tags":[4256,3364,76,8539,8540,8542,8541,3075,8543],"class_list":["post-10034","post","type-post","status-publish","format-standard","has-post-thumbnail","hentry","category-belgique","tag-bouchez","tag-critique","tag-est","tag-georgeslouis","tag-jarfassa","tag-nepotiste","tag-polterer","tag-president","tag-trumpist","generate-columns","tablet-grid-50","mobile-grid-100","grid-parent","grid-33"],"yoast_head":"<!-- This site is optimized with the Yoast SEO plugin v24.0 - https:\/\/yoast.com\/wordpress\/plugins\/seo\/ -->\n<title>M. Le pr\u00e9sident Georges-Louis Bouchez est critiqu\u00e9: Jarfassa, Polterer, N\u00e9potiste, Trumpist? | Vie Associative<\/title>\n<meta name=\"robots\" content=\"index, follow, max-snippet:-1, max-image-preview:large, max-video-preview:-1\" \/>\n<link rel=\"canonical\" href=\"https:\/\/vieassociative.be\/actualites\/m-le-president-georges-louis-bouchez-est-critique-jarfassa-polterer-nepotiste-trumpist\/\" \/>\n<meta property=\"og:locale\" content=\"fr_FR\" \/>\n<meta property=\"og:type\" content=\"article\" \/>\n<meta property=\"og:title\" content=\"M. Le pr\u00e9sident Georges-Louis Bouchez est critiqu\u00e9: Jarfassa, Polterer, N\u00e9potiste, Trumpist? | Vie Associative\" \/>\n<meta property=\"og:description\" content=\"Georges-Louis Bouchez est pr\u00e9sident des lib\u00e9raux francophones (Mouement R\u00e9formatur-MR) depuis octobre 2019. Au d\u00e9but, il \u00e9tait un espoir d&rsquo;espoir, il parlait Tacheles et a \u00e9galement\" \/>\n<meta property=\"og:url\" content=\"https:\/\/vieassociative.be\/actualites\/m-le-president-georges-louis-bouchez-est-critique-jarfassa-polterer-nepotiste-trumpist\/\" \/>\n<meta property=\"og:site_name\" content=\"Vie Associative\" \/>\n<meta property=\"article:published_time\" content=\"2025-09-14T14:17:18+00:00\" \/>\n<meta property=\"og:image\" content=\"https:\/\/vieassociative.be\/actualites\/wp-content\/uploads\/2024\/09\/header_backgroundk-01-e1726694325946.png\" \/>\n\t<meta property=\"og:image:width\" content=\"279\" \/>\n\t<meta property=\"og:image:height\" content=\"92\" \/>\n\t<meta property=\"og:image:type\" content=\"image\/png\" \/>\n<meta name=\"author\" content=\"Julien\" \/>\n<meta name=\"twitter:card\" content=\"summary_large_image\" \/>\n<meta name=\"twitter:label1\" content=\"\u00c9crit par\" \/>\n\t<meta name=\"twitter:data1\" content=\"Julien\" \/>\n\t<meta name=\"twitter:label2\" content=\"Dur\u00e9e de lecture est.\" \/>\n\t<meta name=\"twitter:data2\" content=\"4 minutes\" \/>\n<script type=\"application\/ld+json\" class=\"yoast-schema-graph\">{\"@context\":\"https:\/\/schema.org\",\"@graph\":[{\"@type\":\"Article\",\"@id\":\"https:\/\/vieassociative.be\/actualites\/m-le-president-georges-louis-bouchez-est-critique-jarfassa-polterer-nepotiste-trumpist\/#article\",\"isPartOf\":{\"@id\":\"https:\/\/vieassociative.be\/actualites\/m-le-president-georges-louis-bouchez-est-critique-jarfassa-polterer-nepotiste-trumpist\/\"},\"author\":{\"name\":\"Julien\",\"@id\":\"https:\/\/vieassociative.be\/actualites\/#\/schema\/person\/b87ac4f82f9d4e7b7cec7395b679edc4\"},\"headline\":\"M. Le pr\u00e9sident Georges-Louis Bouchez est critiqu\u00e9: Jarfassa, Polterer, N\u00e9potiste, Trumpist?\",\"datePublished\":\"2025-09-14T14:17:18+00:00\",\"dateModified\":\"2025-09-14T14:17:18+00:00\",\"mainEntityOfPage\":{\"@id\":\"https:\/\/vieassociative.be\/actualites\/m-le-president-georges-louis-bouchez-est-critique-jarfassa-polterer-nepotiste-trumpist\/\"},\"wordCount\":894,\"publisher\":{\"@id\":\"https:\/\/vieassociative.be\/actualites\/#organization\"},\"image\":{\"@id\":\"https:\/\/vieassociative.be\/actualites\/m-le-president-georges-louis-bouchez-est-critique-jarfassa-polterer-nepotiste-trumpist\/#primaryimage\"},\"thumbnailUrl\":\"https:\/\/vieassociative.be\/actualites\/wp-content\/uploads\/2024\/12\/1735049859_La-coalition-de-lArizona-echouera-t-elle-a-cause-du-fauteur.jpeg\",\"keywords\":[\"Bouchez\",\"critique\",\"est\",\"GeorgesLouis\",\"Jarfassa\",\"N\u00e9potiste\",\"Polterer\",\"pr\u00e9sident\",\"Trumpist\"],\"articleSection\":[\"Belgique\"],\"inLanguage\":\"fr-BE\"},{\"@type\":\"WebPage\",\"@id\":\"https:\/\/vieassociative.be\/actualites\/m-le-president-georges-louis-bouchez-est-critique-jarfassa-polterer-nepotiste-trumpist\/\",\"url\":\"https:\/\/vieassociative.be\/actualites\/m-le-president-georges-louis-bouchez-est-critique-jarfassa-polterer-nepotiste-trumpist\/\",\"name\":\"M. Le pr\u00e9sident Georges-Louis Bouchez est critiqu\u00e9: Jarfassa, Polterer, N\u00e9potiste, Trumpist? | Vie Associative\",\"isPartOf\":{\"@id\":\"https:\/\/vieassociative.be\/actualites\/#website\"},\"primaryImageOfPage\":{\"@id\":\"https:\/\/vieassociative.be\/actualites\/m-le-president-georges-louis-bouchez-est-critique-jarfassa-polterer-nepotiste-trumpist\/#primaryimage\"},\"image\":{\"@id\":\"https:\/\/vieassociative.be\/actualites\/m-le-president-georges-louis-bouchez-est-critique-jarfassa-polterer-nepotiste-trumpist\/#primaryimage\"},\"thumbnailUrl\":\"https:\/\/vieassociative.be\/actualites\/wp-content\/uploads\/2024\/12\/1735049859_La-coalition-de-lArizona-echouera-t-elle-a-cause-du-fauteur.jpeg\",\"datePublished\":\"2025-09-14T14:17:18+00:00\",\"dateModified\":\"2025-09-14T14:17:18+00:00\",\"breadcrumb\":{\"@id\":\"https:\/\/vieassociative.be\/actualites\/m-le-president-georges-louis-bouchez-est-critique-jarfassa-polterer-nepotiste-trumpist\/#breadcrumb\"},\"inLanguage\":\"fr-BE\",\"potentialAction\":[{\"@type\":\"ReadAction\",\"target\":[\"https:\/\/vieassociative.be\/actualites\/m-le-president-georges-louis-bouchez-est-critique-jarfassa-polterer-nepotiste-trumpist\/\"]}]},{\"@type\":\"ImageObject\",\"inLanguage\":\"fr-BE\",\"@id\":\"https:\/\/vieassociative.be\/actualites\/m-le-president-georges-louis-bouchez-est-critique-jarfassa-polterer-nepotiste-trumpist\/#primaryimage\",\"url\":\"https:\/\/vieassociative.be\/actualites\/wp-content\/uploads\/2024\/12\/1735049859_La-coalition-de-lArizona-echouera-t-elle-a-cause-du-fauteur.jpeg\",\"contentUrl\":\"https:\/\/vieassociative.be\/actualites\/wp-content\/uploads\/2024\/12\/1735049859_La-coalition-de-lArizona-echouera-t-elle-a-cause-du-fauteur.jpeg\",\"width\":1200,\"height\":800,\"caption\":\"La coalition de l\u2019Arizona \u00e9chouera-t-elle \u00e0 cause du \u00ab fauteur de troubles \u00bb Bouchez ?\"},{\"@type\":\"BreadcrumbList\",\"@id\":\"https:\/\/vieassociative.be\/actualites\/m-le-president-georges-louis-bouchez-est-critique-jarfassa-polterer-nepotiste-trumpist\/#breadcrumb\",\"itemListElement\":[{\"@type\":\"ListItem\",\"position\":1,\"name\":\"Accueil\",\"item\":\"https:\/\/vieassociative.be\/actualites\/\"},{\"@type\":\"ListItem\",\"position\":2,\"name\":\"M. Le pr\u00e9sident Georges-Louis Bouchez est critiqu\u00e9: Jarfassa, Polterer, N\u00e9potiste, Trumpist?\"}]},{\"@type\":\"WebSite\",\"@id\":\"https:\/\/vieassociative.be\/actualites\/#website\",\"url\":\"https:\/\/vieassociative.be\/actualites\/\",\"name\":\"Vie Associative\",\"description\":\"\",\"publisher\":{\"@id\":\"https:\/\/vieassociative.be\/actualites\/#organization\"},\"potentialAction\":[{\"@type\":\"SearchAction\",\"target\":{\"@type\":\"EntryPoint\",\"urlTemplate\":\"https:\/\/vieassociative.be\/actualites\/?s={search_term_string}\"},\"query-input\":{\"@type\":\"PropertyValueSpecification\",\"valueRequired\":true,\"valueName\":\"search_term_string\"}}],\"inLanguage\":\"fr-BE\"},{\"@type\":\"Organization\",\"@id\":\"https:\/\/vieassociative.be\/actualites\/#organization\",\"name\":\"Vie Associative\",\"url\":\"https:\/\/vieassociative.be\/actualites\/\",\"logo\":{\"@type\":\"ImageObject\",\"inLanguage\":\"fr-BE\",\"@id\":\"https:\/\/vieassociative.be\/actualites\/#\/schema\/logo\/image\/\",\"url\":\"https:\/\/vieassociative.be\/actualites\/wp-content\/uploads\/2024\/09\/cropped-vieassociative_favicon.ico.png\",\"contentUrl\":\"https:\/\/vieassociative.be\/actualites\/wp-content\/uploads\/2024\/09\/cropped-vieassociative_favicon.ico.png\",\"width\":512,\"height\":512,\"caption\":\"Vie Associative\"},\"image\":{\"@id\":\"https:\/\/vieassociative.be\/actualites\/#\/schema\/logo\/image\/\"}},{\"@type\":\"Person\",\"@id\":\"https:\/\/vieassociative.be\/actualites\/#\/schema\/person\/b87ac4f82f9d4e7b7cec7395b679edc4\",\"name\":\"Julien\",\"image\":{\"@type\":\"ImageObject\",\"inLanguage\":\"fr-BE\",\"@id\":\"https:\/\/vieassociative.be\/actualites\/#\/schema\/person\/image\/\",\"url\":\"https:\/\/vieassociative.be\/actualites\/wp-content\/uploads\/2024\/09\/vie-associative-1-150x150.jpg\",\"contentUrl\":\"https:\/\/vieassociative.be\/actualites\/wp-content\/uploads\/2024\/09\/vie-associative-1-150x150.jpg\",\"caption\":\"Julien\"},\"description\":\"Je suis Julien, r\u00e9dacteur pour Vie Associative. Passionn\u00e9 par le monde associatif depuis plus de 10 ans, j'ai \u00e0 c\u0153ur de partager des histoires inspirantes et de mettre en lumi\u00e8re les initiatives locales. Mon objectif est de sensibiliser et d'encourager l'engagement communautaire \u00e0 travers mes articles.\",\"sameAs\":[\"https:\/\/vieassociative.be\/\"]}]}<\/script>\n<!-- \/ Yoast SEO plugin. -->","yoast_head_json":{"title":"M. Le pr\u00e9sident Georges-Louis Bouchez est critiqu\u00e9: Jarfassa, Polterer, N\u00e9potiste, Trumpist? | Vie Associative","robots":{"index":"index","follow":"follow","max-snippet":"max-snippet:-1","max-image-preview":"max-image-preview:large","max-video-preview":"max-video-preview:-1"},"canonical":"https:\/\/vieassociative.be\/actualites\/m-le-president-georges-louis-bouchez-est-critique-jarfassa-polterer-nepotiste-trumpist\/","og_locale":"fr_FR","og_type":"article","og_title":"M. Le pr\u00e9sident Georges-Louis Bouchez est critiqu\u00e9: Jarfassa, Polterer, N\u00e9potiste, Trumpist? | Vie Associative","og_description":"Georges-Louis Bouchez est pr\u00e9sident des lib\u00e9raux francophones (Mouement R\u00e9formatur-MR) depuis octobre 2019. Au d\u00e9but, il \u00e9tait un espoir d&rsquo;espoir, il parlait Tacheles et a \u00e9galement","og_url":"https:\/\/vieassociative.be\/actualites\/m-le-president-georges-louis-bouchez-est-critique-jarfassa-polterer-nepotiste-trumpist\/","og_site_name":"Vie Associative","article_published_time":"2025-09-14T14:17:18+00:00","og_image":[{"width":279,"height":92,"url":"https:\/\/vieassociative.be\/actualites\/wp-content\/uploads\/2024\/09\/header_backgroundk-01-e1726694325946.png","type":"image\/png"}],"author":"Julien","twitter_card":"summary_large_image","twitter_misc":{"\u00c9crit par":"Julien","Dur\u00e9e de lecture est.":"4 minutes"},"schema":{"@context":"https:\/\/schema.org","@graph":[{"@type":"Article","@id":"https:\/\/vieassociative.be\/actualites\/m-le-president-georges-louis-bouchez-est-critique-jarfassa-polterer-nepotiste-trumpist\/#article","isPartOf":{"@id":"https:\/\/vieassociative.be\/actualites\/m-le-president-georges-louis-bouchez-est-critique-jarfassa-polterer-nepotiste-trumpist\/"},"author":{"name":"Julien","@id":"https:\/\/vieassociative.be\/actualites\/#\/schema\/person\/b87ac4f82f9d4e7b7cec7395b679edc4"},"headline":"M. Le pr\u00e9sident Georges-Louis Bouchez est critiqu\u00e9: Jarfassa, Polterer, N\u00e9potiste, Trumpist?","datePublished":"2025-09-14T14:17:18+00:00","dateModified":"2025-09-14T14:17:18+00:00","mainEntityOfPage":{"@id":"https:\/\/vieassociative.be\/actualites\/m-le-president-georges-louis-bouchez-est-critique-jarfassa-polterer-nepotiste-trumpist\/"},"wordCount":894,"publisher":{"@id":"https:\/\/vieassociative.be\/actualites\/#organization"},"image":{"@id":"https:\/\/vieassociative.be\/actualites\/m-le-president-georges-louis-bouchez-est-critique-jarfassa-polterer-nepotiste-trumpist\/#primaryimage"},"thumbnailUrl":"https:\/\/vieassociative.be\/actualites\/wp-content\/uploads\/2024\/12\/1735049859_La-coalition-de-lArizona-echouera-t-elle-a-cause-du-fauteur.jpeg","keywords":["Bouchez","critique","est","GeorgesLouis","Jarfassa","N\u00e9potiste","Polterer","pr\u00e9sident","Trumpist"],"articleSection":["Belgique"],"inLanguage":"fr-BE"},{"@type":"WebPage","@id":"https:\/\/vieassociative.be\/actualites\/m-le-president-georges-louis-bouchez-est-critique-jarfassa-polterer-nepotiste-trumpist\/","url":"https:\/\/vieassociative.be\/actualites\/m-le-president-georges-louis-bouchez-est-critique-jarfassa-polterer-nepotiste-trumpist\/","name":"M. Le pr\u00e9sident Georges-Louis Bouchez est critiqu\u00e9: Jarfassa, Polterer, N\u00e9potiste, Trumpist? | Vie Associative","isPartOf":{"@id":"https:\/\/vieassociative.be\/actualites\/#website"},"primaryImageOfPage":{"@id":"https:\/\/vieassociative.be\/actualites\/m-le-president-georges-louis-bouchez-est-critique-jarfassa-polterer-nepotiste-trumpist\/#primaryimage"},"image":{"@id":"https:\/\/vieassociative.be\/actualites\/m-le-president-georges-louis-bouchez-est-critique-jarfassa-polterer-nepotiste-trumpist\/#primaryimage"},"thumbnailUrl":"https:\/\/vieassociative.be\/actualites\/wp-content\/uploads\/2024\/12\/1735049859_La-coalition-de-lArizona-echouera-t-elle-a-cause-du-fauteur.jpeg","datePublished":"2025-09-14T14:17:18+00:00","dateModified":"2025-09-14T14:17:18+00:00","breadcrumb":{"@id":"https:\/\/vieassociative.be\/actualites\/m-le-president-georges-louis-bouchez-est-critique-jarfassa-polterer-nepotiste-trumpist\/#breadcrumb"},"inLanguage":"fr-BE","potentialAction":[{"@type":"ReadAction","target":["https:\/\/vieassociative.be\/actualites\/m-le-president-georges-louis-bouchez-est-critique-jarfassa-polterer-nepotiste-trumpist\/"]}]},{"@type":"ImageObject","inLanguage":"fr-BE","@id":"https:\/\/vieassociative.be\/actualites\/m-le-president-georges-louis-bouchez-est-critique-jarfassa-polterer-nepotiste-trumpist\/#primaryimage","url":"https:\/\/vieassociative.be\/actualites\/wp-content\/uploads\/2024\/12\/1735049859_La-coalition-de-lArizona-echouera-t-elle-a-cause-du-fauteur.jpeg","contentUrl":"https:\/\/vieassociative.be\/actualites\/wp-content\/uploads\/2024\/12\/1735049859_La-coalition-de-lArizona-echouera-t-elle-a-cause-du-fauteur.jpeg","width":1200,"height":800,"caption":"La coalition de l\u2019Arizona \u00e9chouera-t-elle \u00e0 cause du \u00ab fauteur de troubles \u00bb Bouchez ?"},{"@type":"BreadcrumbList","@id":"https:\/\/vieassociative.be\/actualites\/m-le-president-georges-louis-bouchez-est-critique-jarfassa-polterer-nepotiste-trumpist\/#breadcrumb","itemListElement":[{"@type":"ListItem","position":1,"name":"Accueil","item":"https:\/\/vieassociative.be\/actualites\/"},{"@type":"ListItem","position":2,"name":"M. Le pr\u00e9sident Georges-Louis Bouchez est critiqu\u00e9: Jarfassa, Polterer, N\u00e9potiste, Trumpist?"}]},{"@type":"WebSite","@id":"https:\/\/vieassociative.be\/actualites\/#website","url":"https:\/\/vieassociative.be\/actualites\/","name":"Vie Associative","description":"","publisher":{"@id":"https:\/\/vieassociative.be\/actualites\/#organization"},"potentialAction":[{"@type":"SearchAction","target":{"@type":"EntryPoint","urlTemplate":"https:\/\/vieassociative.be\/actualites\/?s={search_term_string}"},"query-input":{"@type":"PropertyValueSpecification","valueRequired":true,"valueName":"search_term_string"}}],"inLanguage":"fr-BE"},{"@type":"Organization","@id":"https:\/\/vieassociative.be\/actualites\/#organization","name":"Vie Associative","url":"https:\/\/vieassociative.be\/actualites\/","logo":{"@type":"ImageObject","inLanguage":"fr-BE","@id":"https:\/\/vieassociative.be\/actualites\/#\/schema\/logo\/image\/","url":"https:\/\/vieassociative.be\/actualites\/wp-content\/uploads\/2024\/09\/cropped-vieassociative_favicon.ico.png","contentUrl":"https:\/\/vieassociative.be\/actualites\/wp-content\/uploads\/2024\/09\/cropped-vieassociative_favicon.ico.png","width":512,"height":512,"caption":"Vie Associative"},"image":{"@id":"https:\/\/vieassociative.be\/actualites\/#\/schema\/logo\/image\/"}},{"@type":"Person","@id":"https:\/\/vieassociative.be\/actualites\/#\/schema\/person\/b87ac4f82f9d4e7b7cec7395b679edc4","name":"Julien","image":{"@type":"ImageObject","inLanguage":"fr-BE","@id":"https:\/\/vieassociative.be\/actualites\/#\/schema\/person\/image\/","url":"https:\/\/vieassociative.be\/actualites\/wp-content\/uploads\/2024\/09\/vie-associative-1-150x150.jpg","contentUrl":"https:\/\/vieassociative.be\/actualites\/wp-content\/uploads\/2024\/09\/vie-associative-1-150x150.jpg","caption":"Julien"},"description":"Je suis Julien, r\u00e9dacteur pour Vie Associative. Passionn\u00e9 par le monde associatif depuis plus de 10 ans, j'ai \u00e0 c\u0153ur de partager des histoires inspirantes et de mettre en lumi\u00e8re les initiatives locales. Mon objectif est de sensibiliser et d'encourager l'engagement communautaire \u00e0 travers mes articles.","sameAs":["https:\/\/vieassociative.be\/"]}]}},"_links":{"self":[{"href":"https:\/\/vieassociative.be\/actualites\/wp-json\/wp\/v2\/posts\/10034"}],"collection":[{"href":"https:\/\/vieassociative.be\/actualites\/wp-json\/wp\/v2\/posts"}],"about":[{"href":"https:\/\/vieassociative.be\/actualites\/wp-json\/wp\/v2\/types\/post"}],"author":[{"embeddable":true,"href":"https:\/\/vieassociative.be\/actualites\/wp-json\/wp\/v2\/users\/1"}],"replies":[{"embeddable":true,"href":"https:\/\/vieassociative.be\/actualites\/wp-json\/wp\/v2\/comments?post=10034"}],"version-history":[{"count":0,"href":"https:\/\/vieassociative.be\/actualites\/wp-json\/wp\/v2\/posts\/10034\/revisions"}],"wp:featuredmedia":[{"embeddable":true,"href":"https:\/\/vieassociative.be\/actualites\/wp-json\/wp\/v2\/media\/3703"}],"wp:attachment":[{"href":"https:\/\/vieassociative.be\/actualites\/wp-json\/wp\/v2\/media?parent=10034"}],"wp:term":[{"taxonomy":"category","embeddable":true,"href":"https:\/\/vieassociative.be\/actualites\/wp-json\/wp\/v2\/categories?post=10034"},{"taxonomy":"post_tag","embeddable":true,"href":"https:\/\/vieassociative.be\/actualites\/wp-json\/wp\/v2\/tags?post=10034"}],"curies":[{"name":"wp","href":"https:\/\/api.w.org\/{rel}","templated":true}]}}