{"id":10032,"date":"2025-09-14T15:17:21","date_gmt":"2025-09-14T13:17:21","guid":{"rendered":"https:\/\/vieassociative.be\/actualites\/les-powerbeats-pro-2-obtiennent-ces-nouvelles-fonctionnalites-de-fitness-dans-ios-26\/"},"modified":"2025-09-14T15:17:21","modified_gmt":"2025-09-14T13:17:21","slug":"les-powerbeats-pro-2-obtiennent-ces-nouvelles-fonctionnalites-de-fitness-dans-ios-26","status":"publish","type":"post","link":"https:\/\/vieassociative.be\/actualites\/les-powerbeats-pro-2-obtiennent-ces-nouvelles-fonctionnalites-de-fitness-dans-ios-26\/","title":{"rendered":"Les Powerbeats Pro 2 obtiennent ces nouvelles fonctionnalit\u00e9s de fitness dans iOS 26"},"content":{"rendered":"<div class=\"mt-4 leading-6 md:mb-8\">AirPods Pro 3 n&rsquo;est pas les seuls \u00e9couteurs de pomme de pointe.<\/div>\n<p><\/p>\n<p><em>Saviez-vous que vous pouvez personnaliser Google pour filtrer les ordures? Prendre ces \u00e9tapes<\/em><em>  Pour de meilleurs r\u00e9sultats de recherche, notamment en ajoutant mon travail chez Vie Associative comme source pr\u00e9f\u00e9r\u00e9e<\/em><em>.<\/em><\/p>\n<hr>\n<p>Dans le sillage de l&rsquo;\u00e9v\u00e9nement \u00ab\u00a0Awe Droping\u00a0\u00bb d&rsquo;Apple cette semaine, vous pourriez penser que les AirPod Pro 3 sont les meilleurs \u00e9couteurs de fitness que vous puissiez obtenir pour votre iPhone. Cela peut \u00eatre vrai, mais Apple vend une autre paire d&rsquo;\u00e9couteurs \u00ab\u00a0pro\u00a0\u00bb qui pourraient avoir plus de sens pour vous, surtout si vous trouvez que les \u00e9couteurs traditionnels tombent fr\u00e9quemment de vos oreilles.   <\/p>\n<p>Apple a publi\u00e9 le Powerbeat Pro 2 plus t\u00f4t cette ann\u00e9e, offrant aux AirPods les fonctionnalit\u00e9s dans un package qui pourrait \u00eatre mieux adapt\u00e9 aux accros de fitness. Comme l&rsquo;AirPods Pro, le Powerbeats Pro 2 est livr\u00e9 avec l&rsquo;annulation du bruit et le mode de transparence, mais contrairement \u00e0 AirPods, ces \u00e9couteurs ont des \u00ab\u00a0livres d&rsquo;oreille\u00a0\u00bb pour les garder dans vos oreilles. De plus, le Powerbeats Pro 2 a \u00e9t\u00e9 les premiers \u00e9couteurs Apple \u00e0 introduire un moniteur de fr\u00e9quence cardiaque int\u00e9gr\u00e9, bien que la r\u00e9dactrice en sant\u00e9 senior de Vie Associative, Beth Skwarecki, ait trouv\u00e9 le capteur peu fiable.<\/p>\n<div class=\"mx-auto mb-12 mt-5 w-full max-w-3xl rounded-md border-2 border-gray-100 p-3 shadow-md md:px-7 md:pb-7 md:pt-5\" id=\"related-video\">\n<div class=\"mb-3 flex items-center md:mb-5\">\n        <img decoding=\"async\" class=\"mr-4 mt-0 h-10 w-10 md:mr-5 md:h-12 md:w-12\" src=\"https:\/\/vieassociative.be\/actualites\/wp-content\/uploads\/2025\/09\/1757726237_608_Meta-pourrait-devoiler-une-montre-intelligente-pour-controler-ses-lunettes.jpg\" alt=\"Logo Lifehacker\"><\/p><\/div>\n<div class=\"aspect-video w-full overflow-hidden rounded-md\">\n<div id=\"video-container-01K5449BA0A82YX8F2Q7VWTYYB\"><\/div>\n<\/p><\/div>\n<\/div>\n<p>AirPods Pro 3 a \u00e9galement un moniteur de fr\u00e9quence cardiaque et est livr\u00e9 avec de nouvelles fonctionnalit\u00e9s suppl\u00e9mentaires, comme l&rsquo;int\u00e9gration des applications de fitness. Mais juste parce que Powerbeats Pro 2 n&rsquo;a pas exp\u00e9di\u00e9 avec certaines de ces fonctionnalit\u00e9s de fitness, cela ne signifie pas que vous avez besoin des AirPods les plus r\u00e9cents pour les obtenir. Beats a partag\u00e9 de nouvelles fonctionnalit\u00e9s iOS 26 \u00e0 venir \u00e0 Powerbeats Pro 2 avec 9to5mac, ce qui devrait \u00eatre de bonne nouvelle pour tous ceux qui ont d\u00e9j\u00e0 achet\u00e9 une paire cette ann\u00e9e. <\/p>\n<p>Voici ce \u00e0 quoi vous pouvez vous attendre:<\/p>\n<h2 id=\"apple-fitness-app-integration\">Int\u00e9gration de l&rsquo;application Apple Fitness<\/h2>\n<p>Comme l&rsquo;AirPod Pro 3, Powerbeats Pro 2 vous permettra d\u00e9sormais de suivre les entra\u00eenements via l&rsquo;application de fitness. 9to5Mac dit que vous pouvez commencer l&rsquo;un des 50 types d&rsquo;entra\u00eenement diff\u00e9rents sur votre iPhone et suivre votre fr\u00e9quence cardiaque via votre Powerbeats Pro 2.  <\/p>\n<h2 id=\"apple-fitness-integration\">Apple Fitness + int\u00e9gration<\/h2>\n<p>Si vous vous abonnez \u00e0 Apple Fitness +, vous pourrez voir la piste et afficher les donn\u00e9es en temps r\u00e9el pour votre fr\u00e9quence cardiaque et vos calories br\u00fbl\u00e9es, ainsi que la barre de br\u00fblure, ce qui vous permet de comparer les efforts que vous exercez aux autres qui ont fait le m\u00eame entra\u00eenement. Ces donn\u00e9es seront extraites, bien s\u00fbr, de votre Powerbeats Pro 2. <\/p>\n<h2 id=\"heart-rate-data\">Donn\u00e9es de fr\u00e9quence cardiaque<\/h2>\n<p>Powerbeats Pro 2 aura \u00abplusieurs sources de donn\u00e9es de fr\u00e9quence cardiaque\u00bb, dans le but d&rsquo;am\u00e9liorer la pr\u00e9cision. Il y a \u00e9galement une mise \u00e0 jour d&rsquo;algorithme plus large \u00e0 la fois sur iOS et Android qui am\u00e9liorera les performances pour des lectures de fr\u00e9quence cardiaque plus rapides, et les utilisateurs obtiendront des alertes pour ajuster l&rsquo;ajustement de leurs bourgeons afin d&rsquo;am\u00e9liorer le suivi de la fr\u00e9quence cardiaque.<\/p>\n<p>Les battements ne semblent pas d\u00e9velopper les changements sp\u00e9cifiques de l&rsquo;algorithme, mais cela aidera peut-\u00eatre aux probl\u00e8mes que Beth a rencontr\u00e9s lors de l&rsquo;examen des \u00e9couteurs.<\/p>\n<h2 id=\"single-earbud-heart-rate-tracking\">Suivi de la fr\u00e9quence cardiaque des \u00e9couteurs simples<\/h2>\n<p>En plus de ces am\u00e9liorations, vous pourrez suivre votre fr\u00e9quence cardiaque avec un seul \u00e9couteur. Nous devrons tester cette fonctionnalit\u00e9 pour voir si elle est moins fiable que d&rsquo;utiliser deux bourgeons \u00e0 la fois.<\/p>\n<h2 id=\"step-counter\">Compteur de pas<\/h2>\n<p>Avec iOS 26, Powerbeats Pro 2 pourra suivre vos pas sans avoir besoin d&rsquo;une montre Apple ou d&rsquo;un iPhone. Je n&rsquo;ai jamais pens\u00e9 que vous pouviez totalement remplacer tous les autres dispositifs de suivi de fitness par une paire d&rsquo;\u00e9couteurs, mais cela semble \u00eatre le but de Beats ici.  <\/p>\n<h2 id=\"hands-free-gestures\">Gestes mains libres<\/h2>\n<p>Une fois que vous avez mis \u00e0 jour votre iPhone, vous pourrez utiliser des gestes mains libres pour contr\u00f4ler Siri tout en portant Powerbeats Pro 2, similaire aux commandes que vous obtenez sur certains AirPods. Cela inclut la t\u00eate pour dire oui, ou secouer la t\u00eate pour dire non lorsque Siri vous demande des appels et des messages entrants. <\/p>\n","protected":false},"excerpt":{"rendered":"<p>AirPods Pro 3 n&rsquo;est pas les seuls \u00e9couteurs de pomme de pointe. Saviez-vous que vous pouvez personnaliser Google pour filtrer les ordures? Prendre ces \u00e9tapes<\/p>\n","protected":false},"author":1,"featured_media":10033,"comment_status":"","ping_status":"","sticky":false,"template":"","format":"standard","meta":{"footnotes":""},"categories":[13],"tags":[248,166,2703,1216,21,14,1215,5568,5296,630],"class_list":["post-10032","post","type-post","status-publish","format-standard","has-post-thumbnail","hentry","category-technologie","tag-ces","tag-dans","tag-fitness","tag-fonctionnalites","tag-ios","tag-les","tag-nouvelles","tag-obtiennent","tag-powerbeats","tag-pro","generate-columns","tablet-grid-50","mobile-grid-100","grid-parent","grid-33"],"yoast_head":"<!-- This site is optimized with the Yoast SEO plugin v24.0 - https:\/\/yoast.com\/wordpress\/plugins\/seo\/ -->\n<title>Les Powerbeats Pro 2 obtiennent ces nouvelles fonctionnalit\u00e9s de fitness dans iOS 26 | Vie Associative<\/title>\n<meta name=\"robots\" content=\"index, follow, max-snippet:-1, max-image-preview:large, max-video-preview:-1\" \/>\n<link rel=\"canonical\" href=\"https:\/\/vieassociative.be\/actualites\/les-powerbeats-pro-2-obtiennent-ces-nouvelles-fonctionnalites-de-fitness-dans-ios-26\/\" \/>\n<meta property=\"og:locale\" content=\"fr_FR\" \/>\n<meta property=\"og:type\" content=\"article\" \/>\n<meta property=\"og:title\" content=\"Les Powerbeats Pro 2 obtiennent ces nouvelles fonctionnalit\u00e9s de fitness dans iOS 26 | Vie Associative\" \/>\n<meta property=\"og:description\" content=\"AirPods Pro 3 n&rsquo;est pas les seuls \u00e9couteurs de pomme de pointe. Saviez-vous que vous pouvez personnaliser Google pour filtrer les ordures? Prendre ces \u00e9tapes\" \/>\n<meta property=\"og:url\" content=\"https:\/\/vieassociative.be\/actualites\/les-powerbeats-pro-2-obtiennent-ces-nouvelles-fonctionnalites-de-fitness-dans-ios-26\/\" \/>\n<meta property=\"og:site_name\" content=\"Vie Associative\" \/>\n<meta property=\"article:published_time\" content=\"2025-09-14T13:17:21+00:00\" \/>\n<meta property=\"og:image\" content=\"https:\/\/vieassociative.be\/actualites\/wp-content\/uploads\/2025\/09\/1757726237_608_Meta-pourrait-devoiler-une-montre-intelligente-pour-controler-ses-lunettes.jpg\" \/>\n<meta name=\"author\" content=\"Julien\" \/>\n<meta name=\"twitter:card\" content=\"summary_large_image\" \/>\n<meta name=\"twitter:label1\" content=\"\u00c9crit par\" \/>\n\t<meta name=\"twitter:data1\" content=\"Julien\" \/>\n\t<meta name=\"twitter:label2\" content=\"Dur\u00e9e de lecture est.\" \/>\n\t<meta name=\"twitter:data2\" content=\"4 minutes\" \/>\n<script type=\"application\/ld+json\" class=\"yoast-schema-graph\">{\"@context\":\"https:\/\/schema.org\",\"@graph\":[{\"@type\":\"Article\",\"@id\":\"https:\/\/vieassociative.be\/actualites\/les-powerbeats-pro-2-obtiennent-ces-nouvelles-fonctionnalites-de-fitness-dans-ios-26\/#article\",\"isPartOf\":{\"@id\":\"https:\/\/vieassociative.be\/actualites\/les-powerbeats-pro-2-obtiennent-ces-nouvelles-fonctionnalites-de-fitness-dans-ios-26\/\"},\"author\":{\"name\":\"Julien\",\"@id\":\"https:\/\/vieassociative.be\/actualites\/#\/schema\/person\/b87ac4f82f9d4e7b7cec7395b679edc4\"},\"headline\":\"Les Powerbeats Pro 2 obtiennent ces nouvelles fonctionnalit\u00e9s de fitness dans iOS 26\",\"datePublished\":\"2025-09-14T13:17:21+00:00\",\"dateModified\":\"2025-09-14T13:17:21+00:00\",\"mainEntityOfPage\":{\"@id\":\"https:\/\/vieassociative.be\/actualites\/les-powerbeats-pro-2-obtiennent-ces-nouvelles-fonctionnalites-de-fitness-dans-ios-26\/\"},\"wordCount\":743,\"publisher\":{\"@id\":\"https:\/\/vieassociative.be\/actualites\/#organization\"},\"image\":{\"@id\":\"https:\/\/vieassociative.be\/actualites\/les-powerbeats-pro-2-obtiennent-ces-nouvelles-fonctionnalites-de-fitness-dans-ios-26\/#primaryimage\"},\"thumbnailUrl\":\"https:\/\/vieassociative.be\/actualites\/wp-content\/uploads\/2025\/09\/Les-Powerbeats-Pro-2-obtiennent-ces-nouvelles-fonctionnalites-de-fitness.jpg\",\"keywords\":[\"ces\",\"dans\",\"fitness\",\"fonctionnalit\u00e9s\",\"iOS\",\"Les\",\"nouvelles\",\"obtiennent\",\"Powerbeats\",\"Pro\"],\"articleSection\":[\"Technologie\"],\"inLanguage\":\"fr-BE\"},{\"@type\":\"WebPage\",\"@id\":\"https:\/\/vieassociative.be\/actualites\/les-powerbeats-pro-2-obtiennent-ces-nouvelles-fonctionnalites-de-fitness-dans-ios-26\/\",\"url\":\"https:\/\/vieassociative.be\/actualites\/les-powerbeats-pro-2-obtiennent-ces-nouvelles-fonctionnalites-de-fitness-dans-ios-26\/\",\"name\":\"Les Powerbeats Pro 2 obtiennent ces nouvelles fonctionnalit\u00e9s de fitness dans iOS 26 | Vie Associative\",\"isPartOf\":{\"@id\":\"https:\/\/vieassociative.be\/actualites\/#website\"},\"primaryImageOfPage\":{\"@id\":\"https:\/\/vieassociative.be\/actualites\/les-powerbeats-pro-2-obtiennent-ces-nouvelles-fonctionnalites-de-fitness-dans-ios-26\/#primaryimage\"},\"image\":{\"@id\":\"https:\/\/vieassociative.be\/actualites\/les-powerbeats-pro-2-obtiennent-ces-nouvelles-fonctionnalites-de-fitness-dans-ios-26\/#primaryimage\"},\"thumbnailUrl\":\"https:\/\/vieassociative.be\/actualites\/wp-content\/uploads\/2025\/09\/Les-Powerbeats-Pro-2-obtiennent-ces-nouvelles-fonctionnalites-de-fitness.jpg\",\"datePublished\":\"2025-09-14T13:17:21+00:00\",\"dateModified\":\"2025-09-14T13:17:21+00:00\",\"breadcrumb\":{\"@id\":\"https:\/\/vieassociative.be\/actualites\/les-powerbeats-pro-2-obtiennent-ces-nouvelles-fonctionnalites-de-fitness-dans-ios-26\/#breadcrumb\"},\"inLanguage\":\"fr-BE\",\"potentialAction\":[{\"@type\":\"ReadAction\",\"target\":[\"https:\/\/vieassociative.be\/actualites\/les-powerbeats-pro-2-obtiennent-ces-nouvelles-fonctionnalites-de-fitness-dans-ios-26\/\"]}]},{\"@type\":\"ImageObject\",\"inLanguage\":\"fr-BE\",\"@id\":\"https:\/\/vieassociative.be\/actualites\/les-powerbeats-pro-2-obtiennent-ces-nouvelles-fonctionnalites-de-fitness-dans-ios-26\/#primaryimage\",\"url\":\"https:\/\/vieassociative.be\/actualites\/wp-content\/uploads\/2025\/09\/Les-Powerbeats-Pro-2-obtiennent-ces-nouvelles-fonctionnalites-de-fitness.jpg\",\"contentUrl\":\"https:\/\/vieassociative.be\/actualites\/wp-content\/uploads\/2025\/09\/Les-Powerbeats-Pro-2-obtiennent-ces-nouvelles-fonctionnalites-de-fitness.jpg\",\"width\":1200,\"height\":675,\"caption\":\"Les Powerbeats Pro 2 obtiennent ces nouvelles fonctionnalit\u00e9s de fitness dans iOS 26\"},{\"@type\":\"BreadcrumbList\",\"@id\":\"https:\/\/vieassociative.be\/actualites\/les-powerbeats-pro-2-obtiennent-ces-nouvelles-fonctionnalites-de-fitness-dans-ios-26\/#breadcrumb\",\"itemListElement\":[{\"@type\":\"ListItem\",\"position\":1,\"name\":\"Accueil\",\"item\":\"https:\/\/vieassociative.be\/actualites\/\"},{\"@type\":\"ListItem\",\"position\":2,\"name\":\"Les Powerbeats Pro 2 obtiennent ces nouvelles fonctionnalit\u00e9s de fitness dans iOS 26\"}]},{\"@type\":\"WebSite\",\"@id\":\"https:\/\/vieassociative.be\/actualites\/#website\",\"url\":\"https:\/\/vieassociative.be\/actualites\/\",\"name\":\"Vie Associative\",\"description\":\"\",\"publisher\":{\"@id\":\"https:\/\/vieassociative.be\/actualites\/#organization\"},\"potentialAction\":[{\"@type\":\"SearchAction\",\"target\":{\"@type\":\"EntryPoint\",\"urlTemplate\":\"https:\/\/vieassociative.be\/actualites\/?s={search_term_string}\"},\"query-input\":{\"@type\":\"PropertyValueSpecification\",\"valueRequired\":true,\"valueName\":\"search_term_string\"}}],\"inLanguage\":\"fr-BE\"},{\"@type\":\"Organization\",\"@id\":\"https:\/\/vieassociative.be\/actualites\/#organization\",\"name\":\"Vie Associative\",\"url\":\"https:\/\/vieassociative.be\/actualites\/\",\"logo\":{\"@type\":\"ImageObject\",\"inLanguage\":\"fr-BE\",\"@id\":\"https:\/\/vieassociative.be\/actualites\/#\/schema\/logo\/image\/\",\"url\":\"https:\/\/vieassociative.be\/actualites\/wp-content\/uploads\/2024\/09\/cropped-vieassociative_favicon.ico.png\",\"contentUrl\":\"https:\/\/vieassociative.be\/actualites\/wp-content\/uploads\/2024\/09\/cropped-vieassociative_favicon.ico.png\",\"width\":512,\"height\":512,\"caption\":\"Vie Associative\"},\"image\":{\"@id\":\"https:\/\/vieassociative.be\/actualites\/#\/schema\/logo\/image\/\"}},{\"@type\":\"Person\",\"@id\":\"https:\/\/vieassociative.be\/actualites\/#\/schema\/person\/b87ac4f82f9d4e7b7cec7395b679edc4\",\"name\":\"Julien\",\"image\":{\"@type\":\"ImageObject\",\"inLanguage\":\"fr-BE\",\"@id\":\"https:\/\/vieassociative.be\/actualites\/#\/schema\/person\/image\/\",\"url\":\"https:\/\/vieassociative.be\/actualites\/wp-content\/uploads\/2024\/09\/vie-associative-1-150x150.jpg\",\"contentUrl\":\"https:\/\/vieassociative.be\/actualites\/wp-content\/uploads\/2024\/09\/vie-associative-1-150x150.jpg\",\"caption\":\"Julien\"},\"description\":\"Je suis Julien, r\u00e9dacteur pour Vie Associative. Passionn\u00e9 par le monde associatif depuis plus de 10 ans, j'ai \u00e0 c\u0153ur de partager des histoires inspirantes et de mettre en lumi\u00e8re les initiatives locales. Mon objectif est de sensibiliser et d'encourager l'engagement communautaire \u00e0 travers mes articles.\",\"sameAs\":[\"https:\/\/vieassociative.be\/\"]}]}<\/script>\n<!-- \/ Yoast SEO plugin. -->","yoast_head_json":{"title":"Les Powerbeats Pro 2 obtiennent ces nouvelles fonctionnalit\u00e9s de fitness dans iOS 26 | Vie Associative","robots":{"index":"index","follow":"follow","max-snippet":"max-snippet:-1","max-image-preview":"max-image-preview:large","max-video-preview":"max-video-preview:-1"},"canonical":"https:\/\/vieassociative.be\/actualites\/les-powerbeats-pro-2-obtiennent-ces-nouvelles-fonctionnalites-de-fitness-dans-ios-26\/","og_locale":"fr_FR","og_type":"article","og_title":"Les Powerbeats Pro 2 obtiennent ces nouvelles fonctionnalit\u00e9s de fitness dans iOS 26 | Vie Associative","og_description":"AirPods Pro 3 n&rsquo;est pas les seuls \u00e9couteurs de pomme de pointe. Saviez-vous que vous pouvez personnaliser Google pour filtrer les ordures? Prendre ces \u00e9tapes","og_url":"https:\/\/vieassociative.be\/actualites\/les-powerbeats-pro-2-obtiennent-ces-nouvelles-fonctionnalites-de-fitness-dans-ios-26\/","og_site_name":"Vie Associative","article_published_time":"2025-09-14T13:17:21+00:00","og_image":[{"url":"https:\/\/vieassociative.be\/actualites\/wp-content\/uploads\/2025\/09\/1757726237_608_Meta-pourrait-devoiler-une-montre-intelligente-pour-controler-ses-lunettes.jpg","type":"","width":"","height":""}],"author":"Julien","twitter_card":"summary_large_image","twitter_misc":{"\u00c9crit par":"Julien","Dur\u00e9e de lecture est.":"4 minutes"},"schema":{"@context":"https:\/\/schema.org","@graph":[{"@type":"Article","@id":"https:\/\/vieassociative.be\/actualites\/les-powerbeats-pro-2-obtiennent-ces-nouvelles-fonctionnalites-de-fitness-dans-ios-26\/#article","isPartOf":{"@id":"https:\/\/vieassociative.be\/actualites\/les-powerbeats-pro-2-obtiennent-ces-nouvelles-fonctionnalites-de-fitness-dans-ios-26\/"},"author":{"name":"Julien","@id":"https:\/\/vieassociative.be\/actualites\/#\/schema\/person\/b87ac4f82f9d4e7b7cec7395b679edc4"},"headline":"Les Powerbeats Pro 2 obtiennent ces nouvelles fonctionnalit\u00e9s de fitness dans iOS 26","datePublished":"2025-09-14T13:17:21+00:00","dateModified":"2025-09-14T13:17:21+00:00","mainEntityOfPage":{"@id":"https:\/\/vieassociative.be\/actualites\/les-powerbeats-pro-2-obtiennent-ces-nouvelles-fonctionnalites-de-fitness-dans-ios-26\/"},"wordCount":743,"publisher":{"@id":"https:\/\/vieassociative.be\/actualites\/#organization"},"image":{"@id":"https:\/\/vieassociative.be\/actualites\/les-powerbeats-pro-2-obtiennent-ces-nouvelles-fonctionnalites-de-fitness-dans-ios-26\/#primaryimage"},"thumbnailUrl":"https:\/\/vieassociative.be\/actualites\/wp-content\/uploads\/2025\/09\/Les-Powerbeats-Pro-2-obtiennent-ces-nouvelles-fonctionnalites-de-fitness.jpg","keywords":["ces","dans","fitness","fonctionnalit\u00e9s","iOS","Les","nouvelles","obtiennent","Powerbeats","Pro"],"articleSection":["Technologie"],"inLanguage":"fr-BE"},{"@type":"WebPage","@id":"https:\/\/vieassociative.be\/actualites\/les-powerbeats-pro-2-obtiennent-ces-nouvelles-fonctionnalites-de-fitness-dans-ios-26\/","url":"https:\/\/vieassociative.be\/actualites\/les-powerbeats-pro-2-obtiennent-ces-nouvelles-fonctionnalites-de-fitness-dans-ios-26\/","name":"Les Powerbeats Pro 2 obtiennent ces nouvelles fonctionnalit\u00e9s de fitness dans iOS 26 | Vie Associative","isPartOf":{"@id":"https:\/\/vieassociative.be\/actualites\/#website"},"primaryImageOfPage":{"@id":"https:\/\/vieassociative.be\/actualites\/les-powerbeats-pro-2-obtiennent-ces-nouvelles-fonctionnalites-de-fitness-dans-ios-26\/#primaryimage"},"image":{"@id":"https:\/\/vieassociative.be\/actualites\/les-powerbeats-pro-2-obtiennent-ces-nouvelles-fonctionnalites-de-fitness-dans-ios-26\/#primaryimage"},"thumbnailUrl":"https:\/\/vieassociative.be\/actualites\/wp-content\/uploads\/2025\/09\/Les-Powerbeats-Pro-2-obtiennent-ces-nouvelles-fonctionnalites-de-fitness.jpg","datePublished":"2025-09-14T13:17:21+00:00","dateModified":"2025-09-14T13:17:21+00:00","breadcrumb":{"@id":"https:\/\/vieassociative.be\/actualites\/les-powerbeats-pro-2-obtiennent-ces-nouvelles-fonctionnalites-de-fitness-dans-ios-26\/#breadcrumb"},"inLanguage":"fr-BE","potentialAction":[{"@type":"ReadAction","target":["https:\/\/vieassociative.be\/actualites\/les-powerbeats-pro-2-obtiennent-ces-nouvelles-fonctionnalites-de-fitness-dans-ios-26\/"]}]},{"@type":"ImageObject","inLanguage":"fr-BE","@id":"https:\/\/vieassociative.be\/actualites\/les-powerbeats-pro-2-obtiennent-ces-nouvelles-fonctionnalites-de-fitness-dans-ios-26\/#primaryimage","url":"https:\/\/vieassociative.be\/actualites\/wp-content\/uploads\/2025\/09\/Les-Powerbeats-Pro-2-obtiennent-ces-nouvelles-fonctionnalites-de-fitness.jpg","contentUrl":"https:\/\/vieassociative.be\/actualites\/wp-content\/uploads\/2025\/09\/Les-Powerbeats-Pro-2-obtiennent-ces-nouvelles-fonctionnalites-de-fitness.jpg","width":1200,"height":675,"caption":"Les Powerbeats Pro 2 obtiennent ces nouvelles fonctionnalit\u00e9s de fitness dans iOS 26"},{"@type":"BreadcrumbList","@id":"https:\/\/vieassociative.be\/actualites\/les-powerbeats-pro-2-obtiennent-ces-nouvelles-fonctionnalites-de-fitness-dans-ios-26\/#breadcrumb","itemListElement":[{"@type":"ListItem","position":1,"name":"Accueil","item":"https:\/\/vieassociative.be\/actualites\/"},{"@type":"ListItem","position":2,"name":"Les Powerbeats Pro 2 obtiennent ces nouvelles fonctionnalit\u00e9s de fitness dans iOS 26"}]},{"@type":"WebSite","@id":"https:\/\/vieassociative.be\/actualites\/#website","url":"https:\/\/vieassociative.be\/actualites\/","name":"Vie Associative","description":"","publisher":{"@id":"https:\/\/vieassociative.be\/actualites\/#organization"},"potentialAction":[{"@type":"SearchAction","target":{"@type":"EntryPoint","urlTemplate":"https:\/\/vieassociative.be\/actualites\/?s={search_term_string}"},"query-input":{"@type":"PropertyValueSpecification","valueRequired":true,"valueName":"search_term_string"}}],"inLanguage":"fr-BE"},{"@type":"Organization","@id":"https:\/\/vieassociative.be\/actualites\/#organization","name":"Vie Associative","url":"https:\/\/vieassociative.be\/actualites\/","logo":{"@type":"ImageObject","inLanguage":"fr-BE","@id":"https:\/\/vieassociative.be\/actualites\/#\/schema\/logo\/image\/","url":"https:\/\/vieassociative.be\/actualites\/wp-content\/uploads\/2024\/09\/cropped-vieassociative_favicon.ico.png","contentUrl":"https:\/\/vieassociative.be\/actualites\/wp-content\/uploads\/2024\/09\/cropped-vieassociative_favicon.ico.png","width":512,"height":512,"caption":"Vie Associative"},"image":{"@id":"https:\/\/vieassociative.be\/actualites\/#\/schema\/logo\/image\/"}},{"@type":"Person","@id":"https:\/\/vieassociative.be\/actualites\/#\/schema\/person\/b87ac4f82f9d4e7b7cec7395b679edc4","name":"Julien","image":{"@type":"ImageObject","inLanguage":"fr-BE","@id":"https:\/\/vieassociative.be\/actualites\/#\/schema\/person\/image\/","url":"https:\/\/vieassociative.be\/actualites\/wp-content\/uploads\/2024\/09\/vie-associative-1-150x150.jpg","contentUrl":"https:\/\/vieassociative.be\/actualites\/wp-content\/uploads\/2024\/09\/vie-associative-1-150x150.jpg","caption":"Julien"},"description":"Je suis Julien, r\u00e9dacteur pour Vie Associative. Passionn\u00e9 par le monde associatif depuis plus de 10 ans, j'ai \u00e0 c\u0153ur de partager des histoires inspirantes et de mettre en lumi\u00e8re les initiatives locales. Mon objectif est de sensibiliser et d'encourager l'engagement communautaire \u00e0 travers mes articles.","sameAs":["https:\/\/vieassociative.be\/"]}]}},"_links":{"self":[{"href":"https:\/\/vieassociative.be\/actualites\/wp-json\/wp\/v2\/posts\/10032"}],"collection":[{"href":"https:\/\/vieassociative.be\/actualites\/wp-json\/wp\/v2\/posts"}],"about":[{"href":"https:\/\/vieassociative.be\/actualites\/wp-json\/wp\/v2\/types\/post"}],"author":[{"embeddable":true,"href":"https:\/\/vieassociative.be\/actualites\/wp-json\/wp\/v2\/users\/1"}],"replies":[{"embeddable":true,"href":"https:\/\/vieassociative.be\/actualites\/wp-json\/wp\/v2\/comments?post=10032"}],"version-history":[{"count":0,"href":"https:\/\/vieassociative.be\/actualites\/wp-json\/wp\/v2\/posts\/10032\/revisions"}],"wp:featuredmedia":[{"embeddable":true,"href":"https:\/\/vieassociative.be\/actualites\/wp-json\/wp\/v2\/media\/10033"}],"wp:attachment":[{"href":"https:\/\/vieassociative.be\/actualites\/wp-json\/wp\/v2\/media?parent=10032"}],"wp:term":[{"taxonomy":"category","embeddable":true,"href":"https:\/\/vieassociative.be\/actualites\/wp-json\/wp\/v2\/categories?post=10032"},{"taxonomy":"post_tag","embeddable":true,"href":"https:\/\/vieassociative.be\/actualites\/wp-json\/wp\/v2\/tags?post=10032"}],"curies":[{"name":"wp","href":"https:\/\/api.w.org\/{rel}","templated":true}]}}