{"id":10030,"date":"2025-09-14T10:16:56","date_gmt":"2025-09-14T08:16:56","guid":{"rendered":"https:\/\/vieassociative.be\/actualites\/elections-locales-a-nrw-changement-ou-continuite-a-lhotel-de-ville-daix-un-lafd-se-cache-en-arriere-plan\/"},"modified":"2025-09-14T10:16:56","modified_gmt":"2025-09-14T08:16:56","slug":"elections-locales-a-nrw-changement-ou-continuite-a-lhotel-de-ville-daix-un-lafd-se-cache-en-arriere-plan","status":"publish","type":"post","link":"https:\/\/vieassociative.be\/actualites\/elections-locales-a-nrw-changement-ou-continuite-a-lhotel-de-ville-daix-un-lafd-se-cache-en-arriere-plan\/","title":{"rendered":"\u00c9lections locales \u00e0 NRW: changement ou continuit\u00e9 \u00e0 l&rsquo;h\u00f4tel de ville d&rsquo;Aix-un? L&rsquo;AFD se cache en arri\u00e8re-plan"},"content":{"rendered":"<p><strong>Les \u00e9lections locales parmi nos voisins de Rhin-Westphalie du Nord ce dimanche 14 septembre promet une mesure politique de l&rsquo;explosivit\u00e9 sp\u00e9ciale \u00e0 Aix-un et dans la r\u00e9gion de la ville.<\/strong><\/p>\n<p><span id=\"more-424331\"><\/span>La mairesse Sibylle Keupen (ind\u00e9pendante, soutenue par des verts) veut d\u00e9fendre son bureau dans la ville imp\u00e9riale elle-m\u00eame. Keupen, qui a emm\u00e9nag\u00e9 dans la mairie en tant que vainqueur surprise en 2020, peut s&rsquo;appuyer sur le soutien d&rsquo;un large entrep\u00f4t et est consid\u00e9r\u00e9 comme un favori. Mais la CDU veut reprendre la mairie.<\/p>\n<div id=\"attachment_339148\" class=\"wp-caption alignleft\" style=\"max-width: 200px\"><img fetchpriority=\"high\" decoding=\"async\" class=\"wp-image-339148 size-medium\" src=\"https:\/\/vieassociative.be\/actualites\/wp-content\/uploads\/2025\/09\/Elections-locales-a-NRW-changement-ou-continuite-a-lhotel-de.jpeg\" alt=\"\" width=\"200\" height=\"300\"  ><\/div>\n<p>Avec Michael Ziemons, les d\u00e9mocrates chr\u00e9tiens envoient un politicien local exp\u00e9riment\u00e9 dans la course qui a l&rsquo;exp\u00e9rience administrative et le soutien de son parti. Pour le SPD, le chef de groupe parlementaire \u00e0 long terme Michael Servos, qui veut remettre \u00e0 son parti son propre profil apr\u00e8s des ann\u00e9es de stagnation.<\/p>\n<p>Cela indique une lutte \u00e0 trois passages pour le maire \u00e0 Aix-un: Keupen, qui marque en tant que constructeur de ponts ind\u00e9pendant, mais a \u00e9galement d\u00fb critiquer certains projets; Ziemons, qui repose sur l&rsquo;unit\u00e9 conservatrice; Et des servos qui essaient de lib\u00e9rer le SPD de son existence sombre.<\/p>\n<p><strong>&#8211; L&rsquo;AFD comme facteur d&rsquo;incertitude:<\/strong> Autant que la course \u00e0 la pr\u00e9sidente ex\u00e9cutive de la mairie d\u00e9termine les gros titres &#8211; la question de la fa\u00e7on dont l&rsquo;AFD fera la force de cette \u00e9lection devient aussi excitante.<\/p>\n<p>Lors des \u00e9lections de Bundestag en 2025, le parti dans la circonscription d&rsquo;Aix-I (ville d&rsquo;Aix-un) est venu \u00e0 9,7%, dans la circonscription d&rsquo;Aix-II (r\u00e9gion de la ville sans ville), m\u00eame 19,1% des deuxi\u00e8mes votes. L&rsquo;AFD (que vous souhaitiez ou non) se soit ainsi d\u00e9velopp\u00e9 d&rsquo;une marge \u00e0 une taille politique fixe &#8211; en particulier dans les environs, o\u00f9 l&rsquo;insatisfaction \u00e0 l&rsquo;\u00e9gard du changement structurel, de la migration et des co\u00fbts de vie \u00e9lev\u00e9s est particuli\u00e8rement important. Stolberg, qui a encore du mal avec la catastrophe des inondations en 2021 avec des difficult\u00e9s similaires, telles que l&rsquo;Eupen Untertadt, est probablement l&rsquo;une des sorties \u00e9lectorales les plus int\u00e9ressantes de la r\u00e9gion d&rsquo;Aix-un.<\/p>\n<p>Dans les conseils municipaux, ces valeurs pourraient conduire \u00e0 un tremblement: les r\u00e9sultats \u00e0 deux chiffres sont suffisants pour bloquer les majorit\u00e9s ou retarder les d\u00e9cisions politiques. L&rsquo;AFD \u00e0 Aachen ne rivalise pas avec son propre candidat OB, mais en arri\u00e8re-plan, il pourrait devenir une forte opposition et un facteur perturbateur.<\/p>\n<div id=\"attachment_402463\" class=\"wp-caption alignleft\" style=\"max-width: 300px\"><img decoding=\"async\" class=\"wp-image-402463 size-medium\" src=\"https:\/\/vieassociative.be\/actualites\/wp-content\/uploads\/2025\/09\/Elections-locales-a-NRW-changement-ou-continuite-a-lhotel-de.jpg\" alt=\"\" width=\"300\" height=\"200\"><\/div>\n<p>On montrera ensuite si elle joue un r\u00f4le que l&rsquo;AFD a \u00e9t\u00e9 class\u00e9 par l&rsquo;Office f\u00e9d\u00e9ral pour la protection de la Constitution en tant que \u00ab\u00a0Extr\u00e9miste \u00e0 droite s\u00e9curis\u00e9\u00a0\u00bb.<\/p>\n<p><strong>&#8211; Sujets qui d\u00e9terminent la campagne \u00e9lectorale:<\/strong> L&rsquo;ordre du jour li\u00e9 au contenu pour la campagne \u00e9lectorale est \u00e9vident: la mise en \u0153uvre d&rsquo;un changement structurel apr\u00e8s que le lignite \u00e9limine une part, le march\u00e9 du logement tendu \u00e0 Aix-un, le trafic et les probl\u00e8mes de banlieue \u00e0 Euregio, en revanche, ainsi que la politique de migration et d&rsquo;int\u00e9gration. Les deux derniers sujets en particulier ont un \u00e9norme potentiel de conflit &#8211; et pourraient donner \u00e0 l&rsquo;AFD davantage de flottabilit\u00e9.<\/p>\n<p>La r\u00e9gion peut \u00e9galement se r\u00e9f\u00e9rer \u00e0 des exemples positifs du pass\u00e9: le financement de l&rsquo;UE a r\u00e9ussi \u00e0 d\u00e9velopper les premiers centres d&rsquo;innovation et de recherche dans le domaine de RWTH Aachen et du campus de J\u00fclich &#8211; un mod\u00e8le qui cr\u00e9e des emplois et ouvre \u00e9galement des perspectives pour de nombreux jeunes de l&rsquo;est de la Belgique.<\/p>\n<p>Pendant la construction du logement, des programmes tels que \u00ab\u00a0Aix-Nord Grows\u00a0\u00bb ou la conversion d&rsquo;anciennes zones de caserne ont \u00e9t\u00e9 d\u00e9velopp\u00e9s ces derni\u00e8res ann\u00e9es qui montrent de nouveaux trimestres qui montrent comment le d\u00e9veloppement urbain peut r\u00e9ussir de mani\u00e8re socialement compatible.<\/p>\n<p>Il y a \u00e9galement eu des progr\u00e8s dans le domaine du trafic: avec l&rsquo;expansion du r\u00e9seau de bus euregional, la r\u00e9activation du Wurmtalbahn et des projets tels que les RadaChelweg d&rsquo;Aiachen-Hachenrath, des am\u00e9liorations concr\u00e8tes pour les navetteurs ont \u00e9t\u00e9 mises en \u0153uvre.<\/p>\n<div id=\"attachment_424459\" class=\"wp-caption alignleft\" style=\"max-width: 300px\"><img decoding=\"async\" class=\"wp-image-424459 size-medium\" src=\"https:\/\/vieassociative.be\/actualites\/wp-content\/uploads\/2025\/09\/1757837816_309_Elections-locales-a-NRW-changement-ou-continuite-a-lhotel-de.jpg\" alt=\"\" width=\"300\" height=\"200\"  ><\/div>\n<p>Dans l&rsquo;int\u00e9gration, il y a des initiatives locales r\u00e9ussies, telles que des projets linguistiques et culturels dans les districts d&rsquo;Aix-Nord ou d&rsquo;Eschweiler-West, qui montrent que vivre ensemble peut fonctionner lorsque la politique et la soci\u00e9t\u00e9 civile se rassemblent. Donc les AICHENERS ont le choix!<\/p>\n<p><strong>&#8211; Plus qu&rsquo;une d\u00e9cision locale:<\/strong> Pour l&rsquo;Est de la Belgique, la vue \u00e0 travers la fronti\u00e8re en vaut la peine: Aix-un est non seulement la plus grande ville voisine, mais aussi un partenaire central de la culture, du tourisme et des affaires. Quiconque dirige la fortune y aura un impact sur l&rsquo;ensemble de l&rsquo;Euregio Maas-Rhein. Une mairie stable et des majorit\u00e9s politiques fiables sont donc importantes non seulement pour la r\u00e9gion d&rsquo;Aix-de-Chance, mais aussi pour la coop\u00e9ration crois\u00e9e.<\/p>\n<p>Les \u00e9lections locales \u00e0 Aixen 2025 deviennent une d\u00e9cision directionnelle. Keupen parvient-il \u00e0 d\u00e9fendre la mairie? La CDU peut-elle r\u00e9ussir dans le retour avec des ziemons? Ou le SPD peut-il montrer une nouvelle force avec des servos? Une chose est claire: \u00e0 la fin qui est \u00e0 l&rsquo;avant &#8211; l&rsquo;est de la Belgique est \u00e9galement influenc\u00e9e par cela. (EB)<\/p>\n<p><em><strong>Voici un aper\u00e7u des maires de la ville d&rsquo;Aix-un depuis la Fondation de la R\u00e9publique f\u00e9d\u00e9rale d&rsquo;Allemagne (1949):<\/strong><\/em><\/p>\n<ul>\n<li><em>1952-1973:<\/em> HERMANN HEUSCH (CDU) &#8211; Initialement temporairement par rapport \u00e0 1946, alors officiellement maire.<\/li>\n<li><em>1973\u20131989:<\/em> KURT MALANGR\u00c9 (CDU) &#8211; connu pour son lien \u00e9troit avec les institutions europ\u00e9ennes, plus tard \u00e9galement membre du Parlement europ\u00e9en.<\/li>\n<li><em>1989-2009:<\/em> J\u00fcrgen Linden (SPD) &#8211; particuli\u00e8rement li\u00e9 au prix Charlemagne, qu&rsquo;il a fa\u00e7onn\u00e9 pendant de nombreuses ann\u00e9es.<\/li>\n<li><em>2009-2020:<\/em> Marcel Philipp (CDU) &#8211; ax\u00e9 sur le d\u00e9veloppement urbain et les coop\u00e9rations universitaires.<\/li>\n<li><em>Depuis 2020:<\/em> Sibylle Keupen (Independent, soutenu par les Greens, SPD, Volt et autres) &#8211; la premi\u00e8re femme du bureau du maire d&rsquo;Aix-un.<\/li>\n<\/ul>\n<p><em>Avant la r\u00e9forme locale dans le Rhin-Westphalie du Nord (1994), le r\u00f4le du maire \u00e9tait plut\u00f4t repr\u00e9sentatif, tandis que l&rsquo;administration r\u00e9elle a \u00e9t\u00e9 men\u00e9e par le directeur de la ville. Ce n&rsquo;est que depuis 1999 (apr\u00e8s la duplication du double leadership en Rhin-Westphalie), le maire a \u00e9galement \u00e9t\u00e9 responsable de l&rsquo;administration et du chef politique de la ville.<\/em><\/p>\n","protected":false},"excerpt":{"rendered":"<p>Les \u00e9lections locales parmi nos voisins de Rhin-Westphalie du Nord ce dimanche 14 septembre promet une mesure politique de l&rsquo;explosivit\u00e9 sp\u00e9ciale \u00e0 Aix-un et dans<\/p>\n","protected":false},"author":1,"featured_media":10031,"comment_status":"","ping_status":"","sticky":false,"template":"","format":"standard","meta":{"footnotes":""},"categories":[298],"tags":[3146,2227,2590,8538,8315,2569,3439,6110,5093,8537,684],"class_list":["post-10030","post","type-post","status-publish","format-standard","has-post-thumbnail","hentry","category-belgique","tag-arriereplan","tag-cache","tag-changement","tag-continuite","tag-daixun","tag-elections","tag-lafd","tag-lhotel","tag-locales","tag-nrw","tag-ville","generate-columns","tablet-grid-50","mobile-grid-100","grid-parent","grid-33"],"yoast_head":"<!-- This site is optimized with the Yoast SEO plugin v24.0 - https:\/\/yoast.com\/wordpress\/plugins\/seo\/ -->\n<title>\u00c9lections locales \u00e0 NRW: changement ou continuit\u00e9 \u00e0 l&#039;h\u00f4tel de ville d&#039;Aix-un? L&#039;AFD se cache en arri\u00e8re-plan | Vie Associative<\/title>\n<meta name=\"robots\" content=\"index, follow, max-snippet:-1, max-image-preview:large, max-video-preview:-1\" \/>\n<link rel=\"canonical\" href=\"https:\/\/vieassociative.be\/actualites\/elections-locales-a-nrw-changement-ou-continuite-a-lhotel-de-ville-daix-un-lafd-se-cache-en-arriere-plan\/\" \/>\n<meta property=\"og:locale\" content=\"fr_FR\" \/>\n<meta property=\"og:type\" content=\"article\" \/>\n<meta property=\"og:title\" content=\"\u00c9lections locales \u00e0 NRW: changement ou continuit\u00e9 \u00e0 l&#039;h\u00f4tel de ville d&#039;Aix-un? L&#039;AFD se cache en arri\u00e8re-plan | Vie Associative\" \/>\n<meta property=\"og:description\" content=\"Les \u00e9lections locales parmi nos voisins de Rhin-Westphalie du Nord ce dimanche 14 septembre promet une mesure politique de l&rsquo;explosivit\u00e9 sp\u00e9ciale \u00e0 Aix-un et dans\" \/>\n<meta property=\"og:url\" content=\"https:\/\/vieassociative.be\/actualites\/elections-locales-a-nrw-changement-ou-continuite-a-lhotel-de-ville-daix-un-lafd-se-cache-en-arriere-plan\/\" \/>\n<meta property=\"og:site_name\" content=\"Vie Associative\" \/>\n<meta property=\"article:published_time\" content=\"2025-09-14T08:16:56+00:00\" \/>\n<meta property=\"og:image\" content=\"https:\/\/vieassociative.be\/actualites\/wp-content\/uploads\/2024\/09\/header_backgroundk-01-e1726694325946.png\" \/>\n\t<meta property=\"og:image:width\" content=\"279\" \/>\n\t<meta property=\"og:image:height\" content=\"92\" \/>\n\t<meta property=\"og:image:type\" content=\"image\/png\" \/>\n<meta name=\"author\" content=\"Julien\" \/>\n<meta name=\"twitter:card\" content=\"summary_large_image\" \/>\n<meta name=\"twitter:label1\" content=\"\u00c9crit par\" \/>\n\t<meta name=\"twitter:data1\" content=\"Julien\" \/>\n\t<meta name=\"twitter:label2\" content=\"Dur\u00e9e de lecture est.\" \/>\n\t<meta name=\"twitter:data2\" content=\"5 minutes\" \/>\n<script type=\"application\/ld+json\" class=\"yoast-schema-graph\">{\"@context\":\"https:\/\/schema.org\",\"@graph\":[{\"@type\":\"Article\",\"@id\":\"https:\/\/vieassociative.be\/actualites\/elections-locales-a-nrw-changement-ou-continuite-a-lhotel-de-ville-daix-un-lafd-se-cache-en-arriere-plan\/#article\",\"isPartOf\":{\"@id\":\"https:\/\/vieassociative.be\/actualites\/elections-locales-a-nrw-changement-ou-continuite-a-lhotel-de-ville-daix-un-lafd-se-cache-en-arriere-plan\/\"},\"author\":{\"name\":\"Julien\",\"@id\":\"https:\/\/vieassociative.be\/actualites\/#\/schema\/person\/b87ac4f82f9d4e7b7cec7395b679edc4\"},\"headline\":\"\u00c9lections locales \u00e0 NRW: changement ou continuit\u00e9 \u00e0 l&rsquo;h\u00f4tel de ville d&rsquo;Aix-un? L&rsquo;AFD se cache en arri\u00e8re-plan\",\"datePublished\":\"2025-09-14T08:16:56+00:00\",\"dateModified\":\"2025-09-14T08:16:56+00:00\",\"mainEntityOfPage\":{\"@id\":\"https:\/\/vieassociative.be\/actualites\/elections-locales-a-nrw-changement-ou-continuite-a-lhotel-de-ville-daix-un-lafd-se-cache-en-arriere-plan\/\"},\"wordCount\":1104,\"publisher\":{\"@id\":\"https:\/\/vieassociative.be\/actualites\/#organization\"},\"image\":{\"@id\":\"https:\/\/vieassociative.be\/actualites\/elections-locales-a-nrw-changement-ou-continuite-a-lhotel-de-ville-daix-un-lafd-se-cache-en-arriere-plan\/#primaryimage\"},\"thumbnailUrl\":\"https:\/\/vieassociative.be\/actualites\/wp-content\/uploads\/2025\/09\/1757837817_Elections-locales-a-NRW-changement-ou-continuite-a-lhotel-de.jpg\",\"keywords\":[\"arri\u00e8replan\",\"cach\u00e9\",\"Changement\",\"continuit\u00e9\",\"dAixun\",\"\u00e9lections\",\"lAfD\",\"lh\u00f4tel\",\"locales\",\"NRW\",\"ville\"],\"articleSection\":[\"Belgique\"],\"inLanguage\":\"fr-BE\"},{\"@type\":\"WebPage\",\"@id\":\"https:\/\/vieassociative.be\/actualites\/elections-locales-a-nrw-changement-ou-continuite-a-lhotel-de-ville-daix-un-lafd-se-cache-en-arriere-plan\/\",\"url\":\"https:\/\/vieassociative.be\/actualites\/elections-locales-a-nrw-changement-ou-continuite-a-lhotel-de-ville-daix-un-lafd-se-cache-en-arriere-plan\/\",\"name\":\"\u00c9lections locales \u00e0 NRW: changement ou continuit\u00e9 \u00e0 l'h\u00f4tel de ville d'Aix-un? L'AFD se cache en arri\u00e8re-plan | Vie Associative\",\"isPartOf\":{\"@id\":\"https:\/\/vieassociative.be\/actualites\/#website\"},\"primaryImageOfPage\":{\"@id\":\"https:\/\/vieassociative.be\/actualites\/elections-locales-a-nrw-changement-ou-continuite-a-lhotel-de-ville-daix-un-lafd-se-cache-en-arriere-plan\/#primaryimage\"},\"image\":{\"@id\":\"https:\/\/vieassociative.be\/actualites\/elections-locales-a-nrw-changement-ou-continuite-a-lhotel-de-ville-daix-un-lafd-se-cache-en-arriere-plan\/#primaryimage\"},\"thumbnailUrl\":\"https:\/\/vieassociative.be\/actualites\/wp-content\/uploads\/2025\/09\/1757837817_Elections-locales-a-NRW-changement-ou-continuite-a-lhotel-de.jpg\",\"datePublished\":\"2025-09-14T08:16:56+00:00\",\"dateModified\":\"2025-09-14T08:16:56+00:00\",\"breadcrumb\":{\"@id\":\"https:\/\/vieassociative.be\/actualites\/elections-locales-a-nrw-changement-ou-continuite-a-lhotel-de-ville-daix-un-lafd-se-cache-en-arriere-plan\/#breadcrumb\"},\"inLanguage\":\"fr-BE\",\"potentialAction\":[{\"@type\":\"ReadAction\",\"target\":[\"https:\/\/vieassociative.be\/actualites\/elections-locales-a-nrw-changement-ou-continuite-a-lhotel-de-ville-daix-un-lafd-se-cache-en-arriere-plan\/\"]}]},{\"@type\":\"ImageObject\",\"inLanguage\":\"fr-BE\",\"@id\":\"https:\/\/vieassociative.be\/actualites\/elections-locales-a-nrw-changement-ou-continuite-a-lhotel-de-ville-daix-un-lafd-se-cache-en-arriere-plan\/#primaryimage\",\"url\":\"https:\/\/vieassociative.be\/actualites\/wp-content\/uploads\/2025\/09\/1757837817_Elections-locales-a-NRW-changement-ou-continuite-a-lhotel-de.jpg\",\"contentUrl\":\"https:\/\/vieassociative.be\/actualites\/wp-content\/uploads\/2025\/09\/1757837817_Elections-locales-a-NRW-changement-ou-continuite-a-lhotel-de.jpg\",\"width\":1200,\"height\":800,\"caption\":\"\u00c9lections locales \u00e0 NRW: changement ou continuit\u00e9 \u00e0 l'h\u00f4tel de ville d'Aix-un? L'AFD se cache en arri\u00e8re-plan\"},{\"@type\":\"BreadcrumbList\",\"@id\":\"https:\/\/vieassociative.be\/actualites\/elections-locales-a-nrw-changement-ou-continuite-a-lhotel-de-ville-daix-un-lafd-se-cache-en-arriere-plan\/#breadcrumb\",\"itemListElement\":[{\"@type\":\"ListItem\",\"position\":1,\"name\":\"Accueil\",\"item\":\"https:\/\/vieassociative.be\/actualites\/\"},{\"@type\":\"ListItem\",\"position\":2,\"name\":\"\u00c9lections locales \u00e0 NRW: changement ou continuit\u00e9 \u00e0 l&rsquo;h\u00f4tel de ville d&rsquo;Aix-un? L&rsquo;AFD se cache en arri\u00e8re-plan\"}]},{\"@type\":\"WebSite\",\"@id\":\"https:\/\/vieassociative.be\/actualites\/#website\",\"url\":\"https:\/\/vieassociative.be\/actualites\/\",\"name\":\"Vie Associative\",\"description\":\"\",\"publisher\":{\"@id\":\"https:\/\/vieassociative.be\/actualites\/#organization\"},\"potentialAction\":[{\"@type\":\"SearchAction\",\"target\":{\"@type\":\"EntryPoint\",\"urlTemplate\":\"https:\/\/vieassociative.be\/actualites\/?s={search_term_string}\"},\"query-input\":{\"@type\":\"PropertyValueSpecification\",\"valueRequired\":true,\"valueName\":\"search_term_string\"}}],\"inLanguage\":\"fr-BE\"},{\"@type\":\"Organization\",\"@id\":\"https:\/\/vieassociative.be\/actualites\/#organization\",\"name\":\"Vie Associative\",\"url\":\"https:\/\/vieassociative.be\/actualites\/\",\"logo\":{\"@type\":\"ImageObject\",\"inLanguage\":\"fr-BE\",\"@id\":\"https:\/\/vieassociative.be\/actualites\/#\/schema\/logo\/image\/\",\"url\":\"https:\/\/vieassociative.be\/actualites\/wp-content\/uploads\/2024\/09\/cropped-vieassociative_favicon.ico.png\",\"contentUrl\":\"https:\/\/vieassociative.be\/actualites\/wp-content\/uploads\/2024\/09\/cropped-vieassociative_favicon.ico.png\",\"width\":512,\"height\":512,\"caption\":\"Vie Associative\"},\"image\":{\"@id\":\"https:\/\/vieassociative.be\/actualites\/#\/schema\/logo\/image\/\"}},{\"@type\":\"Person\",\"@id\":\"https:\/\/vieassociative.be\/actualites\/#\/schema\/person\/b87ac4f82f9d4e7b7cec7395b679edc4\",\"name\":\"Julien\",\"image\":{\"@type\":\"ImageObject\",\"inLanguage\":\"fr-BE\",\"@id\":\"https:\/\/vieassociative.be\/actualites\/#\/schema\/person\/image\/\",\"url\":\"https:\/\/vieassociative.be\/actualites\/wp-content\/uploads\/2024\/09\/vie-associative-1-150x150.jpg\",\"contentUrl\":\"https:\/\/vieassociative.be\/actualites\/wp-content\/uploads\/2024\/09\/vie-associative-1-150x150.jpg\",\"caption\":\"Julien\"},\"description\":\"Je suis Julien, r\u00e9dacteur pour Vie Associative. Passionn\u00e9 par le monde associatif depuis plus de 10 ans, j'ai \u00e0 c\u0153ur de partager des histoires inspirantes et de mettre en lumi\u00e8re les initiatives locales. Mon objectif est de sensibiliser et d'encourager l'engagement communautaire \u00e0 travers mes articles.\",\"sameAs\":[\"https:\/\/vieassociative.be\/\"]}]}<\/script>\n<!-- \/ Yoast SEO plugin. -->","yoast_head_json":{"title":"\u00c9lections locales \u00e0 NRW: changement ou continuit\u00e9 \u00e0 l'h\u00f4tel de ville d'Aix-un? L'AFD se cache en arri\u00e8re-plan | Vie Associative","robots":{"index":"index","follow":"follow","max-snippet":"max-snippet:-1","max-image-preview":"max-image-preview:large","max-video-preview":"max-video-preview:-1"},"canonical":"https:\/\/vieassociative.be\/actualites\/elections-locales-a-nrw-changement-ou-continuite-a-lhotel-de-ville-daix-un-lafd-se-cache-en-arriere-plan\/","og_locale":"fr_FR","og_type":"article","og_title":"\u00c9lections locales \u00e0 NRW: changement ou continuit\u00e9 \u00e0 l'h\u00f4tel de ville d'Aix-un? L'AFD se cache en arri\u00e8re-plan | Vie Associative","og_description":"Les \u00e9lections locales parmi nos voisins de Rhin-Westphalie du Nord ce dimanche 14 septembre promet une mesure politique de l&rsquo;explosivit\u00e9 sp\u00e9ciale \u00e0 Aix-un et dans","og_url":"https:\/\/vieassociative.be\/actualites\/elections-locales-a-nrw-changement-ou-continuite-a-lhotel-de-ville-daix-un-lafd-se-cache-en-arriere-plan\/","og_site_name":"Vie Associative","article_published_time":"2025-09-14T08:16:56+00:00","og_image":[{"width":279,"height":92,"url":"https:\/\/vieassociative.be\/actualites\/wp-content\/uploads\/2024\/09\/header_backgroundk-01-e1726694325946.png","type":"image\/png"}],"author":"Julien","twitter_card":"summary_large_image","twitter_misc":{"\u00c9crit par":"Julien","Dur\u00e9e de lecture est.":"5 minutes"},"schema":{"@context":"https:\/\/schema.org","@graph":[{"@type":"Article","@id":"https:\/\/vieassociative.be\/actualites\/elections-locales-a-nrw-changement-ou-continuite-a-lhotel-de-ville-daix-un-lafd-se-cache-en-arriere-plan\/#article","isPartOf":{"@id":"https:\/\/vieassociative.be\/actualites\/elections-locales-a-nrw-changement-ou-continuite-a-lhotel-de-ville-daix-un-lafd-se-cache-en-arriere-plan\/"},"author":{"name":"Julien","@id":"https:\/\/vieassociative.be\/actualites\/#\/schema\/person\/b87ac4f82f9d4e7b7cec7395b679edc4"},"headline":"\u00c9lections locales \u00e0 NRW: changement ou continuit\u00e9 \u00e0 l&rsquo;h\u00f4tel de ville d&rsquo;Aix-un? L&rsquo;AFD se cache en arri\u00e8re-plan","datePublished":"2025-09-14T08:16:56+00:00","dateModified":"2025-09-14T08:16:56+00:00","mainEntityOfPage":{"@id":"https:\/\/vieassociative.be\/actualites\/elections-locales-a-nrw-changement-ou-continuite-a-lhotel-de-ville-daix-un-lafd-se-cache-en-arriere-plan\/"},"wordCount":1104,"publisher":{"@id":"https:\/\/vieassociative.be\/actualites\/#organization"},"image":{"@id":"https:\/\/vieassociative.be\/actualites\/elections-locales-a-nrw-changement-ou-continuite-a-lhotel-de-ville-daix-un-lafd-se-cache-en-arriere-plan\/#primaryimage"},"thumbnailUrl":"https:\/\/vieassociative.be\/actualites\/wp-content\/uploads\/2025\/09\/1757837817_Elections-locales-a-NRW-changement-ou-continuite-a-lhotel-de.jpg","keywords":["arri\u00e8replan","cach\u00e9","Changement","continuit\u00e9","dAixun","\u00e9lections","lAfD","lh\u00f4tel","locales","NRW","ville"],"articleSection":["Belgique"],"inLanguage":"fr-BE"},{"@type":"WebPage","@id":"https:\/\/vieassociative.be\/actualites\/elections-locales-a-nrw-changement-ou-continuite-a-lhotel-de-ville-daix-un-lafd-se-cache-en-arriere-plan\/","url":"https:\/\/vieassociative.be\/actualites\/elections-locales-a-nrw-changement-ou-continuite-a-lhotel-de-ville-daix-un-lafd-se-cache-en-arriere-plan\/","name":"\u00c9lections locales \u00e0 NRW: changement ou continuit\u00e9 \u00e0 l'h\u00f4tel de ville d'Aix-un? L'AFD se cache en arri\u00e8re-plan | Vie Associative","isPartOf":{"@id":"https:\/\/vieassociative.be\/actualites\/#website"},"primaryImageOfPage":{"@id":"https:\/\/vieassociative.be\/actualites\/elections-locales-a-nrw-changement-ou-continuite-a-lhotel-de-ville-daix-un-lafd-se-cache-en-arriere-plan\/#primaryimage"},"image":{"@id":"https:\/\/vieassociative.be\/actualites\/elections-locales-a-nrw-changement-ou-continuite-a-lhotel-de-ville-daix-un-lafd-se-cache-en-arriere-plan\/#primaryimage"},"thumbnailUrl":"https:\/\/vieassociative.be\/actualites\/wp-content\/uploads\/2025\/09\/1757837817_Elections-locales-a-NRW-changement-ou-continuite-a-lhotel-de.jpg","datePublished":"2025-09-14T08:16:56+00:00","dateModified":"2025-09-14T08:16:56+00:00","breadcrumb":{"@id":"https:\/\/vieassociative.be\/actualites\/elections-locales-a-nrw-changement-ou-continuite-a-lhotel-de-ville-daix-un-lafd-se-cache-en-arriere-plan\/#breadcrumb"},"inLanguage":"fr-BE","potentialAction":[{"@type":"ReadAction","target":["https:\/\/vieassociative.be\/actualites\/elections-locales-a-nrw-changement-ou-continuite-a-lhotel-de-ville-daix-un-lafd-se-cache-en-arriere-plan\/"]}]},{"@type":"ImageObject","inLanguage":"fr-BE","@id":"https:\/\/vieassociative.be\/actualites\/elections-locales-a-nrw-changement-ou-continuite-a-lhotel-de-ville-daix-un-lafd-se-cache-en-arriere-plan\/#primaryimage","url":"https:\/\/vieassociative.be\/actualites\/wp-content\/uploads\/2025\/09\/1757837817_Elections-locales-a-NRW-changement-ou-continuite-a-lhotel-de.jpg","contentUrl":"https:\/\/vieassociative.be\/actualites\/wp-content\/uploads\/2025\/09\/1757837817_Elections-locales-a-NRW-changement-ou-continuite-a-lhotel-de.jpg","width":1200,"height":800,"caption":"\u00c9lections locales \u00e0 NRW: changement ou continuit\u00e9 \u00e0 l'h\u00f4tel de ville d'Aix-un? L'AFD se cache en arri\u00e8re-plan"},{"@type":"BreadcrumbList","@id":"https:\/\/vieassociative.be\/actualites\/elections-locales-a-nrw-changement-ou-continuite-a-lhotel-de-ville-daix-un-lafd-se-cache-en-arriere-plan\/#breadcrumb","itemListElement":[{"@type":"ListItem","position":1,"name":"Accueil","item":"https:\/\/vieassociative.be\/actualites\/"},{"@type":"ListItem","position":2,"name":"\u00c9lections locales \u00e0 NRW: changement ou continuit\u00e9 \u00e0 l&rsquo;h\u00f4tel de ville d&rsquo;Aix-un? L&rsquo;AFD se cache en arri\u00e8re-plan"}]},{"@type":"WebSite","@id":"https:\/\/vieassociative.be\/actualites\/#website","url":"https:\/\/vieassociative.be\/actualites\/","name":"Vie Associative","description":"","publisher":{"@id":"https:\/\/vieassociative.be\/actualites\/#organization"},"potentialAction":[{"@type":"SearchAction","target":{"@type":"EntryPoint","urlTemplate":"https:\/\/vieassociative.be\/actualites\/?s={search_term_string}"},"query-input":{"@type":"PropertyValueSpecification","valueRequired":true,"valueName":"search_term_string"}}],"inLanguage":"fr-BE"},{"@type":"Organization","@id":"https:\/\/vieassociative.be\/actualites\/#organization","name":"Vie Associative","url":"https:\/\/vieassociative.be\/actualites\/","logo":{"@type":"ImageObject","inLanguage":"fr-BE","@id":"https:\/\/vieassociative.be\/actualites\/#\/schema\/logo\/image\/","url":"https:\/\/vieassociative.be\/actualites\/wp-content\/uploads\/2024\/09\/cropped-vieassociative_favicon.ico.png","contentUrl":"https:\/\/vieassociative.be\/actualites\/wp-content\/uploads\/2024\/09\/cropped-vieassociative_favicon.ico.png","width":512,"height":512,"caption":"Vie Associative"},"image":{"@id":"https:\/\/vieassociative.be\/actualites\/#\/schema\/logo\/image\/"}},{"@type":"Person","@id":"https:\/\/vieassociative.be\/actualites\/#\/schema\/person\/b87ac4f82f9d4e7b7cec7395b679edc4","name":"Julien","image":{"@type":"ImageObject","inLanguage":"fr-BE","@id":"https:\/\/vieassociative.be\/actualites\/#\/schema\/person\/image\/","url":"https:\/\/vieassociative.be\/actualites\/wp-content\/uploads\/2024\/09\/vie-associative-1-150x150.jpg","contentUrl":"https:\/\/vieassociative.be\/actualites\/wp-content\/uploads\/2024\/09\/vie-associative-1-150x150.jpg","caption":"Julien"},"description":"Je suis Julien, r\u00e9dacteur pour Vie Associative. Passionn\u00e9 par le monde associatif depuis plus de 10 ans, j'ai \u00e0 c\u0153ur de partager des histoires inspirantes et de mettre en lumi\u00e8re les initiatives locales. Mon objectif est de sensibiliser et d'encourager l'engagement communautaire \u00e0 travers mes articles.","sameAs":["https:\/\/vieassociative.be\/"]}]}},"_links":{"self":[{"href":"https:\/\/vieassociative.be\/actualites\/wp-json\/wp\/v2\/posts\/10030"}],"collection":[{"href":"https:\/\/vieassociative.be\/actualites\/wp-json\/wp\/v2\/posts"}],"about":[{"href":"https:\/\/vieassociative.be\/actualites\/wp-json\/wp\/v2\/types\/post"}],"author":[{"embeddable":true,"href":"https:\/\/vieassociative.be\/actualites\/wp-json\/wp\/v2\/users\/1"}],"replies":[{"embeddable":true,"href":"https:\/\/vieassociative.be\/actualites\/wp-json\/wp\/v2\/comments?post=10030"}],"version-history":[{"count":0,"href":"https:\/\/vieassociative.be\/actualites\/wp-json\/wp\/v2\/posts\/10030\/revisions"}],"wp:featuredmedia":[{"embeddable":true,"href":"https:\/\/vieassociative.be\/actualites\/wp-json\/wp\/v2\/media\/10031"}],"wp:attachment":[{"href":"https:\/\/vieassociative.be\/actualites\/wp-json\/wp\/v2\/media?parent=10030"}],"wp:term":[{"taxonomy":"category","embeddable":true,"href":"https:\/\/vieassociative.be\/actualites\/wp-json\/wp\/v2\/categories?post=10030"},{"taxonomy":"post_tag","embeddable":true,"href":"https:\/\/vieassociative.be\/actualites\/wp-json\/wp\/v2\/tags?post=10030"}],"curies":[{"name":"wp","href":"https:\/\/api.w.org\/{rel}","templated":true}]}}