{"id":10024,"date":"2025-09-14T04:18:20","date_gmt":"2025-09-14T02:18:20","guid":{"rendered":"https:\/\/vieassociative.be\/actualites\/ville-de-bakayoko-leipzig-gagne-a-mainz\/"},"modified":"2025-09-14T04:18:20","modified_gmt":"2025-09-14T02:18:20","slug":"ville-de-bakayoko-leipzig-gagne-a-mainz","status":"publish","type":"post","link":"https:\/\/vieassociative.be\/actualites\/ville-de-bakayoko-leipzig-gagne-a-mainz\/","title":{"rendered":"Ville de Bakayoko: Leipzig gagne \u00e0 Mainz"},"content":{"rendered":"<p><strong>Apr\u00e8s le d\u00e9part de Lois Openda (selon la Juventus) et Arthur Vermeeren (selon l&rsquo;Olympique Marseille), en plus du gardien de but de remplacement Maarten Vandevoordt, qui est en principe uniquement utilis\u00e9 dans la coupe DFB, seul le nouveau venu Johan Bakayoko est le seul repr\u00e9sentant belgien dans les Ranks de RB Leipzig. Samedi, l&rsquo;ailier de 22 ans a d\u00e9cid\u00e9 du match \u00e0 Mayin.<\/strong><\/p>\n<p><span id=\"more-424475\"><\/span>Un coup de g\u00e9nie de Bakayoko a donn\u00e9 \u00e0 RB Leipzig trois points m\u00e9rit\u00e9s \u00e0 FSV Mayin 05. Devant 32 000 spectateurs, le nouveau venu d&rsquo;\u00e9t\u00e9 a remport\u00e9 la victoire 1-0 (1: 0) pour les Saxons \u00e0 la 40e minute. Massez, en revanche, continue d&rsquo;attendre le premier succ\u00e8s apr\u00e8s le troisi\u00e8me match en Bundesliga.<\/p>\n<p>L&rsquo;attaquant, qui a r\u00e9cemment \u00e9t\u00e9 pris en compte par l&rsquo;entra\u00eeneur national de Belgique Rudi Garcia pour les matchs internationaux Uniechtenstein et contre le Kazakhstan, a tir\u00e9 l&rsquo;attaquant \u00e0 l&rsquo;\u00e9t\u00e9 du champion n\u00e9erlandais PSV en \u00e9t\u00e9 et a \u00e9t\u00e9 surpris dans le milieu de la robben-manier \u00e0 la pile. (DPA \/ CRE)<\/p>\n","protected":false},"excerpt":{"rendered":"<p>Apr\u00e8s le d\u00e9part de Lois Openda (selon la Juventus) et Arthur Vermeeren (selon l&rsquo;Olympique Marseille), en plus du gardien de but de remplacement Maarten Vandevoordt,<\/p>\n","protected":false},"author":1,"featured_media":10025,"comment_status":"","ping_status":"","sticky":false,"template":"","format":"standard","meta":{"footnotes":""},"categories":[298],"tags":[7787,2299,2823,8535,684],"class_list":["post-10024","post","type-post","status-publish","format-standard","has-post-thumbnail","hentry","category-belgique","tag-bakayoko","tag-gagne","tag-leipzig","tag-mainz","tag-ville","generate-columns","tablet-grid-50","mobile-grid-100","grid-parent","grid-33"],"yoast_head":"<!-- This site is optimized with the Yoast SEO plugin v24.0 - https:\/\/yoast.com\/wordpress\/plugins\/seo\/ -->\n<title>Ville de Bakayoko: Leipzig gagne \u00e0 Mainz | Vie Associative<\/title>\n<meta name=\"robots\" content=\"index, follow, max-snippet:-1, max-image-preview:large, max-video-preview:-1\" \/>\n<link rel=\"canonical\" href=\"https:\/\/vieassociative.be\/actualites\/ville-de-bakayoko-leipzig-gagne-a-mainz\/\" \/>\n<meta property=\"og:locale\" content=\"fr_FR\" \/>\n<meta property=\"og:type\" content=\"article\" \/>\n<meta property=\"og:title\" content=\"Ville de Bakayoko: Leipzig gagne \u00e0 Mainz | Vie Associative\" \/>\n<meta property=\"og:description\" content=\"Apr\u00e8s le d\u00e9part de Lois Openda (selon la Juventus) et Arthur Vermeeren (selon l&rsquo;Olympique Marseille), en plus du gardien de but de remplacement Maarten Vandevoordt,\" \/>\n<meta property=\"og:url\" content=\"https:\/\/vieassociative.be\/actualites\/ville-de-bakayoko-leipzig-gagne-a-mainz\/\" \/>\n<meta property=\"og:site_name\" content=\"Vie Associative\" \/>\n<meta property=\"article:published_time\" content=\"2025-09-14T02:18:20+00:00\" \/>\n<meta property=\"og:image\" content=\"https:\/\/vieassociative.be\/actualites\/wp-content\/uploads\/2024\/09\/header_backgroundk-01-e1726694325946.png\" \/>\n\t<meta property=\"og:image:width\" content=\"279\" \/>\n\t<meta property=\"og:image:height\" content=\"92\" \/>\n\t<meta property=\"og:image:type\" content=\"image\/png\" \/>\n<meta name=\"author\" content=\"Julien\" \/>\n<meta name=\"twitter:card\" content=\"summary_large_image\" \/>\n<meta name=\"twitter:label1\" content=\"\u00c9crit par\" \/>\n\t<meta name=\"twitter:data1\" content=\"Julien\" \/>\n\t<meta name=\"twitter:label2\" content=\"Dur\u00e9e de lecture est.\" \/>\n\t<meta name=\"twitter:data2\" content=\"1 minute\" \/>\n<script type=\"application\/ld+json\" class=\"yoast-schema-graph\">{\"@context\":\"https:\/\/schema.org\",\"@graph\":[{\"@type\":\"Article\",\"@id\":\"https:\/\/vieassociative.be\/actualites\/ville-de-bakayoko-leipzig-gagne-a-mainz\/#article\",\"isPartOf\":{\"@id\":\"https:\/\/vieassociative.be\/actualites\/ville-de-bakayoko-leipzig-gagne-a-mainz\/\"},\"author\":{\"name\":\"Julien\",\"@id\":\"https:\/\/vieassociative.be\/actualites\/#\/schema\/person\/b87ac4f82f9d4e7b7cec7395b679edc4\"},\"headline\":\"Ville de Bakayoko: Leipzig gagne \u00e0 Mainz\",\"datePublished\":\"2025-09-14T02:18:20+00:00\",\"dateModified\":\"2025-09-14T02:18:20+00:00\",\"mainEntityOfPage\":{\"@id\":\"https:\/\/vieassociative.be\/actualites\/ville-de-bakayoko-leipzig-gagne-a-mainz\/\"},\"wordCount\":182,\"publisher\":{\"@id\":\"https:\/\/vieassociative.be\/actualites\/#organization\"},\"image\":{\"@id\":\"https:\/\/vieassociative.be\/actualites\/ville-de-bakayoko-leipzig-gagne-a-mainz\/#primaryimage\"},\"thumbnailUrl\":\"https:\/\/vieassociative.be\/actualites\/wp-content\/uploads\/2025\/09\/Ville-de-Bakayoko-Leipzig-gagne-a-Mainz.jpg\",\"keywords\":[\"Bakayoko\",\"gagn\u00e9\",\"Leipzig\",\"Mainz\",\"ville\"],\"articleSection\":[\"Belgique\"],\"inLanguage\":\"fr-BE\"},{\"@type\":\"WebPage\",\"@id\":\"https:\/\/vieassociative.be\/actualites\/ville-de-bakayoko-leipzig-gagne-a-mainz\/\",\"url\":\"https:\/\/vieassociative.be\/actualites\/ville-de-bakayoko-leipzig-gagne-a-mainz\/\",\"name\":\"Ville de Bakayoko: Leipzig gagne \u00e0 Mainz | Vie Associative\",\"isPartOf\":{\"@id\":\"https:\/\/vieassociative.be\/actualites\/#website\"},\"primaryImageOfPage\":{\"@id\":\"https:\/\/vieassociative.be\/actualites\/ville-de-bakayoko-leipzig-gagne-a-mainz\/#primaryimage\"},\"image\":{\"@id\":\"https:\/\/vieassociative.be\/actualites\/ville-de-bakayoko-leipzig-gagne-a-mainz\/#primaryimage\"},\"thumbnailUrl\":\"https:\/\/vieassociative.be\/actualites\/wp-content\/uploads\/2025\/09\/Ville-de-Bakayoko-Leipzig-gagne-a-Mainz.jpg\",\"datePublished\":\"2025-09-14T02:18:20+00:00\",\"dateModified\":\"2025-09-14T02:18:20+00:00\",\"breadcrumb\":{\"@id\":\"https:\/\/vieassociative.be\/actualites\/ville-de-bakayoko-leipzig-gagne-a-mainz\/#breadcrumb\"},\"inLanguage\":\"fr-BE\",\"potentialAction\":[{\"@type\":\"ReadAction\",\"target\":[\"https:\/\/vieassociative.be\/actualites\/ville-de-bakayoko-leipzig-gagne-a-mainz\/\"]}]},{\"@type\":\"ImageObject\",\"inLanguage\":\"fr-BE\",\"@id\":\"https:\/\/vieassociative.be\/actualites\/ville-de-bakayoko-leipzig-gagne-a-mainz\/#primaryimage\",\"url\":\"https:\/\/vieassociative.be\/actualites\/wp-content\/uploads\/2025\/09\/Ville-de-Bakayoko-Leipzig-gagne-a-Mainz.jpg\",\"contentUrl\":\"https:\/\/vieassociative.be\/actualites\/wp-content\/uploads\/2025\/09\/Ville-de-Bakayoko-Leipzig-gagne-a-Mainz.jpg\",\"width\":1200,\"height\":803,\"caption\":\"Ville de Bakayoko: Leipzig gagne \u00e0 Mainz\"},{\"@type\":\"BreadcrumbList\",\"@id\":\"https:\/\/vieassociative.be\/actualites\/ville-de-bakayoko-leipzig-gagne-a-mainz\/#breadcrumb\",\"itemListElement\":[{\"@type\":\"ListItem\",\"position\":1,\"name\":\"Accueil\",\"item\":\"https:\/\/vieassociative.be\/actualites\/\"},{\"@type\":\"ListItem\",\"position\":2,\"name\":\"Ville de Bakayoko: Leipzig gagne \u00e0 Mainz\"}]},{\"@type\":\"WebSite\",\"@id\":\"https:\/\/vieassociative.be\/actualites\/#website\",\"url\":\"https:\/\/vieassociative.be\/actualites\/\",\"name\":\"Vie Associative\",\"description\":\"\",\"publisher\":{\"@id\":\"https:\/\/vieassociative.be\/actualites\/#organization\"},\"potentialAction\":[{\"@type\":\"SearchAction\",\"target\":{\"@type\":\"EntryPoint\",\"urlTemplate\":\"https:\/\/vieassociative.be\/actualites\/?s={search_term_string}\"},\"query-input\":{\"@type\":\"PropertyValueSpecification\",\"valueRequired\":true,\"valueName\":\"search_term_string\"}}],\"inLanguage\":\"fr-BE\"},{\"@type\":\"Organization\",\"@id\":\"https:\/\/vieassociative.be\/actualites\/#organization\",\"name\":\"Vie Associative\",\"url\":\"https:\/\/vieassociative.be\/actualites\/\",\"logo\":{\"@type\":\"ImageObject\",\"inLanguage\":\"fr-BE\",\"@id\":\"https:\/\/vieassociative.be\/actualites\/#\/schema\/logo\/image\/\",\"url\":\"https:\/\/vieassociative.be\/actualites\/wp-content\/uploads\/2024\/09\/cropped-vieassociative_favicon.ico.png\",\"contentUrl\":\"https:\/\/vieassociative.be\/actualites\/wp-content\/uploads\/2024\/09\/cropped-vieassociative_favicon.ico.png\",\"width\":512,\"height\":512,\"caption\":\"Vie Associative\"},\"image\":{\"@id\":\"https:\/\/vieassociative.be\/actualites\/#\/schema\/logo\/image\/\"}},{\"@type\":\"Person\",\"@id\":\"https:\/\/vieassociative.be\/actualites\/#\/schema\/person\/b87ac4f82f9d4e7b7cec7395b679edc4\",\"name\":\"Julien\",\"image\":{\"@type\":\"ImageObject\",\"inLanguage\":\"fr-BE\",\"@id\":\"https:\/\/vieassociative.be\/actualites\/#\/schema\/person\/image\/\",\"url\":\"https:\/\/vieassociative.be\/actualites\/wp-content\/uploads\/2024\/09\/vie-associative-1-150x150.jpg\",\"contentUrl\":\"https:\/\/vieassociative.be\/actualites\/wp-content\/uploads\/2024\/09\/vie-associative-1-150x150.jpg\",\"caption\":\"Julien\"},\"description\":\"Je suis Julien, r\u00e9dacteur pour Vie Associative. Passionn\u00e9 par le monde associatif depuis plus de 10 ans, j'ai \u00e0 c\u0153ur de partager des histoires inspirantes et de mettre en lumi\u00e8re les initiatives locales. Mon objectif est de sensibiliser et d'encourager l'engagement communautaire \u00e0 travers mes articles.\",\"sameAs\":[\"https:\/\/vieassociative.be\/\"]}]}<\/script>\n<!-- \/ Yoast SEO plugin. -->","yoast_head_json":{"title":"Ville de Bakayoko: Leipzig gagne \u00e0 Mainz | Vie Associative","robots":{"index":"index","follow":"follow","max-snippet":"max-snippet:-1","max-image-preview":"max-image-preview:large","max-video-preview":"max-video-preview:-1"},"canonical":"https:\/\/vieassociative.be\/actualites\/ville-de-bakayoko-leipzig-gagne-a-mainz\/","og_locale":"fr_FR","og_type":"article","og_title":"Ville de Bakayoko: Leipzig gagne \u00e0 Mainz | Vie Associative","og_description":"Apr\u00e8s le d\u00e9part de Lois Openda (selon la Juventus) et Arthur Vermeeren (selon l&rsquo;Olympique Marseille), en plus du gardien de but de remplacement Maarten Vandevoordt,","og_url":"https:\/\/vieassociative.be\/actualites\/ville-de-bakayoko-leipzig-gagne-a-mainz\/","og_site_name":"Vie Associative","article_published_time":"2025-09-14T02:18:20+00:00","og_image":[{"width":279,"height":92,"url":"https:\/\/vieassociative.be\/actualites\/wp-content\/uploads\/2024\/09\/header_backgroundk-01-e1726694325946.png","type":"image\/png"}],"author":"Julien","twitter_card":"summary_large_image","twitter_misc":{"\u00c9crit par":"Julien","Dur\u00e9e de lecture est.":"1 minute"},"schema":{"@context":"https:\/\/schema.org","@graph":[{"@type":"Article","@id":"https:\/\/vieassociative.be\/actualites\/ville-de-bakayoko-leipzig-gagne-a-mainz\/#article","isPartOf":{"@id":"https:\/\/vieassociative.be\/actualites\/ville-de-bakayoko-leipzig-gagne-a-mainz\/"},"author":{"name":"Julien","@id":"https:\/\/vieassociative.be\/actualites\/#\/schema\/person\/b87ac4f82f9d4e7b7cec7395b679edc4"},"headline":"Ville de Bakayoko: Leipzig gagne \u00e0 Mainz","datePublished":"2025-09-14T02:18:20+00:00","dateModified":"2025-09-14T02:18:20+00:00","mainEntityOfPage":{"@id":"https:\/\/vieassociative.be\/actualites\/ville-de-bakayoko-leipzig-gagne-a-mainz\/"},"wordCount":182,"publisher":{"@id":"https:\/\/vieassociative.be\/actualites\/#organization"},"image":{"@id":"https:\/\/vieassociative.be\/actualites\/ville-de-bakayoko-leipzig-gagne-a-mainz\/#primaryimage"},"thumbnailUrl":"https:\/\/vieassociative.be\/actualites\/wp-content\/uploads\/2025\/09\/Ville-de-Bakayoko-Leipzig-gagne-a-Mainz.jpg","keywords":["Bakayoko","gagn\u00e9","Leipzig","Mainz","ville"],"articleSection":["Belgique"],"inLanguage":"fr-BE"},{"@type":"WebPage","@id":"https:\/\/vieassociative.be\/actualites\/ville-de-bakayoko-leipzig-gagne-a-mainz\/","url":"https:\/\/vieassociative.be\/actualites\/ville-de-bakayoko-leipzig-gagne-a-mainz\/","name":"Ville de Bakayoko: Leipzig gagne \u00e0 Mainz | Vie Associative","isPartOf":{"@id":"https:\/\/vieassociative.be\/actualites\/#website"},"primaryImageOfPage":{"@id":"https:\/\/vieassociative.be\/actualites\/ville-de-bakayoko-leipzig-gagne-a-mainz\/#primaryimage"},"image":{"@id":"https:\/\/vieassociative.be\/actualites\/ville-de-bakayoko-leipzig-gagne-a-mainz\/#primaryimage"},"thumbnailUrl":"https:\/\/vieassociative.be\/actualites\/wp-content\/uploads\/2025\/09\/Ville-de-Bakayoko-Leipzig-gagne-a-Mainz.jpg","datePublished":"2025-09-14T02:18:20+00:00","dateModified":"2025-09-14T02:18:20+00:00","breadcrumb":{"@id":"https:\/\/vieassociative.be\/actualites\/ville-de-bakayoko-leipzig-gagne-a-mainz\/#breadcrumb"},"inLanguage":"fr-BE","potentialAction":[{"@type":"ReadAction","target":["https:\/\/vieassociative.be\/actualites\/ville-de-bakayoko-leipzig-gagne-a-mainz\/"]}]},{"@type":"ImageObject","inLanguage":"fr-BE","@id":"https:\/\/vieassociative.be\/actualites\/ville-de-bakayoko-leipzig-gagne-a-mainz\/#primaryimage","url":"https:\/\/vieassociative.be\/actualites\/wp-content\/uploads\/2025\/09\/Ville-de-Bakayoko-Leipzig-gagne-a-Mainz.jpg","contentUrl":"https:\/\/vieassociative.be\/actualites\/wp-content\/uploads\/2025\/09\/Ville-de-Bakayoko-Leipzig-gagne-a-Mainz.jpg","width":1200,"height":803,"caption":"Ville de Bakayoko: Leipzig gagne \u00e0 Mainz"},{"@type":"BreadcrumbList","@id":"https:\/\/vieassociative.be\/actualites\/ville-de-bakayoko-leipzig-gagne-a-mainz\/#breadcrumb","itemListElement":[{"@type":"ListItem","position":1,"name":"Accueil","item":"https:\/\/vieassociative.be\/actualites\/"},{"@type":"ListItem","position":2,"name":"Ville de Bakayoko: Leipzig gagne \u00e0 Mainz"}]},{"@type":"WebSite","@id":"https:\/\/vieassociative.be\/actualites\/#website","url":"https:\/\/vieassociative.be\/actualites\/","name":"Vie Associative","description":"","publisher":{"@id":"https:\/\/vieassociative.be\/actualites\/#organization"},"potentialAction":[{"@type":"SearchAction","target":{"@type":"EntryPoint","urlTemplate":"https:\/\/vieassociative.be\/actualites\/?s={search_term_string}"},"query-input":{"@type":"PropertyValueSpecification","valueRequired":true,"valueName":"search_term_string"}}],"inLanguage":"fr-BE"},{"@type":"Organization","@id":"https:\/\/vieassociative.be\/actualites\/#organization","name":"Vie Associative","url":"https:\/\/vieassociative.be\/actualites\/","logo":{"@type":"ImageObject","inLanguage":"fr-BE","@id":"https:\/\/vieassociative.be\/actualites\/#\/schema\/logo\/image\/","url":"https:\/\/vieassociative.be\/actualites\/wp-content\/uploads\/2024\/09\/cropped-vieassociative_favicon.ico.png","contentUrl":"https:\/\/vieassociative.be\/actualites\/wp-content\/uploads\/2024\/09\/cropped-vieassociative_favicon.ico.png","width":512,"height":512,"caption":"Vie Associative"},"image":{"@id":"https:\/\/vieassociative.be\/actualites\/#\/schema\/logo\/image\/"}},{"@type":"Person","@id":"https:\/\/vieassociative.be\/actualites\/#\/schema\/person\/b87ac4f82f9d4e7b7cec7395b679edc4","name":"Julien","image":{"@type":"ImageObject","inLanguage":"fr-BE","@id":"https:\/\/vieassociative.be\/actualites\/#\/schema\/person\/image\/","url":"https:\/\/vieassociative.be\/actualites\/wp-content\/uploads\/2024\/09\/vie-associative-1-150x150.jpg","contentUrl":"https:\/\/vieassociative.be\/actualites\/wp-content\/uploads\/2024\/09\/vie-associative-1-150x150.jpg","caption":"Julien"},"description":"Je suis Julien, r\u00e9dacteur pour Vie Associative. Passionn\u00e9 par le monde associatif depuis plus de 10 ans, j'ai \u00e0 c\u0153ur de partager des histoires inspirantes et de mettre en lumi\u00e8re les initiatives locales. Mon objectif est de sensibiliser et d'encourager l'engagement communautaire \u00e0 travers mes articles.","sameAs":["https:\/\/vieassociative.be\/"]}]}},"_links":{"self":[{"href":"https:\/\/vieassociative.be\/actualites\/wp-json\/wp\/v2\/posts\/10024"}],"collection":[{"href":"https:\/\/vieassociative.be\/actualites\/wp-json\/wp\/v2\/posts"}],"about":[{"href":"https:\/\/vieassociative.be\/actualites\/wp-json\/wp\/v2\/types\/post"}],"author":[{"embeddable":true,"href":"https:\/\/vieassociative.be\/actualites\/wp-json\/wp\/v2\/users\/1"}],"replies":[{"embeddable":true,"href":"https:\/\/vieassociative.be\/actualites\/wp-json\/wp\/v2\/comments?post=10024"}],"version-history":[{"count":0,"href":"https:\/\/vieassociative.be\/actualites\/wp-json\/wp\/v2\/posts\/10024\/revisions"}],"wp:featuredmedia":[{"embeddable":true,"href":"https:\/\/vieassociative.be\/actualites\/wp-json\/wp\/v2\/media\/10025"}],"wp:attachment":[{"href":"https:\/\/vieassociative.be\/actualites\/wp-json\/wp\/v2\/media?parent=10024"}],"wp:term":[{"taxonomy":"category","embeddable":true,"href":"https:\/\/vieassociative.be\/actualites\/wp-json\/wp\/v2\/categories?post=10024"},{"taxonomy":"post_tag","embeddable":true,"href":"https:\/\/vieassociative.be\/actualites\/wp-json\/wp\/v2\/tags?post=10024"}],"curies":[{"name":"wp","href":"https:\/\/api.w.org\/{rel}","templated":true}]}}