{"id":10020,"date":"2025-09-13T22:17:08","date_gmt":"2025-09-13T20:17:08","guid":{"rendered":"https:\/\/vieassociative.be\/actualites\/3-0\/"},"modified":"2025-09-13T22:17:08","modified_gmt":"2025-09-13T20:17:08","slug":"3-0","status":"publish","type":"post","link":"https:\/\/vieassociative.be\/actualites\/3-0\/","title":{"rendered":"3\/0"},"content":{"rendered":"<p><strong>Le As Eupen peut \u00e9galement gagner. Le noir et blanc a battu l&rsquo;\u00e9quipe Francs Borains 3-0 samedi soir \u00e0 Boussu et s&rsquo;est donc am\u00e9lior\u00e9 \u00e0 la 5e place dans la table Challenger Pro League.<\/strong><\/p>\n<p><span id=\"more-424481\"><\/span>Alors que l&rsquo;entra\u00eeneur Bruno Pinheiro a opt\u00e9 pour ce match \u00e0 l&rsquo;ext\u00e9rieur \u00e0 Boussu pour les onze de d\u00e9part suivants: Hiller-Van Genecht, Paeshuysys, Plastun, Kennedy-M\u00f6hwald, Delaurier-Chaubet, M\u00fcller, Bar\u00e8s-Nuhu, Atteri.<\/p>\n<p>As far as the hosts of Francs Borains are concerned, we had failed to mention in the preliminary report that not only the President of the Association from the province of Hennegau is very prominent, namely the MR party chairman Georges-Louis Bouchez, but also the trainer: Igor de Camargo (9 international matches for Belgium, active, among other things, for Krc Genk, Standard Li\u00e8ge, Borussia, Borussia M\u00f6nchengladbach, Hoffenheim et KV Mechelen).<\/p>\n<div id=\"attachment_424493\" class=\"wp-caption alignleft\" style=\"max-width: 200px\"><img fetchpriority=\"high\" decoding=\"async\" class=\"wp-image-424493 size-medium\" src=\"https:\/\/vieassociative.be\/actualites\/wp-content\/uploads\/2025\/09\/30.jpg\" alt=\"\" width=\"200\" height=\"300\"  ><\/div>\n<p>Le jeu a commenc\u00e9. Eupens Atteri s&rsquo;est r\u00e9unie deux fois avec Dewaest de Francs Borains, ce qui a amen\u00e9 Ateri \u00e0 obtenir un carton jaune tr\u00e8s t\u00f4t.<\/p>\n<p>L&rsquo;\u00e9quipe Eupen avait l&rsquo;air concentr\u00e9e d\u00e8s le d\u00e9but, probablement un peu trop concentr\u00e9e dans le cas d&rsquo;Atteri. Aucune comparaison avec l&rsquo;apparition insouciante la saison derni\u00e8re au m\u00eame endroit, qui a ensuite \u00e9t\u00e9 puni d&rsquo;une d\u00e9faite 2: 3.<\/p>\n<p>\u00c0 la 19e minute, Eupen a d\u00e9j\u00e0 \u00e9t\u00e9 r\u00e9compens\u00e9 apr\u00e8s une attaque contre Nuhu, que Delaurier-Chachet a r\u00e9ussi avec le but en t\u00eate, 0: 1.<\/p>\n<p>Comme a \u00e9galement donn\u00e9 le leadership. Les Francs Borains ont augment\u00e9 la pression et voulaient \u00e9galiser d\u00e8s que possible. La d\u00e9fense des invit\u00e9s n&rsquo;a pas pu \u00eatre d\u00e9rang\u00e9e.<\/p>\n<p>Ensuite, il est all\u00e9 tr\u00e8s rapidement: \u00e0 la 34e minute, Van Genechs a pr\u00e9valu \u00e9nergiquement sur l&rsquo;aile droite, flanqu\u00e9e vers l&rsquo;int\u00e9rieur, o\u00f9 l&rsquo;Atteri, qui a encore \u00e9t\u00e9 grond\u00e9 dans les premi\u00e8res minutes, a augment\u00e9 plus rapidement que le gardien de but Pandor et \u00e0 0: 2.<\/p>\n<p>Peu de temps apr\u00e8s, Pandor a d\u00fb prendre une troisi\u00e8me fois. Apr\u00e8s une double passe remarquable et un espaceur pointu tir\u00e9 d&rsquo;Atteri, Pandor n&rsquo;a pu conjurer que le ballon, Nuhu \u00e9tait l\u00e0 et n&rsquo;a eu aucun mal \u00e0 augmenter \u00e0 0: 3.<\/p>\n<div id=\"attachment_423464\" class=\"wp-caption alignleft\" style=\"max-width: 300px\"><img decoding=\"async\" class=\"wp-image-423464 size-medium\" src=\"https:\/\/vieassociative.be\/actualites\/wp-content\/uploads\/2025\/08\/1-0-Plus-tard-frappe-par-Nuhu-le-As-Eupen.jpg\" alt=\"\" width=\"300\" height=\"200\"><\/div>\n<p>C&rsquo;\u00e9tait aussi le score \u00e0 la mi-temps. La question \u00e9tait maintenant de savoir comment Francs-Borain-Coach de Camargo r\u00e9agirait. Il fallait s&rsquo;attendre \u00e0 ce que l&rsquo;entra\u00eeneur Neu acc\u00e8de \u00e0 Massimo Bruno (anciennement Anderlecht, Salzbourg, Leipzig, Charleroi et Kortrijk) apporterait.<\/p>\n<p>Chez Francs Borains, cependant, il n&rsquo;y a pas eu de changement au d\u00e9but, mais au d\u00e9but, mais les invit\u00e9s d&rsquo;Eupen: Pinheiro ont amen\u00e9 le nouveau venu Prunier pour l&rsquo;Atteri, qui \u00e9tait fort au premier tour, qui pourrait avoir le risque de collecter un deuxi\u00e8me carton jaune et de voler sur la place au d\u00e9but de la phase pr\u00e9coce.<\/p>\n<p>Le noir et blanc a \u00e9galement v\u00e9rifi\u00e9 l&rsquo;action au deuxi\u00e8me tour. Lorsque les Francs Borains sont venus au tir, le ballon est all\u00e9 loin \u00e0 travers Hiller.<\/p>\n<p>L&rsquo;entra\u00eeneur Pinheiro a apport\u00e9 Gavory pour M\u00f6hwald \u00e0 la 63e minute. \u00c0 la 74e minute, Bitumazala est venu pour Nuhu et \u00e0 la 80e minute Caliskan pour Bar\u00e8s.<\/p>\n<p>Il n&rsquo;y en avait pas beaucoup plus non plus. Eupen est recul\u00e9 et n&rsquo;a fait que le plus n\u00e9cessaire sur l&rsquo;offensive. Les Francs Borains sont entr\u00e9s en jeu avec des retards, mais l&rsquo;ancien joueur d&rsquo;Anderlecht, Salzbourg et Leipzig ne pouvait pas faire grand-chose. <\/p>\n<p>Dans le temps suppl\u00e9mentaire, Prunier avait toujours le 4-0 sur son pied, mais a \u00e9chou\u00e9 en raison du gardien de but Pandor. Il est donc rest\u00e9 dans la victoire 3-0 des invit\u00e9s d&rsquo;Eupen, qui ont grimp\u00e9 \u00e0 la 5e place dans la table. Samedi prochain, 20 septembre, le AS recevra l&rsquo;\u00e9quipe de Patro Eisden dans le stade de Kehrweg \u00e0 domicile. (Cre)<\/p>\n","protected":false},"excerpt":{"rendered":"<p>Le As Eupen peut \u00e9galement gagner. Le noir et blanc a battu l&rsquo;\u00e9quipe Francs Borains 3-0 samedi soir \u00e0 Boussu et s&rsquo;est donc am\u00e9lior\u00e9 \u00e0<\/p>\n","protected":false},"author":1,"featured_media":10021,"comment_status":"","ping_status":"","sticky":false,"template":"","format":"standard","meta":{"footnotes":""},"categories":[298],"tags":[],"class_list":["post-10020","post","type-post","status-publish","format-standard","has-post-thumbnail","hentry","category-belgique","generate-columns","tablet-grid-50","mobile-grid-100","grid-parent","grid-33"],"yoast_head":"<!-- This site is optimized with the Yoast SEO plugin v24.0 - https:\/\/yoast.com\/wordpress\/plugins\/seo\/ -->\n<title>3\/0 | Vie Associative<\/title>\n<meta name=\"robots\" content=\"index, follow, max-snippet:-1, max-image-preview:large, max-video-preview:-1\" \/>\n<link rel=\"canonical\" href=\"https:\/\/vieassociative.be\/actualites\/3-0\/\" \/>\n<meta property=\"og:locale\" content=\"fr_FR\" \/>\n<meta property=\"og:type\" content=\"article\" \/>\n<meta property=\"og:title\" content=\"3\/0 | Vie Associative\" \/>\n<meta property=\"og:description\" content=\"Le As Eupen peut \u00e9galement gagner. Le noir et blanc a battu l&rsquo;\u00e9quipe Francs Borains 3-0 samedi soir \u00e0 Boussu et s&rsquo;est donc am\u00e9lior\u00e9 \u00e0\" \/>\n<meta property=\"og:url\" content=\"https:\/\/vieassociative.be\/actualites\/3-0\/\" \/>\n<meta property=\"og:site_name\" content=\"Vie Associative\" \/>\n<meta property=\"article:published_time\" content=\"2025-09-13T20:17:08+00:00\" \/>\n<meta property=\"og:image\" content=\"https:\/\/vieassociative.be\/actualites\/wp-content\/uploads\/2024\/09\/header_backgroundk-01-e1726694325946.png\" \/>\n\t<meta property=\"og:image:width\" content=\"279\" \/>\n\t<meta property=\"og:image:height\" content=\"92\" \/>\n\t<meta property=\"og:image:type\" content=\"image\/png\" \/>\n<meta name=\"author\" content=\"Julien\" \/>\n<meta name=\"twitter:card\" content=\"summary_large_image\" \/>\n<meta name=\"twitter:label1\" content=\"\u00c9crit par\" \/>\n\t<meta name=\"twitter:data1\" content=\"Julien\" \/>\n\t<meta name=\"twitter:label2\" content=\"Dur\u00e9e de lecture est.\" \/>\n\t<meta name=\"twitter:data2\" content=\"3 minutes\" \/>\n<script type=\"application\/ld+json\" class=\"yoast-schema-graph\">{\"@context\":\"https:\/\/schema.org\",\"@graph\":[{\"@type\":\"Article\",\"@id\":\"https:\/\/vieassociative.be\/actualites\/3-0\/#article\",\"isPartOf\":{\"@id\":\"https:\/\/vieassociative.be\/actualites\/3-0\/\"},\"author\":{\"name\":\"Julien\",\"@id\":\"https:\/\/vieassociative.be\/actualites\/#\/schema\/person\/b87ac4f82f9d4e7b7cec7395b679edc4\"},\"headline\":\"3\/0\",\"datePublished\":\"2025-09-13T20:17:08+00:00\",\"dateModified\":\"2025-09-13T20:17:08+00:00\",\"mainEntityOfPage\":{\"@id\":\"https:\/\/vieassociative.be\/actualites\/3-0\/\"},\"wordCount\":652,\"publisher\":{\"@id\":\"https:\/\/vieassociative.be\/actualites\/#organization\"},\"image\":{\"@id\":\"https:\/\/vieassociative.be\/actualites\/3-0\/#primaryimage\"},\"thumbnailUrl\":\"https:\/\/vieassociative.be\/actualites\/wp-content\/uploads\/2025\/09\/1757794630_30.jpg\",\"articleSection\":[\"Belgique\"],\"inLanguage\":\"fr-BE\"},{\"@type\":\"WebPage\",\"@id\":\"https:\/\/vieassociative.be\/actualites\/3-0\/\",\"url\":\"https:\/\/vieassociative.be\/actualites\/3-0\/\",\"name\":\"3\/0 | Vie Associative\",\"isPartOf\":{\"@id\":\"https:\/\/vieassociative.be\/actualites\/#website\"},\"primaryImageOfPage\":{\"@id\":\"https:\/\/vieassociative.be\/actualites\/3-0\/#primaryimage\"},\"image\":{\"@id\":\"https:\/\/vieassociative.be\/actualites\/3-0\/#primaryimage\"},\"thumbnailUrl\":\"https:\/\/vieassociative.be\/actualites\/wp-content\/uploads\/2025\/09\/1757794630_30.jpg\",\"datePublished\":\"2025-09-13T20:17:08+00:00\",\"dateModified\":\"2025-09-13T20:17:08+00:00\",\"breadcrumb\":{\"@id\":\"https:\/\/vieassociative.be\/actualites\/3-0\/#breadcrumb\"},\"inLanguage\":\"fr-BE\",\"potentialAction\":[{\"@type\":\"ReadAction\",\"target\":[\"https:\/\/vieassociative.be\/actualites\/3-0\/\"]}]},{\"@type\":\"ImageObject\",\"inLanguage\":\"fr-BE\",\"@id\":\"https:\/\/vieassociative.be\/actualites\/3-0\/#primaryimage\",\"url\":\"https:\/\/vieassociative.be\/actualites\/wp-content\/uploads\/2025\/09\/1757794630_30.jpg\",\"contentUrl\":\"https:\/\/vieassociative.be\/actualites\/wp-content\/uploads\/2025\/09\/1757794630_30.jpg\",\"width\":1200,\"height\":710,\"caption\":\"3\/0\"},{\"@type\":\"BreadcrumbList\",\"@id\":\"https:\/\/vieassociative.be\/actualites\/3-0\/#breadcrumb\",\"itemListElement\":[{\"@type\":\"ListItem\",\"position\":1,\"name\":\"Accueil\",\"item\":\"https:\/\/vieassociative.be\/actualites\/\"},{\"@type\":\"ListItem\",\"position\":2,\"name\":\"3\/0\"}]},{\"@type\":\"WebSite\",\"@id\":\"https:\/\/vieassociative.be\/actualites\/#website\",\"url\":\"https:\/\/vieassociative.be\/actualites\/\",\"name\":\"Vie Associative\",\"description\":\"\",\"publisher\":{\"@id\":\"https:\/\/vieassociative.be\/actualites\/#organization\"},\"potentialAction\":[{\"@type\":\"SearchAction\",\"target\":{\"@type\":\"EntryPoint\",\"urlTemplate\":\"https:\/\/vieassociative.be\/actualites\/?s={search_term_string}\"},\"query-input\":{\"@type\":\"PropertyValueSpecification\",\"valueRequired\":true,\"valueName\":\"search_term_string\"}}],\"inLanguage\":\"fr-BE\"},{\"@type\":\"Organization\",\"@id\":\"https:\/\/vieassociative.be\/actualites\/#organization\",\"name\":\"Vie Associative\",\"url\":\"https:\/\/vieassociative.be\/actualites\/\",\"logo\":{\"@type\":\"ImageObject\",\"inLanguage\":\"fr-BE\",\"@id\":\"https:\/\/vieassociative.be\/actualites\/#\/schema\/logo\/image\/\",\"url\":\"https:\/\/vieassociative.be\/actualites\/wp-content\/uploads\/2024\/09\/cropped-vieassociative_favicon.ico.png\",\"contentUrl\":\"https:\/\/vieassociative.be\/actualites\/wp-content\/uploads\/2024\/09\/cropped-vieassociative_favicon.ico.png\",\"width\":512,\"height\":512,\"caption\":\"Vie Associative\"},\"image\":{\"@id\":\"https:\/\/vieassociative.be\/actualites\/#\/schema\/logo\/image\/\"}},{\"@type\":\"Person\",\"@id\":\"https:\/\/vieassociative.be\/actualites\/#\/schema\/person\/b87ac4f82f9d4e7b7cec7395b679edc4\",\"name\":\"Julien\",\"image\":{\"@type\":\"ImageObject\",\"inLanguage\":\"fr-BE\",\"@id\":\"https:\/\/vieassociative.be\/actualites\/#\/schema\/person\/image\/\",\"url\":\"https:\/\/vieassociative.be\/actualites\/wp-content\/uploads\/2024\/09\/vie-associative-1-150x150.jpg\",\"contentUrl\":\"https:\/\/vieassociative.be\/actualites\/wp-content\/uploads\/2024\/09\/vie-associative-1-150x150.jpg\",\"caption\":\"Julien\"},\"description\":\"Je suis Julien, r\u00e9dacteur pour Vie Associative. Passionn\u00e9 par le monde associatif depuis plus de 10 ans, j'ai \u00e0 c\u0153ur de partager des histoires inspirantes et de mettre en lumi\u00e8re les initiatives locales. Mon objectif est de sensibiliser et d'encourager l'engagement communautaire \u00e0 travers mes articles.\",\"sameAs\":[\"https:\/\/vieassociative.be\/\"]}]}<\/script>\n<!-- \/ Yoast SEO plugin. -->","yoast_head_json":{"title":"3\/0 | Vie Associative","robots":{"index":"index","follow":"follow","max-snippet":"max-snippet:-1","max-image-preview":"max-image-preview:large","max-video-preview":"max-video-preview:-1"},"canonical":"https:\/\/vieassociative.be\/actualites\/3-0\/","og_locale":"fr_FR","og_type":"article","og_title":"3\/0 | Vie Associative","og_description":"Le As Eupen peut \u00e9galement gagner. Le noir et blanc a battu l&rsquo;\u00e9quipe Francs Borains 3-0 samedi soir \u00e0 Boussu et s&rsquo;est donc am\u00e9lior\u00e9 \u00e0","og_url":"https:\/\/vieassociative.be\/actualites\/3-0\/","og_site_name":"Vie Associative","article_published_time":"2025-09-13T20:17:08+00:00","og_image":[{"width":279,"height":92,"url":"https:\/\/vieassociative.be\/actualites\/wp-content\/uploads\/2024\/09\/header_backgroundk-01-e1726694325946.png","type":"image\/png"}],"author":"Julien","twitter_card":"summary_large_image","twitter_misc":{"\u00c9crit par":"Julien","Dur\u00e9e de lecture est.":"3 minutes"},"schema":{"@context":"https:\/\/schema.org","@graph":[{"@type":"Article","@id":"https:\/\/vieassociative.be\/actualites\/3-0\/#article","isPartOf":{"@id":"https:\/\/vieassociative.be\/actualites\/3-0\/"},"author":{"name":"Julien","@id":"https:\/\/vieassociative.be\/actualites\/#\/schema\/person\/b87ac4f82f9d4e7b7cec7395b679edc4"},"headline":"3\/0","datePublished":"2025-09-13T20:17:08+00:00","dateModified":"2025-09-13T20:17:08+00:00","mainEntityOfPage":{"@id":"https:\/\/vieassociative.be\/actualites\/3-0\/"},"wordCount":652,"publisher":{"@id":"https:\/\/vieassociative.be\/actualites\/#organization"},"image":{"@id":"https:\/\/vieassociative.be\/actualites\/3-0\/#primaryimage"},"thumbnailUrl":"https:\/\/vieassociative.be\/actualites\/wp-content\/uploads\/2025\/09\/1757794630_30.jpg","articleSection":["Belgique"],"inLanguage":"fr-BE"},{"@type":"WebPage","@id":"https:\/\/vieassociative.be\/actualites\/3-0\/","url":"https:\/\/vieassociative.be\/actualites\/3-0\/","name":"3\/0 | Vie Associative","isPartOf":{"@id":"https:\/\/vieassociative.be\/actualites\/#website"},"primaryImageOfPage":{"@id":"https:\/\/vieassociative.be\/actualites\/3-0\/#primaryimage"},"image":{"@id":"https:\/\/vieassociative.be\/actualites\/3-0\/#primaryimage"},"thumbnailUrl":"https:\/\/vieassociative.be\/actualites\/wp-content\/uploads\/2025\/09\/1757794630_30.jpg","datePublished":"2025-09-13T20:17:08+00:00","dateModified":"2025-09-13T20:17:08+00:00","breadcrumb":{"@id":"https:\/\/vieassociative.be\/actualites\/3-0\/#breadcrumb"},"inLanguage":"fr-BE","potentialAction":[{"@type":"ReadAction","target":["https:\/\/vieassociative.be\/actualites\/3-0\/"]}]},{"@type":"ImageObject","inLanguage":"fr-BE","@id":"https:\/\/vieassociative.be\/actualites\/3-0\/#primaryimage","url":"https:\/\/vieassociative.be\/actualites\/wp-content\/uploads\/2025\/09\/1757794630_30.jpg","contentUrl":"https:\/\/vieassociative.be\/actualites\/wp-content\/uploads\/2025\/09\/1757794630_30.jpg","width":1200,"height":710,"caption":"3\/0"},{"@type":"BreadcrumbList","@id":"https:\/\/vieassociative.be\/actualites\/3-0\/#breadcrumb","itemListElement":[{"@type":"ListItem","position":1,"name":"Accueil","item":"https:\/\/vieassociative.be\/actualites\/"},{"@type":"ListItem","position":2,"name":"3\/0"}]},{"@type":"WebSite","@id":"https:\/\/vieassociative.be\/actualites\/#website","url":"https:\/\/vieassociative.be\/actualites\/","name":"Vie Associative","description":"","publisher":{"@id":"https:\/\/vieassociative.be\/actualites\/#organization"},"potentialAction":[{"@type":"SearchAction","target":{"@type":"EntryPoint","urlTemplate":"https:\/\/vieassociative.be\/actualites\/?s={search_term_string}"},"query-input":{"@type":"PropertyValueSpecification","valueRequired":true,"valueName":"search_term_string"}}],"inLanguage":"fr-BE"},{"@type":"Organization","@id":"https:\/\/vieassociative.be\/actualites\/#organization","name":"Vie Associative","url":"https:\/\/vieassociative.be\/actualites\/","logo":{"@type":"ImageObject","inLanguage":"fr-BE","@id":"https:\/\/vieassociative.be\/actualites\/#\/schema\/logo\/image\/","url":"https:\/\/vieassociative.be\/actualites\/wp-content\/uploads\/2024\/09\/cropped-vieassociative_favicon.ico.png","contentUrl":"https:\/\/vieassociative.be\/actualites\/wp-content\/uploads\/2024\/09\/cropped-vieassociative_favicon.ico.png","width":512,"height":512,"caption":"Vie Associative"},"image":{"@id":"https:\/\/vieassociative.be\/actualites\/#\/schema\/logo\/image\/"}},{"@type":"Person","@id":"https:\/\/vieassociative.be\/actualites\/#\/schema\/person\/b87ac4f82f9d4e7b7cec7395b679edc4","name":"Julien","image":{"@type":"ImageObject","inLanguage":"fr-BE","@id":"https:\/\/vieassociative.be\/actualites\/#\/schema\/person\/image\/","url":"https:\/\/vieassociative.be\/actualites\/wp-content\/uploads\/2024\/09\/vie-associative-1-150x150.jpg","contentUrl":"https:\/\/vieassociative.be\/actualites\/wp-content\/uploads\/2024\/09\/vie-associative-1-150x150.jpg","caption":"Julien"},"description":"Je suis Julien, r\u00e9dacteur pour Vie Associative. Passionn\u00e9 par le monde associatif depuis plus de 10 ans, j'ai \u00e0 c\u0153ur de partager des histoires inspirantes et de mettre en lumi\u00e8re les initiatives locales. Mon objectif est de sensibiliser et d'encourager l'engagement communautaire \u00e0 travers mes articles.","sameAs":["https:\/\/vieassociative.be\/"]}]}},"_links":{"self":[{"href":"https:\/\/vieassociative.be\/actualites\/wp-json\/wp\/v2\/posts\/10020"}],"collection":[{"href":"https:\/\/vieassociative.be\/actualites\/wp-json\/wp\/v2\/posts"}],"about":[{"href":"https:\/\/vieassociative.be\/actualites\/wp-json\/wp\/v2\/types\/post"}],"author":[{"embeddable":true,"href":"https:\/\/vieassociative.be\/actualites\/wp-json\/wp\/v2\/users\/1"}],"replies":[{"embeddable":true,"href":"https:\/\/vieassociative.be\/actualites\/wp-json\/wp\/v2\/comments?post=10020"}],"version-history":[{"count":0,"href":"https:\/\/vieassociative.be\/actualites\/wp-json\/wp\/v2\/posts\/10020\/revisions"}],"wp:featuredmedia":[{"embeddable":true,"href":"https:\/\/vieassociative.be\/actualites\/wp-json\/wp\/v2\/media\/10021"}],"wp:attachment":[{"href":"https:\/\/vieassociative.be\/actualites\/wp-json\/wp\/v2\/media?parent=10020"}],"wp:term":[{"taxonomy":"category","embeddable":true,"href":"https:\/\/vieassociative.be\/actualites\/wp-json\/wp\/v2\/categories?post=10020"},{"taxonomy":"post_tag","embeddable":true,"href":"https:\/\/vieassociative.be\/actualites\/wp-json\/wp\/v2\/tags?post=10020"}],"curies":[{"name":"wp","href":"https:\/\/api.w.org\/{rel}","templated":true}]}}