{"id":10016,"date":"2025-09-13T16:17:47","date_gmt":"2025-09-13T14:17:47","guid":{"rendered":"https:\/\/vieassociative.be\/actualites\/en-tant-queupen-ce-soir-quun-invite-a-francais-borains-hennegauer-dans-cup-aus-comme-un-animal-blesse\/"},"modified":"2025-09-13T16:17:47","modified_gmt":"2025-09-13T14:17:47","slug":"en-tant-queupen-ce-soir-quun-invite-a-francais-borains-hennegauer-dans-cup-aus-comme-un-animal-blesse","status":"publish","type":"post","link":"https:\/\/vieassociative.be\/actualites\/en-tant-queupen-ce-soir-quun-invite-a-francais-borains-hennegauer-dans-cup-aus-comme-un-animal-blesse\/","title":{"rendered":"En tant qu&rsquo;Eupen ce soir qu&rsquo;un invit\u00e9 \u00e0 Fran\u00e7ais Borains-Hennegauer dans Cup-Aus comme un animal bless\u00e9?"},"content":{"rendered":"<p><strong>Apr\u00e8s la victoire rare et moins glorieuse de la Coupe d&rsquo;\u00c9tat contre De Toekomst Borskeke, le club de deuxi\u00e8me division en tant qu&rsquo;Eupen est un invit\u00e9 dans un club samedi soir dans un club qui a m\u00eame perdu contre une \u00e9quipe amateur de la Coupe Croky.<\/strong><\/p>\n<p><span id=\"more-424439\"><\/span>Ce soir (20 h \/ Live on Dazn App) Eupen \u00e0 Boussu \u00e0 Boussu dans la province de Hennegau s&rsquo;occupera des Francs Borains, qui ont perdu il y a une semaine \u00e0 KVK Ninove des 1er amateurs nationaux ou D1. C&rsquo;est d&rsquo;autant plus ennuyeux que Ninove peut jouer contre le RSC Anderlecht dans la finale 1\/16.<\/p>\n<p>L&rsquo;As Eupen est donc averti: apr\u00e8s la faillite \u00e0 Ninove, les for\u00eats des francs sont comme un animal bless\u00e9 qui veut montrer contre les Belges orientaux qu&rsquo;il peut \u00e9galement se produire diff\u00e9remment.<\/p>\n<div id=\"attachment_31772\" class=\"wp-caption alignleft\" style=\"max-width: 300px\"><img fetchpriority=\"high\" decoding=\"async\" class=\"wp-image-31772 size-medium\" src=\"https:\/\/vieassociative.be\/actualites\/wp-content\/uploads\/2025\/09\/En-tant-quEupen-ce-soir-quun-invite-a-Francais-Borains-Hennegauer.jpg\" alt=\"\" width=\"300\" height=\"196\"  ><\/div>\n<p>Les joueurs AS ne devraient pas oublier qu&rsquo;ils ont perdu 2: 3 \u00e0 Stade Robert Urbain la saison derni\u00e8re. Si le noir et blanc veulent vraiment jouer pour avoir grimp\u00e9 la Jupil Pro League, une victoire est obligatoire aujourd&rsquo;hui.<\/p>\n<p>Les francs Borains n&rsquo;ont pas de grands noms dans leurs rangs lorsque vous n&rsquo;aimez pas Dorian Dessoleil (anciennement SC Charleroi, Anvers et Kortrijk) et Massimo Bruno (anciennement RB Salzburg, RB Leipzig, RSC Anderlecht, Sc Charleroi et Kv Kortrijk). La saison derni\u00e8re, Mondy Prunier, qui avait depuis \u00e9t\u00e9 d\u00e9m\u00e9nag\u00e9 \u00e0 Eupen, a \u00e9galement jou\u00e9 pour les Francs Borains.<\/p>\n<p>Sinon, vous pouvez dire que l&rsquo;\u00e9toile est l&rsquo;\u00e9toile de la poule. Ce sont le pr\u00e9sident des lib\u00e9raux francophones (MR), Georges-Louis Bouchez.<\/p>\n<div id=\"attachment_421581\" class=\"wp-caption alignleft\" style=\"max-width: 300px\"><img decoding=\"async\" class=\"wp-image-421581 size-medium\" src=\"https:\/\/vieassociative.be\/actualites\/wp-content\/uploads\/2025\/09\/1757773067_172_En-tant-quEupen-ce-soir-quun-invite-a-Francais-Borains-Hennegauer.jpg\" alt=\"\" width=\"300\" height=\"201\"  ><\/div>\n<p>Le chef du MR est une personnalit\u00e9 \u00e9blouissante dans la politique belge, avec laquelle \u00ab\u00a0l&rsquo;est de la Belgique directement\u00a0\u00bb traitera m\u00eame dans les prochains jours, car Bouchez est actuellement plus \u00e0 parler du parquet politique que dans le football.<\/p>\n<p>Pendant ce temps, Bouchez, en tant que pr\u00e9sident des Francs Borains, n&rsquo;est pas un enfant de tristesse. Il a r\u00e9cemment d\u00e9pos\u00e9 une plainte contre la r\u00e9forme des professionnels belges parce que cela stipule qu&rsquo;au moins quatre \u00e9quipes U23 de la Challenger Pro League doivent jouer (sans option de promotion ou de rel\u00e9gation). Bouchez a annonc\u00e9 que ce serait l\u00e9galement contre elle. Il a parl\u00e9 d&rsquo;une violation de l&rsquo;\u00e9quit\u00e9 sportive (ce qu&rsquo;il est r\u00e9ellement).<\/p>\n<p>Pour le match aux Fran\u00e7ais, comme l&rsquo;entra\u00eeneur Bruno Pinheiro doit le faire sans Amadou Keita et Ga\u00ebtan Hendrickx. Nicolas Gavory, en revanche, est de retour dans l&rsquo;\u00e9quipe, mais n&rsquo;est probablement pas encore une option pour 90 minutes compl\u00e8tes. (Cre)<\/p>\n<p><em><strong>Sur le sujet, voir \u00e9galement l&rsquo;article suivant sur OD:<\/strong><\/em><\/p>\n<div class=\"responsive-embed widescreen\">\n<blockquote class=\"wp-embedded-content\" data-secret=\"GQ0DwFI6mt\">\n<p>1\/16 Final Cup: As Eupen le 29\/10 \u00e0 20h30 \u00e0 Antwerp (tous les jeux en direct sur l&rsquo;application Dazn)<\/p>\n<\/blockquote>\n<p><iframe loading=\"lazy\" class=\"wp-embedded-content\" sandbox=\"allow-scripts\" security=\"restricted\" style=\"position: absolute; visibility: hidden;\" title=\"\u201e1\/16-Finale Pokal: AS Eupen am 29\/10 um 20h30 bei Antwerp (alle Spiele live auf DAZN-App)\u201c \u2014 Ostbelgien Direkt\" src=\"https:\/\/ostbelgiendirekt.be\/about:blank\" data-secret=\"GQ0DwFI6mt\" width=\"500\" height=\"282\" frameborder=\"0\" marginwidth=\"0\" marginheight=\"0\" scrolling=\"no\" data-rocket-lazyload=\"fitvidscompatible\" data-lazy-src=\"https:\/\/ostbelgiendirekt.be\/as-zum-royal-antwerp-fc-424125\/embed#?secret=aMFU7MIXzQ#?secret=GQ0DwFI6mt\"><\/iframe><noscript><iframe class=\"wp-embedded-content\" sandbox=\"allow-scripts\" security=\"restricted\" style=\"position: absolute; visibility: hidden;\" title=\"\u201e1\/16-Finale Pokal: AS Eupen am 29\/10 um 20h30 bei Antwerp (alle Spiele live auf DAZN-App)\u201c \u2014 Ostbelgien Direkt\" src=\"https:\/\/ostbelgiendirekt.be\/as-zum-royal-antwerp-fc-424125\/embed#?secret=aMFU7MIXzQ#?secret=GQ0DwFI6mt\" data-secret=\"GQ0DwFI6mt\" width=\"500\" height=\"282\" frameborder=\"0\" marginwidth=\"0\" marginheight=\"0\" scrolling=\"no\"><\/iframe><\/noscript><\/p>\n<\/div>\n","protected":false},"excerpt":{"rendered":"<p>Apr\u00e8s la victoire rare et moins glorieuse de la Coupe d&rsquo;\u00c9tat contre De Toekomst Borskeke, le club de deuxi\u00e8me division en tant qu&rsquo;Eupen est un<\/p>\n","protected":false},"author":1,"featured_media":3194,"comment_status":"","ping_status":"","sticky":false,"template":"","format":"standard","meta":{"footnotes":""},"categories":[298],"tags":[650,981,8533,1254,8534,166,3990,4819,5094,1185,1795,1745],"class_list":["post-10016","post","type-post","status-publish","format-standard","has-post-thumbnail","hentry","category-belgique","tag-animal","tag-blesse","tag-borainshennegauer","tag-comme","tag-cupaus","tag-dans","tag-francais","tag-invite","tag-queupen","tag-quun","tag-soir","tag-tant","generate-columns","tablet-grid-50","mobile-grid-100","grid-parent","grid-33"],"yoast_head":"<!-- This site is optimized with the Yoast SEO plugin v24.0 - https:\/\/yoast.com\/wordpress\/plugins\/seo\/ -->\n<title>En tant qu&#039;Eupen ce soir qu&#039;un invit\u00e9 \u00e0 Fran\u00e7ais Borains-Hennegauer dans Cup-Aus comme un animal bless\u00e9? | Vie Associative<\/title>\n<meta name=\"robots\" content=\"index, follow, max-snippet:-1, max-image-preview:large, max-video-preview:-1\" \/>\n<link rel=\"canonical\" href=\"https:\/\/vieassociative.be\/actualites\/en-tant-queupen-ce-soir-quun-invite-a-francais-borains-hennegauer-dans-cup-aus-comme-un-animal-blesse\/\" \/>\n<meta property=\"og:locale\" content=\"fr_FR\" \/>\n<meta property=\"og:type\" content=\"article\" \/>\n<meta property=\"og:title\" content=\"En tant qu&#039;Eupen ce soir qu&#039;un invit\u00e9 \u00e0 Fran\u00e7ais Borains-Hennegauer dans Cup-Aus comme un animal bless\u00e9? | Vie Associative\" \/>\n<meta property=\"og:description\" content=\"Apr\u00e8s la victoire rare et moins glorieuse de la Coupe d&rsquo;\u00c9tat contre De Toekomst Borskeke, le club de deuxi\u00e8me division en tant qu&rsquo;Eupen est un\" \/>\n<meta property=\"og:url\" content=\"https:\/\/vieassociative.be\/actualites\/en-tant-queupen-ce-soir-quun-invite-a-francais-borains-hennegauer-dans-cup-aus-comme-un-animal-blesse\/\" \/>\n<meta property=\"og:site_name\" content=\"Vie Associative\" \/>\n<meta property=\"article:published_time\" content=\"2025-09-13T14:17:47+00:00\" \/>\n<meta property=\"og:image\" content=\"https:\/\/vieassociative.be\/actualites\/wp-content\/uploads\/2024\/09\/header_backgroundk-01-e1726694325946.png\" \/>\n\t<meta property=\"og:image:width\" content=\"279\" \/>\n\t<meta property=\"og:image:height\" content=\"92\" \/>\n\t<meta property=\"og:image:type\" content=\"image\/png\" \/>\n<meta name=\"author\" content=\"Julien\" \/>\n<meta name=\"twitter:card\" content=\"summary_large_image\" \/>\n<meta name=\"twitter:label1\" content=\"\u00c9crit par\" \/>\n\t<meta name=\"twitter:data1\" content=\"Julien\" \/>\n\t<meta name=\"twitter:label2\" content=\"Dur\u00e9e de lecture est.\" \/>\n\t<meta name=\"twitter:data2\" content=\"2 minutes\" \/>\n<script type=\"application\/ld+json\" class=\"yoast-schema-graph\">{\"@context\":\"https:\/\/schema.org\",\"@graph\":[{\"@type\":\"Article\",\"@id\":\"https:\/\/vieassociative.be\/actualites\/en-tant-queupen-ce-soir-quun-invite-a-francais-borains-hennegauer-dans-cup-aus-comme-un-animal-blesse\/#article\",\"isPartOf\":{\"@id\":\"https:\/\/vieassociative.be\/actualites\/en-tant-queupen-ce-soir-quun-invite-a-francais-borains-hennegauer-dans-cup-aus-comme-un-animal-blesse\/\"},\"author\":{\"name\":\"Julien\",\"@id\":\"https:\/\/vieassociative.be\/actualites\/#\/schema\/person\/b87ac4f82f9d4e7b7cec7395b679edc4\"},\"headline\":\"En tant qu&rsquo;Eupen ce soir qu&rsquo;un invit\u00e9 \u00e0 Fran\u00e7ais Borains-Hennegauer dans Cup-Aus comme un animal bless\u00e9?\",\"datePublished\":\"2025-09-13T14:17:47+00:00\",\"dateModified\":\"2025-09-13T14:17:47+00:00\",\"mainEntityOfPage\":{\"@id\":\"https:\/\/vieassociative.be\/actualites\/en-tant-queupen-ce-soir-quun-invite-a-francais-borains-hennegauer-dans-cup-aus-comme-un-animal-blesse\/\"},\"wordCount\":479,\"publisher\":{\"@id\":\"https:\/\/vieassociative.be\/actualites\/#organization\"},\"image\":{\"@id\":\"https:\/\/vieassociative.be\/actualites\/en-tant-queupen-ce-soir-quun-invite-a-francais-borains-hennegauer-dans-cup-aus-comme-un-animal-blesse\/#primaryimage\"},\"thumbnailUrl\":\"https:\/\/vieassociative.be\/actualites\/wp-content\/uploads\/2024\/12\/1733689145_Defaite-23-AS-sest-embarrasse-face-a-la-derniere.jpg\",\"keywords\":[\"animal\",\"blesse\",\"BorainsHennegauer\",\"comme\",\"CupAus\",\"dans\",\"fran\u00e7ais\",\"invit\u00e9\",\"quEupen\",\"quun\",\"soir\",\"tant\"],\"articleSection\":[\"Belgique\"],\"inLanguage\":\"fr-BE\"},{\"@type\":\"WebPage\",\"@id\":\"https:\/\/vieassociative.be\/actualites\/en-tant-queupen-ce-soir-quun-invite-a-francais-borains-hennegauer-dans-cup-aus-comme-un-animal-blesse\/\",\"url\":\"https:\/\/vieassociative.be\/actualites\/en-tant-queupen-ce-soir-quun-invite-a-francais-borains-hennegauer-dans-cup-aus-comme-un-animal-blesse\/\",\"name\":\"En tant qu'Eupen ce soir qu'un invit\u00e9 \u00e0 Fran\u00e7ais Borains-Hennegauer dans Cup-Aus comme un animal bless\u00e9? | Vie Associative\",\"isPartOf\":{\"@id\":\"https:\/\/vieassociative.be\/actualites\/#website\"},\"primaryImageOfPage\":{\"@id\":\"https:\/\/vieassociative.be\/actualites\/en-tant-queupen-ce-soir-quun-invite-a-francais-borains-hennegauer-dans-cup-aus-comme-un-animal-blesse\/#primaryimage\"},\"image\":{\"@id\":\"https:\/\/vieassociative.be\/actualites\/en-tant-queupen-ce-soir-quun-invite-a-francais-borains-hennegauer-dans-cup-aus-comme-un-animal-blesse\/#primaryimage\"},\"thumbnailUrl\":\"https:\/\/vieassociative.be\/actualites\/wp-content\/uploads\/2024\/12\/1733689145_Defaite-23-AS-sest-embarrasse-face-a-la-derniere.jpg\",\"datePublished\":\"2025-09-13T14:17:47+00:00\",\"dateModified\":\"2025-09-13T14:17:47+00:00\",\"breadcrumb\":{\"@id\":\"https:\/\/vieassociative.be\/actualites\/en-tant-queupen-ce-soir-quun-invite-a-francais-borains-hennegauer-dans-cup-aus-comme-un-animal-blesse\/#breadcrumb\"},\"inLanguage\":\"fr-BE\",\"potentialAction\":[{\"@type\":\"ReadAction\",\"target\":[\"https:\/\/vieassociative.be\/actualites\/en-tant-queupen-ce-soir-quun-invite-a-francais-borains-hennegauer-dans-cup-aus-comme-un-animal-blesse\/\"]}]},{\"@type\":\"ImageObject\",\"inLanguage\":\"fr-BE\",\"@id\":\"https:\/\/vieassociative.be\/actualites\/en-tant-queupen-ce-soir-quun-invite-a-francais-borains-hennegauer-dans-cup-aus-comme-un-animal-blesse\/#primaryimage\",\"url\":\"https:\/\/vieassociative.be\/actualites\/wp-content\/uploads\/2024\/12\/1733689145_Defaite-23-AS-sest-embarrasse-face-a-la-derniere.jpg\",\"contentUrl\":\"https:\/\/vieassociative.be\/actualites\/wp-content\/uploads\/2024\/12\/1733689145_Defaite-23-AS-sest-embarrasse-face-a-la-derniere.jpg\",\"width\":1200,\"height\":800,\"caption\":\"D\u00e9faite 2:3 : AS s'est embarrass\u00e9 face \u00e0 la derni\u00e8re \u00e9quipe\"},{\"@type\":\"BreadcrumbList\",\"@id\":\"https:\/\/vieassociative.be\/actualites\/en-tant-queupen-ce-soir-quun-invite-a-francais-borains-hennegauer-dans-cup-aus-comme-un-animal-blesse\/#breadcrumb\",\"itemListElement\":[{\"@type\":\"ListItem\",\"position\":1,\"name\":\"Accueil\",\"item\":\"https:\/\/vieassociative.be\/actualites\/\"},{\"@type\":\"ListItem\",\"position\":2,\"name\":\"En tant qu&rsquo;Eupen ce soir qu&rsquo;un invit\u00e9 \u00e0 Fran\u00e7ais Borains-Hennegauer dans Cup-Aus comme un animal bless\u00e9?\"}]},{\"@type\":\"WebSite\",\"@id\":\"https:\/\/vieassociative.be\/actualites\/#website\",\"url\":\"https:\/\/vieassociative.be\/actualites\/\",\"name\":\"Vie Associative\",\"description\":\"\",\"publisher\":{\"@id\":\"https:\/\/vieassociative.be\/actualites\/#organization\"},\"potentialAction\":[{\"@type\":\"SearchAction\",\"target\":{\"@type\":\"EntryPoint\",\"urlTemplate\":\"https:\/\/vieassociative.be\/actualites\/?s={search_term_string}\"},\"query-input\":{\"@type\":\"PropertyValueSpecification\",\"valueRequired\":true,\"valueName\":\"search_term_string\"}}],\"inLanguage\":\"fr-BE\"},{\"@type\":\"Organization\",\"@id\":\"https:\/\/vieassociative.be\/actualites\/#organization\",\"name\":\"Vie Associative\",\"url\":\"https:\/\/vieassociative.be\/actualites\/\",\"logo\":{\"@type\":\"ImageObject\",\"inLanguage\":\"fr-BE\",\"@id\":\"https:\/\/vieassociative.be\/actualites\/#\/schema\/logo\/image\/\",\"url\":\"https:\/\/vieassociative.be\/actualites\/wp-content\/uploads\/2024\/09\/cropped-vieassociative_favicon.ico.png\",\"contentUrl\":\"https:\/\/vieassociative.be\/actualites\/wp-content\/uploads\/2024\/09\/cropped-vieassociative_favicon.ico.png\",\"width\":512,\"height\":512,\"caption\":\"Vie Associative\"},\"image\":{\"@id\":\"https:\/\/vieassociative.be\/actualites\/#\/schema\/logo\/image\/\"}},{\"@type\":\"Person\",\"@id\":\"https:\/\/vieassociative.be\/actualites\/#\/schema\/person\/b87ac4f82f9d4e7b7cec7395b679edc4\",\"name\":\"Julien\",\"image\":{\"@type\":\"ImageObject\",\"inLanguage\":\"fr-BE\",\"@id\":\"https:\/\/vieassociative.be\/actualites\/#\/schema\/person\/image\/\",\"url\":\"https:\/\/vieassociative.be\/actualites\/wp-content\/uploads\/2024\/09\/vie-associative-1-150x150.jpg\",\"contentUrl\":\"https:\/\/vieassociative.be\/actualites\/wp-content\/uploads\/2024\/09\/vie-associative-1-150x150.jpg\",\"caption\":\"Julien\"},\"description\":\"Je suis Julien, r\u00e9dacteur pour Vie Associative. Passionn\u00e9 par le monde associatif depuis plus de 10 ans, j'ai \u00e0 c\u0153ur de partager des histoires inspirantes et de mettre en lumi\u00e8re les initiatives locales. Mon objectif est de sensibiliser et d'encourager l'engagement communautaire \u00e0 travers mes articles.\",\"sameAs\":[\"https:\/\/vieassociative.be\/\"]}]}<\/script>\n<!-- \/ Yoast SEO plugin. -->","yoast_head_json":{"title":"En tant qu'Eupen ce soir qu'un invit\u00e9 \u00e0 Fran\u00e7ais Borains-Hennegauer dans Cup-Aus comme un animal bless\u00e9? | Vie Associative","robots":{"index":"index","follow":"follow","max-snippet":"max-snippet:-1","max-image-preview":"max-image-preview:large","max-video-preview":"max-video-preview:-1"},"canonical":"https:\/\/vieassociative.be\/actualites\/en-tant-queupen-ce-soir-quun-invite-a-francais-borains-hennegauer-dans-cup-aus-comme-un-animal-blesse\/","og_locale":"fr_FR","og_type":"article","og_title":"En tant qu'Eupen ce soir qu'un invit\u00e9 \u00e0 Fran\u00e7ais Borains-Hennegauer dans Cup-Aus comme un animal bless\u00e9? | Vie Associative","og_description":"Apr\u00e8s la victoire rare et moins glorieuse de la Coupe d&rsquo;\u00c9tat contre De Toekomst Borskeke, le club de deuxi\u00e8me division en tant qu&rsquo;Eupen est un","og_url":"https:\/\/vieassociative.be\/actualites\/en-tant-queupen-ce-soir-quun-invite-a-francais-borains-hennegauer-dans-cup-aus-comme-un-animal-blesse\/","og_site_name":"Vie Associative","article_published_time":"2025-09-13T14:17:47+00:00","og_image":[{"width":279,"height":92,"url":"https:\/\/vieassociative.be\/actualites\/wp-content\/uploads\/2024\/09\/header_backgroundk-01-e1726694325946.png","type":"image\/png"}],"author":"Julien","twitter_card":"summary_large_image","twitter_misc":{"\u00c9crit par":"Julien","Dur\u00e9e de lecture est.":"2 minutes"},"schema":{"@context":"https:\/\/schema.org","@graph":[{"@type":"Article","@id":"https:\/\/vieassociative.be\/actualites\/en-tant-queupen-ce-soir-quun-invite-a-francais-borains-hennegauer-dans-cup-aus-comme-un-animal-blesse\/#article","isPartOf":{"@id":"https:\/\/vieassociative.be\/actualites\/en-tant-queupen-ce-soir-quun-invite-a-francais-borains-hennegauer-dans-cup-aus-comme-un-animal-blesse\/"},"author":{"name":"Julien","@id":"https:\/\/vieassociative.be\/actualites\/#\/schema\/person\/b87ac4f82f9d4e7b7cec7395b679edc4"},"headline":"En tant qu&rsquo;Eupen ce soir qu&rsquo;un invit\u00e9 \u00e0 Fran\u00e7ais Borains-Hennegauer dans Cup-Aus comme un animal bless\u00e9?","datePublished":"2025-09-13T14:17:47+00:00","dateModified":"2025-09-13T14:17:47+00:00","mainEntityOfPage":{"@id":"https:\/\/vieassociative.be\/actualites\/en-tant-queupen-ce-soir-quun-invite-a-francais-borains-hennegauer-dans-cup-aus-comme-un-animal-blesse\/"},"wordCount":479,"publisher":{"@id":"https:\/\/vieassociative.be\/actualites\/#organization"},"image":{"@id":"https:\/\/vieassociative.be\/actualites\/en-tant-queupen-ce-soir-quun-invite-a-francais-borains-hennegauer-dans-cup-aus-comme-un-animal-blesse\/#primaryimage"},"thumbnailUrl":"https:\/\/vieassociative.be\/actualites\/wp-content\/uploads\/2024\/12\/1733689145_Defaite-23-AS-sest-embarrasse-face-a-la-derniere.jpg","keywords":["animal","blesse","BorainsHennegauer","comme","CupAus","dans","fran\u00e7ais","invit\u00e9","quEupen","quun","soir","tant"],"articleSection":["Belgique"],"inLanguage":"fr-BE"},{"@type":"WebPage","@id":"https:\/\/vieassociative.be\/actualites\/en-tant-queupen-ce-soir-quun-invite-a-francais-borains-hennegauer-dans-cup-aus-comme-un-animal-blesse\/","url":"https:\/\/vieassociative.be\/actualites\/en-tant-queupen-ce-soir-quun-invite-a-francais-borains-hennegauer-dans-cup-aus-comme-un-animal-blesse\/","name":"En tant qu'Eupen ce soir qu'un invit\u00e9 \u00e0 Fran\u00e7ais Borains-Hennegauer dans Cup-Aus comme un animal bless\u00e9? | Vie Associative","isPartOf":{"@id":"https:\/\/vieassociative.be\/actualites\/#website"},"primaryImageOfPage":{"@id":"https:\/\/vieassociative.be\/actualites\/en-tant-queupen-ce-soir-quun-invite-a-francais-borains-hennegauer-dans-cup-aus-comme-un-animal-blesse\/#primaryimage"},"image":{"@id":"https:\/\/vieassociative.be\/actualites\/en-tant-queupen-ce-soir-quun-invite-a-francais-borains-hennegauer-dans-cup-aus-comme-un-animal-blesse\/#primaryimage"},"thumbnailUrl":"https:\/\/vieassociative.be\/actualites\/wp-content\/uploads\/2024\/12\/1733689145_Defaite-23-AS-sest-embarrasse-face-a-la-derniere.jpg","datePublished":"2025-09-13T14:17:47+00:00","dateModified":"2025-09-13T14:17:47+00:00","breadcrumb":{"@id":"https:\/\/vieassociative.be\/actualites\/en-tant-queupen-ce-soir-quun-invite-a-francais-borains-hennegauer-dans-cup-aus-comme-un-animal-blesse\/#breadcrumb"},"inLanguage":"fr-BE","potentialAction":[{"@type":"ReadAction","target":["https:\/\/vieassociative.be\/actualites\/en-tant-queupen-ce-soir-quun-invite-a-francais-borains-hennegauer-dans-cup-aus-comme-un-animal-blesse\/"]}]},{"@type":"ImageObject","inLanguage":"fr-BE","@id":"https:\/\/vieassociative.be\/actualites\/en-tant-queupen-ce-soir-quun-invite-a-francais-borains-hennegauer-dans-cup-aus-comme-un-animal-blesse\/#primaryimage","url":"https:\/\/vieassociative.be\/actualites\/wp-content\/uploads\/2024\/12\/1733689145_Defaite-23-AS-sest-embarrasse-face-a-la-derniere.jpg","contentUrl":"https:\/\/vieassociative.be\/actualites\/wp-content\/uploads\/2024\/12\/1733689145_Defaite-23-AS-sest-embarrasse-face-a-la-derniere.jpg","width":1200,"height":800,"caption":"D\u00e9faite 2:3 : AS s'est embarrass\u00e9 face \u00e0 la derni\u00e8re \u00e9quipe"},{"@type":"BreadcrumbList","@id":"https:\/\/vieassociative.be\/actualites\/en-tant-queupen-ce-soir-quun-invite-a-francais-borains-hennegauer-dans-cup-aus-comme-un-animal-blesse\/#breadcrumb","itemListElement":[{"@type":"ListItem","position":1,"name":"Accueil","item":"https:\/\/vieassociative.be\/actualites\/"},{"@type":"ListItem","position":2,"name":"En tant qu&rsquo;Eupen ce soir qu&rsquo;un invit\u00e9 \u00e0 Fran\u00e7ais Borains-Hennegauer dans Cup-Aus comme un animal bless\u00e9?"}]},{"@type":"WebSite","@id":"https:\/\/vieassociative.be\/actualites\/#website","url":"https:\/\/vieassociative.be\/actualites\/","name":"Vie Associative","description":"","publisher":{"@id":"https:\/\/vieassociative.be\/actualites\/#organization"},"potentialAction":[{"@type":"SearchAction","target":{"@type":"EntryPoint","urlTemplate":"https:\/\/vieassociative.be\/actualites\/?s={search_term_string}"},"query-input":{"@type":"PropertyValueSpecification","valueRequired":true,"valueName":"search_term_string"}}],"inLanguage":"fr-BE"},{"@type":"Organization","@id":"https:\/\/vieassociative.be\/actualites\/#organization","name":"Vie Associative","url":"https:\/\/vieassociative.be\/actualites\/","logo":{"@type":"ImageObject","inLanguage":"fr-BE","@id":"https:\/\/vieassociative.be\/actualites\/#\/schema\/logo\/image\/","url":"https:\/\/vieassociative.be\/actualites\/wp-content\/uploads\/2024\/09\/cropped-vieassociative_favicon.ico.png","contentUrl":"https:\/\/vieassociative.be\/actualites\/wp-content\/uploads\/2024\/09\/cropped-vieassociative_favicon.ico.png","width":512,"height":512,"caption":"Vie Associative"},"image":{"@id":"https:\/\/vieassociative.be\/actualites\/#\/schema\/logo\/image\/"}},{"@type":"Person","@id":"https:\/\/vieassociative.be\/actualites\/#\/schema\/person\/b87ac4f82f9d4e7b7cec7395b679edc4","name":"Julien","image":{"@type":"ImageObject","inLanguage":"fr-BE","@id":"https:\/\/vieassociative.be\/actualites\/#\/schema\/person\/image\/","url":"https:\/\/vieassociative.be\/actualites\/wp-content\/uploads\/2024\/09\/vie-associative-1-150x150.jpg","contentUrl":"https:\/\/vieassociative.be\/actualites\/wp-content\/uploads\/2024\/09\/vie-associative-1-150x150.jpg","caption":"Julien"},"description":"Je suis Julien, r\u00e9dacteur pour Vie Associative. Passionn\u00e9 par le monde associatif depuis plus de 10 ans, j'ai \u00e0 c\u0153ur de partager des histoires inspirantes et de mettre en lumi\u00e8re les initiatives locales. Mon objectif est de sensibiliser et d'encourager l'engagement communautaire \u00e0 travers mes articles.","sameAs":["https:\/\/vieassociative.be\/"]}]}},"_links":{"self":[{"href":"https:\/\/vieassociative.be\/actualites\/wp-json\/wp\/v2\/posts\/10016"}],"collection":[{"href":"https:\/\/vieassociative.be\/actualites\/wp-json\/wp\/v2\/posts"}],"about":[{"href":"https:\/\/vieassociative.be\/actualites\/wp-json\/wp\/v2\/types\/post"}],"author":[{"embeddable":true,"href":"https:\/\/vieassociative.be\/actualites\/wp-json\/wp\/v2\/users\/1"}],"replies":[{"embeddable":true,"href":"https:\/\/vieassociative.be\/actualites\/wp-json\/wp\/v2\/comments?post=10016"}],"version-history":[{"count":0,"href":"https:\/\/vieassociative.be\/actualites\/wp-json\/wp\/v2\/posts\/10016\/revisions"}],"wp:featuredmedia":[{"embeddable":true,"href":"https:\/\/vieassociative.be\/actualites\/wp-json\/wp\/v2\/media\/3194"}],"wp:attachment":[{"href":"https:\/\/vieassociative.be\/actualites\/wp-json\/wp\/v2\/media?parent=10016"}],"wp:term":[{"taxonomy":"category","embeddable":true,"href":"https:\/\/vieassociative.be\/actualites\/wp-json\/wp\/v2\/categories?post=10016"},{"taxonomy":"post_tag","embeddable":true,"href":"https:\/\/vieassociative.be\/actualites\/wp-json\/wp\/v2\/tags?post=10016"}],"curies":[{"name":"wp","href":"https:\/\/api.w.org\/{rel}","templated":true}]}}