{"id":10005,"date":"2025-09-13T03:17:17","date_gmt":"2025-09-13T01:17:17","guid":{"rendered":"https:\/\/vieassociative.be\/actualites\/meta-pourrait-devoiler-une-montre-intelligente-pour-controler-ses-lunettes-ai-de-nouvelle-generation\/"},"modified":"2025-09-13T03:17:17","modified_gmt":"2025-09-13T01:17:17","slug":"meta-pourrait-devoiler-une-montre-intelligente-pour-controler-ses-lunettes-ai-de-nouvelle-generation","status":"publish","type":"post","link":"https:\/\/vieassociative.be\/actualites\/meta-pourrait-devoiler-une-montre-intelligente-pour-controler-ses-lunettes-ai-de-nouvelle-generation\/","title":{"rendered":"Meta pourrait d\u00e9voiler une montre intelligente pour contr\u00f4ler ses lunettes AI de nouvelle g\u00e9n\u00e9ration"},"content":{"rendered":"<div class=\"mt-4 leading-6 md:mb-8\">Meta nous fera-t-il tous porter une montre intelligente sur nos poignets et Prada sur nos visages?<\/div>\n<p><\/p>\n<p><em>Saviez-vous que vous pouvez personnaliser Google pour filtrer les ordures? <strong>Prendre ces \u00e9tapes<\/strong><\/em><em> Pour de meilleurs r\u00e9sultats de recherche, <strong>y compris l&rsquo;ajout de travail chez Vie Associative comme source pr\u00e9f\u00e9r\u00e9e<\/strong><\/em><em>.<\/em><\/p>\n<hr>\n<p>Le moulin \u00e0 rumeurs fait des heures suppl\u00e9mentaires sur les nouvelles qui pourraient tomber au Meta Connect de la semaine prochaine 2025. Deux nouveaux potins: Meta peut annoncer que ses lunettes intelligentes AR rumeur sont propuls\u00e9es par une montre intelligente, et la soci\u00e9t\u00e9 peut r\u00e9v\u00e9ler des cadres Prada m\u00e9ta-propuls\u00e9s pendant l&rsquo;\u00e9v\u00e9nement.<\/p>\n<div class=\"pogoClear mb-12 mt-10 rounded-md border-2 border-gray-100 py-7 shadow-xl md:py-6\">\n<div class=\"flex flex-wrap justify-between px-7 text-black no-underline md:flex-nowrap md:px-8\">\n<div class=\"order-1 mx-auto flex flex-col justify-center md:order-2 md:ml-4 md:w-full md:grow\">\n<div class=\"block cursor-pointer text-center font-akshar text-2xl font-medium leading-7 text-brand-green duration-200 ease-in-out hover:text-brand-green-700 md:text-left md:text-xl md:leading-6\">Ray-Ban Meta Wayfarer Lunes avec Meta Ai (Lentins transparents, noir brillant)\n                <\/div>\n<div class=\"mt-4 hidden md:flex md:justify-between\">\n<div class=\"self-end\">\n<div class=\"mb-0 h-11 md:flex md:flex-col md:justify-center\">\n<div class=\" font-sans leading-4 text-black\">\n<div class=\"flex flex-wrap items-center justify-center gap-1 md:justify-start\">\n        <span class=\"font-bold\"><\/p>\n<p>            299,00 $<br \/>\n                            <span class=\"font-medium\">\u00e0 Amazon<\/span><br \/>\n                    <\/span><br \/>\n                    <img decoding=\"async\" class=\"mt-(2px) w-(54px)\" src=\"https:\/\/vieassociative.be\/actualites\/wp-content\/uploads\/2025\/09\/Meta-pourrait-devoiler-une-montre-intelligente-pour-controler-ses-lunettes.svg.svg+xml\" title=\"Amazon Prime\" alt=\"Amazon Prime\">\n            <\/div>\n<\/p><\/div>\n<\/p><\/div>\n<\/p><\/div>\n<div class=\"w-44 self-end\">\n                            <button class=\"flex justify-center items-center w-full bg-brand-green text-white text-base font-sans font-medium rounded-md hover:bg-brand-green-700 hover:cursor-pointer md:text-sm h-11\"><\/p>\n<p>    Conclure un accord<br \/>\n<\/button>\n                        <\/div>\n<\/p><\/div>\n<\/p><\/div>\n<div class=\"order-2 mt-5 h-auto w-full md:order-1 md:mt-0 md:hidden\">\n<div class=\"flex aspect-video items-center justify-center\">\n                                            <img decoding=\"async\" class=\"m-0 max-h-full max-w-full rounded-md\" src=\"https:\/\/vieassociative.be\/actualites\/wp-content\/uploads\/2025\/09\/Meta-pourrait-devoiler-une-montre-intelligente-pour-controler-ses-lunettes.jpg\" alt=\"Ray-Ban Meta Wayfarer Lunes avec Meta Ai (Lentins transparents, noir brillant)\" width=\"auto\" height=\"auto\" loading=\"lazy\">\n                                    <\/div>\n<\/p><\/div>\n<div class=\"order-2 ml-2 hidden w-32 shrink-0 items-center md:order-1 md:ml-0 md:flex\">\n<div class=\"flex aspect-video items-center justify-center\">\n                                            <img decoding=\"async\" class=\"m-0 max-h-full max-w-full rounded-md\" src=\"https:\/\/vieassociative.be\/actualites\/wp-content\/uploads\/2025\/09\/Meta-pourrait-devoiler-une-montre-intelligente-pour-controler-ses-lunettes.jpg\" alt=\"Ray-Ban Meta Wayfarer Lunes avec Meta Ai (Lentins transparents, noir brillant)\" width=\"auto\" height=\"auto\" loading=\"lazy\">\n                                    <\/div>\n<\/p><\/div>\n<div class=\"order-3 flex grow flex-wrap md:hidden md:grow-0\">\n<div class=\"mt-4 w-full\">\n                        <button class=\"flex justify-center items-center w-full bg-brand-green text-white text-base font-sans font-medium rounded-md hover:bg-brand-green-700 hover:cursor-pointer md:text-sm h-11\"><\/p>\n<p>    Conclure un accord<br \/>\n<\/button>\n                    <\/div>\n<div class=\"mx-2 mt-4 w-full\">\n<div class=\" font-sans leading-4 text-black\">\n<div class=\"flex flex-wrap items-center justify-center gap-1 md:justify-start\">\n        <span class=\"font-bold\"><\/p>\n<p>            299,00 $<br \/>\n                            <span class=\"font-medium\">\u00e0 Amazon<\/span><br \/>\n                    <\/span><br \/>\n                    <img decoding=\"async\" class=\"mt-(2px) w-(54px)\" src=\"https:\/\/vieassociative.be\/actualites\/wp-content\/uploads\/2025\/09\/Meta-pourrait-devoiler-une-montre-intelligente-pour-controler-ses-lunettes.svg.svg+xml\" title=\"Amazon Prime\" alt=\"Amazon Prime\">\n            <\/div>\n<\/p><\/div>\n<\/p><\/div>\n<\/p><\/div>\n<\/p><\/div>\n<\/div>\n<p>Une lib\u00e9ration potentielle de Prada Meta et un contr\u00f4leur de montre Meta pour ses lunettes AR attendues n\u00e9cessitent un peu de \u00ab\u00a0math\u00e9matiques de la rumeur Internet\u00a0\u00bb et de saut de conclusion, alors prenez-le avec un grain un sel, mais voici la panne:<\/p>\n<div class=\"mx-auto mb-12 mt-5 w-full max-w-3xl rounded-md border-2 border-gray-100 p-3 shadow-md md:px-7 md:pb-7 md:pt-5\" id=\"related-video\">\n<div class=\"mb-3 flex items-center md:mb-5\">\n        <img decoding=\"async\" class=\"mr-4 mt-0 h-10 w-10 md:mr-5 md:h-12 md:w-12\" src=\"https:\/\/vieassociative.be\/actualites\/wp-content\/uploads\/2025\/09\/1757726237_608_Meta-pourrait-devoiler-une-montre-intelligente-pour-controler-ses-lunettes.jpg\" alt=\"Logo Lifehacker\"><\/p><\/div>\n<div class=\"aspect-video w-full overflow-hidden rounded-md\">\n<div id=\"video-container-01K508J8R5BP8H9NCVZ40APWMG\"><\/div>\n<\/p><\/div>\n<\/div>\n<h2 id=\"metas-rumored-smart-watch\">Meta&rsquo;s Smun Smart Watch<\/h2>\n<p>La sp\u00e9culation \u00ab\u00a0Meta Smart Watch\u00a0\u00bb provient d&rsquo;un article de fin de juillet sur Digitimes sugg\u00e9rant que Meta d\u00e9ploiera sa propre montre intelligente \u00e0 Meta Connect 2025. \u00c9tant donn\u00e9 que les lunettes intelligentes de Next Gen de Meta devraient avoir besoin d&rsquo;un contr\u00f4leur de poignet, il est logique que Meta en fasse une montre. Presque tout le monde pr\u00e9f\u00e9rerait porter une montre intelligente \u00e0 un bracelet technologique d\u00e9di\u00e9, non?<\/p>\n<p>Si le contr\u00f4leur \/ la montre de poignet de Meta existe r\u00e9ellement, nous n&rsquo;avons aucune id\u00e9e des autres fonctionnalit\u00e9s \u00ab\u00a0de montre\u00a0\u00bb qu&rsquo;elle pourrait inclure (au-del\u00e0 de la heure, bien s\u00fbr), mais si Meta pr\u00e9voit de publier une montre intelligente fonctionnelle <em>et<\/em> Une paire li\u00e9e de lunettes intelligentes compatibles avec l&rsquo;affichage, tout en ne facturant que 800 $ (le prix de la rumeur) pour le bundle, je pr\u00e9dis un <em>parcelle<\/em> int\u00e9ressant. <\/p>\n<h2 id=\"the-rumor-about-a-prada-meta-collab\">La rumeur sur une collaboration Prada-Meta<\/h2>\n<p>Et si les nouveaux lunettes de Meta ont l&rsquo;air vraiment cool aussi? Comme quelque chose que Prada \u00e9teint? Les cadres \u00e9pais et carr\u00e9s de Prada semblent sur mesure pour la technologie, et Meta s&rsquo;associe d\u00e9j\u00e0 \u00e0 sa soci\u00e9t\u00e9 m\u00e8re, Essilorluxotica, qui poss\u00e8de \u00e9galement Ray-Ban et Oakley. De plus, les rumeurs sur les m\u00e9ta-lunettes Prada remontent \u00e0 juin, et essilorluxotica \u00e9galement <em>fait des montres<\/em>donc tous les points semblent se connecter et sugg\u00e9rer que Meta pourrait soit ajouter Prada \u00e0 ses lignes de lunettes avec l&rsquo;IA et les cam\u00e9ras, soit lancer de nouvelles lunettes d&rsquo;affichage sous le nom de Prada.<\/p>\n<p>Ou non. Ceci est toutes les sp\u00e9culations. Ce n&rsquo;est pas <em>sans fondement<\/em> sp\u00e9culation, mais tout cela pourrait se r\u00e9v\u00e9ler faux. Peut-\u00eatre que Meta pense que le public veut un p\u00e9riph\u00e9rique qui contr\u00f4le nos lunettes mais ne dit pas l&rsquo;heure. Peut-\u00eatre que les cadres Meta Prada seront annonc\u00e9s \u00e0 une date ult\u00e9rieure. Peut-\u00eatre que les gigantesques soci\u00e9t\u00e9s impliqu\u00e9es ont d\u00e9cid\u00e9 que les deux marques ne s&rsquo;int\u00e8grent pas assez bien pour susciter l&rsquo;int\u00e9r\u00eat des consommateurs. Seul le temps, comme on dit, le dira.  <\/p>\n<p>Si vous gardez le score \u00e0 la maison, cependant, ci-dessous cinq choses qui pourraient \u00eatre annonc\u00e9es \u00e0 Meta Connect 2025, par ordre de moi, excitation personnelle:<\/p>\n<h3>Meta Display Smart Lunes <\/h3>\n<p>Il y a tellement de fum\u00e9e autour de l&rsquo;id\u00e9e que Meta pr\u00e9voit d&rsquo;annoncer des lunettes intelligentes avec un affichage int\u00e9gr\u00e9 dans l&rsquo;un des objectifs, il doit y avoir du feu, non? En fait, non. Mais la rumeur dit que les prochaines lunettes intelligentes de META comporteront un affichage d\u00e9di\u00e9 sur une lentille pour les alertes et les mini-applications, ainsi que toutes les caract\u00e9ristiques de l&rsquo;IA, de l&rsquo;audio et de la cam\u00e9ra \/ vid\u00e9o de la g\u00e9n\u00e9ration actuelle de m\u00e9ta-rayons et de lunettes intelligentes Meta Oakley. Tout cela sera th\u00e9oriquement facilit\u00e9 par un bracelet sans fil ou une montre intelligente (!).<\/p>\n<h3>G\u00e9n\u00e9rations intelligentes Ray-Ban Meta et Oakley <\/h3>\n<p>Meta annon\u00e7ant une meilleure version de ses deux lunettes intelligentes ax\u00e9es sur l&rsquo;audio et AI d\u00e9j\u00e0 r\u00e9ussies semble extr\u00eamement probable. Je mettrais de l&rsquo;argent sur des lunettes de m\u00e9ta intelligentes \u00ab\u00a0de troisi\u00e8me g\u00e9n\u00e9ration\u00a0\u00bb ayant une meilleure cam\u00e9ra, une batterie plus durable et une IA consid\u00e9rablement am\u00e9lior\u00e9e, mais cela ne va pas tr\u00e8s loin sur un membre. Je suis un grand fan de mes m\u00e9tas Ray-Ban, et j&rsquo;aimerais une mise \u00e0 niveau. <\/p>\n<h3>PRADA Meta Smart Lunes <\/h3>\n<p>Juste sur les vibrations, les lunettes Prada-Meta font <em>Tant de sens<\/em>: Il y a une sorte de personne qui porte des rayons de rayons, et un autre type de personne qui porte des Oakleys, mais aucune n&rsquo;est le genre de personne qui porte Prada. Personnellement, je m&rsquo;attends \u00e0 ce que les lunettes Prada soient ajout\u00e9es \u00e0 la gamme audio et AI de lunettes intelligentes Meta, au lieu d&rsquo;\u00eatre d\u00e9ploy\u00e9es en tant que cadres phares pour les lunettes intelligentes de style AI de Meta. <\/p>\n<h3>Applications tierces pour les m\u00e9ta-lunettes Ray-Ban Meta et Oakley <\/h3>\n<p>Meta ouvrant son infrastructure de lunettes intelligentes aux d\u00e9veloppeurs tiers ne peut pas faire la une des journaux, mais il pourrait changer discret le jeu pour les Meta utilisateurs. Avoir une suite d&rsquo;applications pour diff\u00e9rentes utilisations serait incroyable. <\/p>\n<h3>Am\u00e9liorations \u00e0 Meta Horizon OS<\/h3>\n<p>Des lunettes intelligentes peuvent remonter toute l&rsquo;attention, mais Meta devrait annoncer certaines am\u00e9liorations du syst\u00e8me d&rsquo;exploitation Horizon qui alimente \u00e9galement ses casques VR. En particulier, attendez-vous \u00e0 de meilleurs graphiques dans <em>Mondes horizon<\/em> et votre maison virtuelle, et une connectivit\u00e9 plus facile aussi. <\/p>\n<p>Si vous souhaitez consulter l&rsquo;\u00e9v\u00e9nement tel qu&rsquo;il se produit, Meta Connect 2025 commencera par un discours du PDG Mark Zuckerberg le 17 septembre \u00e0 20 h HE et continuera jusqu&rsquo;au 18 septembre. <strong>Facebook<\/strong> ou le fonctionnaire <strong>Meta Connect Site<\/strong>.<\/p>\n","protected":false},"excerpt":{"rendered":"<p>Meta nous fera-t-il tous porter une montre intelligente sur nos poignets et Prada sur nos visages? Saviez-vous que vous pouvez personnaliser Google pour filtrer les<\/p>\n","protected":false},"author":1,"featured_media":10006,"comment_status":"","ping_status":"","sticky":false,"template":"","format":"standard","meta":{"footnotes":""},"categories":[13],"tags":[2235,8527,2328,1614,3912,487,1252,491,81,1041,1055,110],"class_list":["post-10005","post","type-post","status-publish","format-standard","has-post-thumbnail","hentry","category-technologie","tag-controler","tag-devoiler","tag-generation","tag-intelligente","tag-lunettes","tag-meta","tag-montre","tag-nouvelle","tag-pour","tag-pourrait","tag-ses","tag-une","generate-columns","tablet-grid-50","mobile-grid-100","grid-parent","grid-33"],"yoast_head":"<!-- This site is optimized with the Yoast SEO plugin v24.0 - https:\/\/yoast.com\/wordpress\/plugins\/seo\/ -->\n<title>Meta pourrait d\u00e9voiler une montre intelligente pour contr\u00f4ler ses lunettes AI de nouvelle g\u00e9n\u00e9ration | Vie Associative<\/title>\n<meta name=\"robots\" content=\"index, follow, max-snippet:-1, max-image-preview:large, max-video-preview:-1\" \/>\n<link rel=\"canonical\" href=\"https:\/\/vieassociative.be\/actualites\/meta-pourrait-devoiler-une-montre-intelligente-pour-controler-ses-lunettes-ai-de-nouvelle-generation\/\" \/>\n<meta property=\"og:locale\" content=\"fr_FR\" \/>\n<meta property=\"og:type\" content=\"article\" \/>\n<meta property=\"og:title\" content=\"Meta pourrait d\u00e9voiler une montre intelligente pour contr\u00f4ler ses lunettes AI de nouvelle g\u00e9n\u00e9ration | Vie Associative\" \/>\n<meta property=\"og:description\" content=\"Meta nous fera-t-il tous porter une montre intelligente sur nos poignets et Prada sur nos visages? Saviez-vous que vous pouvez personnaliser Google pour filtrer les\" \/>\n<meta property=\"og:url\" content=\"https:\/\/vieassociative.be\/actualites\/meta-pourrait-devoiler-une-montre-intelligente-pour-controler-ses-lunettes-ai-de-nouvelle-generation\/\" \/>\n<meta property=\"og:site_name\" content=\"Vie Associative\" \/>\n<meta property=\"article:published_time\" content=\"2025-09-13T01:17:17+00:00\" \/>\n<meta property=\"og:image\" content=\"https:\/\/vieassociative.be\/actualites\/wp-content\/uploads\/2025\/09\/Meta-pourrait-devoiler-une-montre-intelligente-pour-controler-ses-lunettes.svg.svg+xml\" \/>\n<meta name=\"author\" content=\"Julien\" \/>\n<meta name=\"twitter:card\" content=\"summary_large_image\" \/>\n<meta name=\"twitter:label1\" content=\"\u00c9crit par\" \/>\n\t<meta name=\"twitter:data1\" content=\"Julien\" \/>\n\t<meta name=\"twitter:label2\" content=\"Dur\u00e9e de lecture est.\" \/>\n\t<meta name=\"twitter:data2\" content=\"5 minutes\" \/>\n<script type=\"application\/ld+json\" class=\"yoast-schema-graph\">{\"@context\":\"https:\/\/schema.org\",\"@graph\":[{\"@type\":\"Article\",\"@id\":\"https:\/\/vieassociative.be\/actualites\/meta-pourrait-devoiler-une-montre-intelligente-pour-controler-ses-lunettes-ai-de-nouvelle-generation\/#article\",\"isPartOf\":{\"@id\":\"https:\/\/vieassociative.be\/actualites\/meta-pourrait-devoiler-une-montre-intelligente-pour-controler-ses-lunettes-ai-de-nouvelle-generation\/\"},\"author\":{\"name\":\"Julien\",\"@id\":\"https:\/\/vieassociative.be\/actualites\/#\/schema\/person\/b87ac4f82f9d4e7b7cec7395b679edc4\"},\"headline\":\"Meta pourrait d\u00e9voiler une montre intelligente pour contr\u00f4ler ses lunettes AI de nouvelle g\u00e9n\u00e9ration\",\"datePublished\":\"2025-09-13T01:17:17+00:00\",\"dateModified\":\"2025-09-13T01:17:17+00:00\",\"mainEntityOfPage\":{\"@id\":\"https:\/\/vieassociative.be\/actualites\/meta-pourrait-devoiler-une-montre-intelligente-pour-controler-ses-lunettes-ai-de-nouvelle-generation\/\"},\"wordCount\":1036,\"publisher\":{\"@id\":\"https:\/\/vieassociative.be\/actualites\/#organization\"},\"image\":{\"@id\":\"https:\/\/vieassociative.be\/actualites\/meta-pourrait-devoiler-une-montre-intelligente-pour-controler-ses-lunettes-ai-de-nouvelle-generation\/#primaryimage\"},\"thumbnailUrl\":\"https:\/\/vieassociative.be\/actualites\/wp-content\/uploads\/2025\/09\/1757726238_Meta-pourrait-devoiler-une-montre-intelligente-pour-controler-ses-lunettes.jpg\",\"keywords\":[\"contr\u00f4ler\",\"d\u00e9voiler\",\"g\u00e9n\u00e9ration\",\"intelligente\",\"lunettes\",\"Meta\",\"montre\",\"nouvelle\",\"pour\",\"pourrait\",\"ses\",\"une\"],\"articleSection\":[\"Technologie\"],\"inLanguage\":\"fr-BE\"},{\"@type\":\"WebPage\",\"@id\":\"https:\/\/vieassociative.be\/actualites\/meta-pourrait-devoiler-une-montre-intelligente-pour-controler-ses-lunettes-ai-de-nouvelle-generation\/\",\"url\":\"https:\/\/vieassociative.be\/actualites\/meta-pourrait-devoiler-une-montre-intelligente-pour-controler-ses-lunettes-ai-de-nouvelle-generation\/\",\"name\":\"Meta pourrait d\u00e9voiler une montre intelligente pour contr\u00f4ler ses lunettes AI de nouvelle g\u00e9n\u00e9ration | Vie Associative\",\"isPartOf\":{\"@id\":\"https:\/\/vieassociative.be\/actualites\/#website\"},\"primaryImageOfPage\":{\"@id\":\"https:\/\/vieassociative.be\/actualites\/meta-pourrait-devoiler-une-montre-intelligente-pour-controler-ses-lunettes-ai-de-nouvelle-generation\/#primaryimage\"},\"image\":{\"@id\":\"https:\/\/vieassociative.be\/actualites\/meta-pourrait-devoiler-une-montre-intelligente-pour-controler-ses-lunettes-ai-de-nouvelle-generation\/#primaryimage\"},\"thumbnailUrl\":\"https:\/\/vieassociative.be\/actualites\/wp-content\/uploads\/2025\/09\/1757726238_Meta-pourrait-devoiler-une-montre-intelligente-pour-controler-ses-lunettes.jpg\",\"datePublished\":\"2025-09-13T01:17:17+00:00\",\"dateModified\":\"2025-09-13T01:17:17+00:00\",\"breadcrumb\":{\"@id\":\"https:\/\/vieassociative.be\/actualites\/meta-pourrait-devoiler-une-montre-intelligente-pour-controler-ses-lunettes-ai-de-nouvelle-generation\/#breadcrumb\"},\"inLanguage\":\"fr-BE\",\"potentialAction\":[{\"@type\":\"ReadAction\",\"target\":[\"https:\/\/vieassociative.be\/actualites\/meta-pourrait-devoiler-une-montre-intelligente-pour-controler-ses-lunettes-ai-de-nouvelle-generation\/\"]}]},{\"@type\":\"ImageObject\",\"inLanguage\":\"fr-BE\",\"@id\":\"https:\/\/vieassociative.be\/actualites\/meta-pourrait-devoiler-une-montre-intelligente-pour-controler-ses-lunettes-ai-de-nouvelle-generation\/#primaryimage\",\"url\":\"https:\/\/vieassociative.be\/actualites\/wp-content\/uploads\/2025\/09\/1757726238_Meta-pourrait-devoiler-une-montre-intelligente-pour-controler-ses-lunettes.jpg\",\"contentUrl\":\"https:\/\/vieassociative.be\/actualites\/wp-content\/uploads\/2025\/09\/1757726238_Meta-pourrait-devoiler-une-montre-intelligente-pour-controler-ses-lunettes.jpg\",\"width\":1200,\"height\":675,\"caption\":\"Meta pourrait d\u00e9voiler une montre intelligente pour contr\u00f4ler ses lunettes AI de nouvelle g\u00e9n\u00e9ration\"},{\"@type\":\"BreadcrumbList\",\"@id\":\"https:\/\/vieassociative.be\/actualites\/meta-pourrait-devoiler-une-montre-intelligente-pour-controler-ses-lunettes-ai-de-nouvelle-generation\/#breadcrumb\",\"itemListElement\":[{\"@type\":\"ListItem\",\"position\":1,\"name\":\"Accueil\",\"item\":\"https:\/\/vieassociative.be\/actualites\/\"},{\"@type\":\"ListItem\",\"position\":2,\"name\":\"Meta pourrait d\u00e9voiler une montre intelligente pour contr\u00f4ler ses lunettes AI de nouvelle g\u00e9n\u00e9ration\"}]},{\"@type\":\"WebSite\",\"@id\":\"https:\/\/vieassociative.be\/actualites\/#website\",\"url\":\"https:\/\/vieassociative.be\/actualites\/\",\"name\":\"Vie Associative\",\"description\":\"\",\"publisher\":{\"@id\":\"https:\/\/vieassociative.be\/actualites\/#organization\"},\"potentialAction\":[{\"@type\":\"SearchAction\",\"target\":{\"@type\":\"EntryPoint\",\"urlTemplate\":\"https:\/\/vieassociative.be\/actualites\/?s={search_term_string}\"},\"query-input\":{\"@type\":\"PropertyValueSpecification\",\"valueRequired\":true,\"valueName\":\"search_term_string\"}}],\"inLanguage\":\"fr-BE\"},{\"@type\":\"Organization\",\"@id\":\"https:\/\/vieassociative.be\/actualites\/#organization\",\"name\":\"Vie Associative\",\"url\":\"https:\/\/vieassociative.be\/actualites\/\",\"logo\":{\"@type\":\"ImageObject\",\"inLanguage\":\"fr-BE\",\"@id\":\"https:\/\/vieassociative.be\/actualites\/#\/schema\/logo\/image\/\",\"url\":\"https:\/\/vieassociative.be\/actualites\/wp-content\/uploads\/2024\/09\/cropped-vieassociative_favicon.ico.png\",\"contentUrl\":\"https:\/\/vieassociative.be\/actualites\/wp-content\/uploads\/2024\/09\/cropped-vieassociative_favicon.ico.png\",\"width\":512,\"height\":512,\"caption\":\"Vie Associative\"},\"image\":{\"@id\":\"https:\/\/vieassociative.be\/actualites\/#\/schema\/logo\/image\/\"}},{\"@type\":\"Person\",\"@id\":\"https:\/\/vieassociative.be\/actualites\/#\/schema\/person\/b87ac4f82f9d4e7b7cec7395b679edc4\",\"name\":\"Julien\",\"image\":{\"@type\":\"ImageObject\",\"inLanguage\":\"fr-BE\",\"@id\":\"https:\/\/vieassociative.be\/actualites\/#\/schema\/person\/image\/\",\"url\":\"https:\/\/vieassociative.be\/actualites\/wp-content\/uploads\/2024\/09\/vie-associative-1-150x150.jpg\",\"contentUrl\":\"https:\/\/vieassociative.be\/actualites\/wp-content\/uploads\/2024\/09\/vie-associative-1-150x150.jpg\",\"caption\":\"Julien\"},\"description\":\"Je suis Julien, r\u00e9dacteur pour Vie Associative. Passionn\u00e9 par le monde associatif depuis plus de 10 ans, j'ai \u00e0 c\u0153ur de partager des histoires inspirantes et de mettre en lumi\u00e8re les initiatives locales. Mon objectif est de sensibiliser et d'encourager l'engagement communautaire \u00e0 travers mes articles.\",\"sameAs\":[\"https:\/\/vieassociative.be\/\"]}]}<\/script>\n<!-- \/ Yoast SEO plugin. -->","yoast_head_json":{"title":"Meta pourrait d\u00e9voiler une montre intelligente pour contr\u00f4ler ses lunettes AI de nouvelle g\u00e9n\u00e9ration | Vie Associative","robots":{"index":"index","follow":"follow","max-snippet":"max-snippet:-1","max-image-preview":"max-image-preview:large","max-video-preview":"max-video-preview:-1"},"canonical":"https:\/\/vieassociative.be\/actualites\/meta-pourrait-devoiler-une-montre-intelligente-pour-controler-ses-lunettes-ai-de-nouvelle-generation\/","og_locale":"fr_FR","og_type":"article","og_title":"Meta pourrait d\u00e9voiler une montre intelligente pour contr\u00f4ler ses lunettes AI de nouvelle g\u00e9n\u00e9ration | Vie Associative","og_description":"Meta nous fera-t-il tous porter une montre intelligente sur nos poignets et Prada sur nos visages? Saviez-vous que vous pouvez personnaliser Google pour filtrer les","og_url":"https:\/\/vieassociative.be\/actualites\/meta-pourrait-devoiler-une-montre-intelligente-pour-controler-ses-lunettes-ai-de-nouvelle-generation\/","og_site_name":"Vie Associative","article_published_time":"2025-09-13T01:17:17+00:00","og_image":[{"url":"https:\/\/vieassociative.be\/actualites\/wp-content\/uploads\/2025\/09\/Meta-pourrait-devoiler-une-montre-intelligente-pour-controler-ses-lunettes.svg.svg+xml","type":"","width":"","height":""}],"author":"Julien","twitter_card":"summary_large_image","twitter_misc":{"\u00c9crit par":"Julien","Dur\u00e9e de lecture est.":"5 minutes"},"schema":{"@context":"https:\/\/schema.org","@graph":[{"@type":"Article","@id":"https:\/\/vieassociative.be\/actualites\/meta-pourrait-devoiler-une-montre-intelligente-pour-controler-ses-lunettes-ai-de-nouvelle-generation\/#article","isPartOf":{"@id":"https:\/\/vieassociative.be\/actualites\/meta-pourrait-devoiler-une-montre-intelligente-pour-controler-ses-lunettes-ai-de-nouvelle-generation\/"},"author":{"name":"Julien","@id":"https:\/\/vieassociative.be\/actualites\/#\/schema\/person\/b87ac4f82f9d4e7b7cec7395b679edc4"},"headline":"Meta pourrait d\u00e9voiler une montre intelligente pour contr\u00f4ler ses lunettes AI de nouvelle g\u00e9n\u00e9ration","datePublished":"2025-09-13T01:17:17+00:00","dateModified":"2025-09-13T01:17:17+00:00","mainEntityOfPage":{"@id":"https:\/\/vieassociative.be\/actualites\/meta-pourrait-devoiler-une-montre-intelligente-pour-controler-ses-lunettes-ai-de-nouvelle-generation\/"},"wordCount":1036,"publisher":{"@id":"https:\/\/vieassociative.be\/actualites\/#organization"},"image":{"@id":"https:\/\/vieassociative.be\/actualites\/meta-pourrait-devoiler-une-montre-intelligente-pour-controler-ses-lunettes-ai-de-nouvelle-generation\/#primaryimage"},"thumbnailUrl":"https:\/\/vieassociative.be\/actualites\/wp-content\/uploads\/2025\/09\/1757726238_Meta-pourrait-devoiler-une-montre-intelligente-pour-controler-ses-lunettes.jpg","keywords":["contr\u00f4ler","d\u00e9voiler","g\u00e9n\u00e9ration","intelligente","lunettes","Meta","montre","nouvelle","pour","pourrait","ses","une"],"articleSection":["Technologie"],"inLanguage":"fr-BE"},{"@type":"WebPage","@id":"https:\/\/vieassociative.be\/actualites\/meta-pourrait-devoiler-une-montre-intelligente-pour-controler-ses-lunettes-ai-de-nouvelle-generation\/","url":"https:\/\/vieassociative.be\/actualites\/meta-pourrait-devoiler-une-montre-intelligente-pour-controler-ses-lunettes-ai-de-nouvelle-generation\/","name":"Meta pourrait d\u00e9voiler une montre intelligente pour contr\u00f4ler ses lunettes AI de nouvelle g\u00e9n\u00e9ration | Vie Associative","isPartOf":{"@id":"https:\/\/vieassociative.be\/actualites\/#website"},"primaryImageOfPage":{"@id":"https:\/\/vieassociative.be\/actualites\/meta-pourrait-devoiler-une-montre-intelligente-pour-controler-ses-lunettes-ai-de-nouvelle-generation\/#primaryimage"},"image":{"@id":"https:\/\/vieassociative.be\/actualites\/meta-pourrait-devoiler-une-montre-intelligente-pour-controler-ses-lunettes-ai-de-nouvelle-generation\/#primaryimage"},"thumbnailUrl":"https:\/\/vieassociative.be\/actualites\/wp-content\/uploads\/2025\/09\/1757726238_Meta-pourrait-devoiler-une-montre-intelligente-pour-controler-ses-lunettes.jpg","datePublished":"2025-09-13T01:17:17+00:00","dateModified":"2025-09-13T01:17:17+00:00","breadcrumb":{"@id":"https:\/\/vieassociative.be\/actualites\/meta-pourrait-devoiler-une-montre-intelligente-pour-controler-ses-lunettes-ai-de-nouvelle-generation\/#breadcrumb"},"inLanguage":"fr-BE","potentialAction":[{"@type":"ReadAction","target":["https:\/\/vieassociative.be\/actualites\/meta-pourrait-devoiler-une-montre-intelligente-pour-controler-ses-lunettes-ai-de-nouvelle-generation\/"]}]},{"@type":"ImageObject","inLanguage":"fr-BE","@id":"https:\/\/vieassociative.be\/actualites\/meta-pourrait-devoiler-une-montre-intelligente-pour-controler-ses-lunettes-ai-de-nouvelle-generation\/#primaryimage","url":"https:\/\/vieassociative.be\/actualites\/wp-content\/uploads\/2025\/09\/1757726238_Meta-pourrait-devoiler-une-montre-intelligente-pour-controler-ses-lunettes.jpg","contentUrl":"https:\/\/vieassociative.be\/actualites\/wp-content\/uploads\/2025\/09\/1757726238_Meta-pourrait-devoiler-une-montre-intelligente-pour-controler-ses-lunettes.jpg","width":1200,"height":675,"caption":"Meta pourrait d\u00e9voiler une montre intelligente pour contr\u00f4ler ses lunettes AI de nouvelle g\u00e9n\u00e9ration"},{"@type":"BreadcrumbList","@id":"https:\/\/vieassociative.be\/actualites\/meta-pourrait-devoiler-une-montre-intelligente-pour-controler-ses-lunettes-ai-de-nouvelle-generation\/#breadcrumb","itemListElement":[{"@type":"ListItem","position":1,"name":"Accueil","item":"https:\/\/vieassociative.be\/actualites\/"},{"@type":"ListItem","position":2,"name":"Meta pourrait d\u00e9voiler une montre intelligente pour contr\u00f4ler ses lunettes AI de nouvelle g\u00e9n\u00e9ration"}]},{"@type":"WebSite","@id":"https:\/\/vieassociative.be\/actualites\/#website","url":"https:\/\/vieassociative.be\/actualites\/","name":"Vie Associative","description":"","publisher":{"@id":"https:\/\/vieassociative.be\/actualites\/#organization"},"potentialAction":[{"@type":"SearchAction","target":{"@type":"EntryPoint","urlTemplate":"https:\/\/vieassociative.be\/actualites\/?s={search_term_string}"},"query-input":{"@type":"PropertyValueSpecification","valueRequired":true,"valueName":"search_term_string"}}],"inLanguage":"fr-BE"},{"@type":"Organization","@id":"https:\/\/vieassociative.be\/actualites\/#organization","name":"Vie Associative","url":"https:\/\/vieassociative.be\/actualites\/","logo":{"@type":"ImageObject","inLanguage":"fr-BE","@id":"https:\/\/vieassociative.be\/actualites\/#\/schema\/logo\/image\/","url":"https:\/\/vieassociative.be\/actualites\/wp-content\/uploads\/2024\/09\/cropped-vieassociative_favicon.ico.png","contentUrl":"https:\/\/vieassociative.be\/actualites\/wp-content\/uploads\/2024\/09\/cropped-vieassociative_favicon.ico.png","width":512,"height":512,"caption":"Vie Associative"},"image":{"@id":"https:\/\/vieassociative.be\/actualites\/#\/schema\/logo\/image\/"}},{"@type":"Person","@id":"https:\/\/vieassociative.be\/actualites\/#\/schema\/person\/b87ac4f82f9d4e7b7cec7395b679edc4","name":"Julien","image":{"@type":"ImageObject","inLanguage":"fr-BE","@id":"https:\/\/vieassociative.be\/actualites\/#\/schema\/person\/image\/","url":"https:\/\/vieassociative.be\/actualites\/wp-content\/uploads\/2024\/09\/vie-associative-1-150x150.jpg","contentUrl":"https:\/\/vieassociative.be\/actualites\/wp-content\/uploads\/2024\/09\/vie-associative-1-150x150.jpg","caption":"Julien"},"description":"Je suis Julien, r\u00e9dacteur pour Vie Associative. Passionn\u00e9 par le monde associatif depuis plus de 10 ans, j'ai \u00e0 c\u0153ur de partager des histoires inspirantes et de mettre en lumi\u00e8re les initiatives locales. Mon objectif est de sensibiliser et d'encourager l'engagement communautaire \u00e0 travers mes articles.","sameAs":["https:\/\/vieassociative.be\/"]}]}},"_links":{"self":[{"href":"https:\/\/vieassociative.be\/actualites\/wp-json\/wp\/v2\/posts\/10005"}],"collection":[{"href":"https:\/\/vieassociative.be\/actualites\/wp-json\/wp\/v2\/posts"}],"about":[{"href":"https:\/\/vieassociative.be\/actualites\/wp-json\/wp\/v2\/types\/post"}],"author":[{"embeddable":true,"href":"https:\/\/vieassociative.be\/actualites\/wp-json\/wp\/v2\/users\/1"}],"replies":[{"embeddable":true,"href":"https:\/\/vieassociative.be\/actualites\/wp-json\/wp\/v2\/comments?post=10005"}],"version-history":[{"count":0,"href":"https:\/\/vieassociative.be\/actualites\/wp-json\/wp\/v2\/posts\/10005\/revisions"}],"wp:featuredmedia":[{"embeddable":true,"href":"https:\/\/vieassociative.be\/actualites\/wp-json\/wp\/v2\/media\/10006"}],"wp:attachment":[{"href":"https:\/\/vieassociative.be\/actualites\/wp-json\/wp\/v2\/media?parent=10005"}],"wp:term":[{"taxonomy":"category","embeddable":true,"href":"https:\/\/vieassociative.be\/actualites\/wp-json\/wp\/v2\/categories?post=10005"},{"taxonomy":"post_tag","embeddable":true,"href":"https:\/\/vieassociative.be\/actualites\/wp-json\/wp\/v2\/tags?post=10005"}],"curies":[{"name":"wp","href":"https:\/\/api.w.org\/{rel}","templated":true}]}}