{"id":10001,"date":"2025-09-12T22:17:04","date_gmt":"2025-09-12T20:17:04","guid":{"rendered":"https:\/\/vieassociative.be\/actualites\/freddy-cremer-prodg-ne-me-voyez-pas-comme-un-vassal-ou-comme-un-heraut-du-premier-ministre\/"},"modified":"2025-09-12T22:17:04","modified_gmt":"2025-09-12T20:17:04","slug":"freddy-cremer-prodg-ne-me-voyez-pas-comme-un-vassal-ou-comme-un-heraut-du-premier-ministre","status":"publish","type":"post","link":"https:\/\/vieassociative.be\/actualites\/freddy-cremer-prodg-ne-me-voyez-pas-comme-un-vassal-ou-comme-un-heraut-du-premier-ministre\/","title":{"rendered":"Freddy Cremer (Prodg): \u00ab\u00a0Ne me voyez pas comme un vassal ou comme un h\u00e9raut du Premier ministre\u00a0\u00bb"},"content":{"rendered":"<p><strong>Dans la perspective de la session pl\u00e9ni\u00e8re \u00e0 partir de ce lundi 15 septembre, au cours de laquelle le Premier ministre Oliver Paasch (ProDG) donnera une explication de politique communautaire tr\u00e8s attendue, la faction Prodg a annonc\u00e9 un changement de personnel dans le cadre d&rsquo;une conf\u00e9rence de presse et a \u00e9galement acquis une perspective sur la nouvelle p\u00e9riode 2025-2026. <\/strong><\/p>\n<p><span id=\"more-424364\"><\/span>\u00c0 cette occasion, \u00ab\u00a0Orient Belgique directement\u00a0\u00bb a demand\u00e9 au chef du groupe parlementaire de Prodg, Freddy Cremer (68).<\/p>\n<p><strong>OD: Pourquoi Freddy Cremer n&rsquo;est-elle jamais devenue ministre ou pr\u00e9sidente du Parlement?<\/strong><\/p>\n<p><strong>Freddy Cremer:<\/strong> Je suis membre du Parlement communautaire allemand depuis janvier 2011. Depuis 2019, je suis pr\u00e9sident du groupe Prodg, qui est la faction la plus forte du Parlement depuis les \u00e9lections de juin 2024 avec huit mandatars.<\/p>\n<div id=\"attachment_424391\" class=\"wp-caption alignleft\" style=\"max-width: 200px\"><img fetchpriority=\"high\" decoding=\"async\" class=\"wp-image-424391 size-medium\" src=\"https:\/\/vieassociative.be\/actualites\/wp-content\/uploads\/2025\/09\/Freddy-Cremer-Prodg-Ne-me-voyez-pas-comme-un-vassal.jpg\" alt=\"\" width=\"200\" height=\"300\"  ><\/div>\n<p>La coordination des travaux de groupe parlementaire et la gestion du secr\u00e9tariat de groupe parlementaire sont des t\u00e2ches qui ne sont pas r\u00e9alis\u00e9es dans le temps qui sont \u00e0 peine effectu\u00e9es par le public, mais qui sont importantes pour le bon fonctionnement du travail parlementaire. Je me sens \u00e0 l&rsquo;aise dans ce r\u00f4le et le travail dans cette \u00e9quipe de huit est enrichissant.<\/p>\n<p>Avec votre question, vous mettez une puce dans mon oreille. Comme je suis encore assez jeune, en cas de r\u00e9\u00e9lection et d&rsquo;autres investissements majoritaires par ProDG, je postulerai d&rsquo;abord \u00e0 un poste minist\u00e9riel pour un bureau minist\u00e9riel et \u00e0 la l\u00e9gislature ult\u00e9rieure pour le pr\u00e9sident du Parlement. Ou peut-\u00eatre aussi dans l&rsquo;ordre inverse.<\/p>\n<p><strong>OD: Qu&rsquo;est-ce qui est si attrayant dans l&rsquo;activit\u00e9 du chef de groupe parlementaire, qui consiste essentiellement \u00e0 r\u00e9p\u00e9ter, confirmer et louer ce que le premier ministre Oliver Paasch a pr\u00e9c\u00e9demment tromp\u00e9?<\/strong><\/p>\n<p><strong>Freddy Cremer:<\/strong> Je ne me consid\u00e8re pas comme un vassal ou un h\u00e9raut du Premier ministre. Mon affaire de jour \u00e0 jour n&rsquo;est pas de louer le Premier ministre. En tant que pr\u00e9sident de la fraction majoritaire la plus forte, ma t\u00e2che principale est de mettre en \u0153uvre progressivement l&rsquo;accord de coalition et le programme gouvernemental sur lequel vous \u00eates d&rsquo;accord apr\u00e8s les \u00e9lections du 9 juin 2024, qui n&rsquo;est en aucun cas limit\u00e9 \u00e0 la personne du Premier ministre au Parlement et en public. Cela n&rsquo;a rien \u00e0 voir avec une servilit\u00e9 soumise ax\u00e9e sur la personne du Premier ministre. C&rsquo;est une loyaut\u00e9 envers cette majorit\u00e9 et ce gouvernement.<\/p>\n<div id=\"attachment_424375\" class=\"wp-caption alignleft\" style=\"max-width: 300px\"><img decoding=\"async\" class=\"wp-image-424375 size-medium\" src=\"https:\/\/vieassociative.be\/actualites\/wp-content\/uploads\/2025\/09\/1757708224_691_Freddy-Cremer-Prodg-Ne-me-voyez-pas-comme-un-vassal.jpg\" alt=\"\" width=\"300\" height=\"200\"  ><\/div>\n<p>\u00c0 l&rsquo;inverse, cependant, cela ne signifie pas que les factions majoritaires prennent en charge les statistiques du gouvernement aveugl\u00e9ment et sans critique. Dans de nombreuses r\u00e9unions de faction et majoritairement internes, l&rsquo;action gouvernementale est mise \u00e0 l&rsquo;\u00e9preuve.<\/p>\n<p>Cependant, je n&rsquo;ai pas \u00e0 me mettre dans les m\u00e9dias efficacement sur le PDE du PDG et \u00e0 critiquer le gouvernement ou \u00e0 exprimer mon m\u00e9contentement politique dans les communiqu\u00e9s de presse. Cela r\u00e9duirait en toute s\u00e9curit\u00e9 le d\u00e9bat, mais d&rsquo;un autre c\u00f4t\u00e9, l&rsquo;action de cette majorit\u00e9 se cache progressivement. Chaque gouvernement \u00e9chouerait; La coalition de la circulation en Allemagne en a fourni un exemple illustre.<\/p>\n<p>Cela ne correspond pas \u00e0 ma compr\u00e9hension de la politique responsable. La d\u00e9mocratie parlementaire ne peut donc pas fonctionner. Si vous m&rsquo;accusez ensuite de r\u00e9p\u00e9ter les statistiques du gouvernement, je peux certainement vivre avec cette objection.<\/p>\n<p><strong>OD: Avez-vous vraiment compris pourquoi ProDG est entr\u00e9 dans une alliance avec le CSP apr\u00e8s l&rsquo;\u00e9lection du PDG \u00e0 partir de juin 2024, m\u00eame si l&rsquo;ancienne coalition avec SP et PFF continue d&rsquo;avoir une majorit\u00e9?<\/strong><\/p>\n<p><strong>Freddy Cremer:<\/strong> Si je ne comprenais pas cela, je serais d\u00e9plac\u00e9. Voici quelques explications. Contrairement au gang URN 2019, lorsque les trois partenaires de la coalition \u00e0 l&rsquo;\u00e9poque avaient d\u00e9clar\u00e9 qu&rsquo;en cas de majorit\u00e9 de si\u00e8ges dans le PDG, ProDG n&rsquo;avait pas fait de d\u00e9claration de coalition avant les \u00e9lections du 9 juin 2024. Bien avant que le scrutin, notre premier candidat n&rsquo;ait expliqu\u00e9 des moments impitoyables que la r\u00e9serve de vote n&rsquo;attendrait en premier pour qu&rsquo;au cours des dispositions exploratoires. Sur les trois partenaires de la coalition, seuls le SP a d\u00fb perdre des voix.<\/p>\n<div id=\"attachment_391705\" class=\"wp-caption alignleft\" style=\"max-width: 300px\"><img decoding=\"async\" class=\"wp-image-391705 size-medium\" src=\"https:\/\/vieassociative.be\/actualites\/wp-content\/uploads\/2025\/09\/1757708224_721_Freddy-Cremer-Prodg-Ne-me-voyez-pas-comme-un-vassal.jpg\" alt=\"\" width=\"300\" height=\"201\"  ><\/div>\n<p>Un changement de coalition n&rsquo;est pas inhabituel, il appartient \u00e0 l&rsquo;habitude d\u00e9mocratique. Il s&rsquo;agit m\u00eame d&rsquo;une condition pr\u00e9alable importante pour une structure d\u00e9mocratique. Si le SP crie apr\u00e8s la formation de la nouvelle coalition \u00ab\u00a0Zeter et Mordio\u00a0\u00bb, je peux sympathiser avec elle, mais le processus n&rsquo;a rien librement. Il n&rsquo;y a pas de fid\u00e9lit\u00e9 nibelungen que le mouvement des citoyens ind\u00e9pendants prodg se lie au SP. En politique, il n&rsquo;y a rien pour l&rsquo;\u00e9ternit\u00e9.<\/p>\n<p>En outre, vers la fin de l&rsquo;Assembl\u00e9e l\u00e9gislative 2019-2024 au sein de la coalition, si je peux utiliser une comparaison de la puissance nucl\u00e9aire \u00ab\u00a0fissures \u00e0 l&rsquo;aiguille \u00e0 cheveux\u00a0\u00bb. Il y avait des tensions croissantes, de sorte que dans nos comit\u00e9s internes de produits, les voix sont devenues de plus en plus fortes apr\u00e8s un changement politique.<\/p>\n<p>Mais ce n&rsquo;\u00e9tait essentiellement pas une d\u00e9cision contre un ancien partenaire de coalition, mais plut\u00f4t une d\u00e9cision pour une nouvelle coalition. Cette nouvelle coalition a \u00e9t\u00e9 choisie parce que les intersections dans les zones fondamentales de nos responsabilit\u00e9s sont tr\u00e8s importantes, m\u00eame s&rsquo;il existe des diff\u00e9rences de contenu sur les questions individuelles.<\/p>\n<p>Dans cette l\u00e9gislature, des d\u00e9cisions directionnelles devront \u00eatre prises &#8211; je n&rsquo;appelle que l&rsquo;adoption de la l\u00e9gislation sur l&rsquo;am\u00e9nagement du territoire, la mise en \u0153uvre de la vision \u00e9ducative, les r\u00e9formes institutionnelles \u00e0 venir, les contraintes d&rsquo;\u00e9pargne &#8211; qui n\u00e9cessitent une grande acceptation sociale et une grande majorit\u00e9 dans le PDG. Cette condition est donn\u00e9e avec le nouveau partenaire de coalition. (Cre)<\/p>\n<h3>Changement personnel dans le groupe prodg<\/h3>\n<div id=\"attachment_424392\" class=\"wp-caption alignleft\" style=\"max-width: 300px\"><img loading=\"lazy\" decoding=\"async\" class=\"wp-image-424392 size-medium\" src=\"https:\/\/vieassociative.be\/actualites\/wp-content\/uploads\/2025\/09\/1757708224_389_Freddy-Cremer-Prodg-Ne-me-voyez-pas-comme-un-vassal.jpg\" alt=\"\" width=\"300\" height=\"200\"  ><\/div>\n<p>Changement dans le groupe parlementaire de Prodg au d\u00e9but de la nouvelle p\u00e9riode de session: Lisa G\u00f6bbels a d\u00e9cid\u00e9 de fournir sa place au Parlement du DG. Le facteur d\u00e9cisif de cette d\u00e9cision a \u00e9t\u00e9 la naissance de son deuxi\u00e8me enfant et de ses t\u00e2ches professionnelles en tant que directrice de l&rsquo;\u00e9cole primaire du Royal Athenaeum Eupen.<\/p>\n<p>Le mandat de Lisa G\u00f6bbels prendra le contr\u00f4le de Karin Messerich \u00e0 l&rsquo;avenir. Elle a 54 ans et vient de St. Vith. Elle vit avec sa famille \u00e0 Breitfeld-Wiesenbach depuis 18 ans. Elle est mari\u00e9e et m\u00e8re de trois enfants.<\/p>\n<p>Professionnellement, elle est professeur d&rsquo;\u00e9cole primaire depuis 1993. En plus de son activit\u00e9 d&rsquo;enseignement, elle a \u00e9t\u00e9 form\u00e9e en plus du professeur agricole. Depuis huit ans maintenant, elle enseigne aux abeilles avec beaucoup d&rsquo;engagement envers les \u00e9coles \u00e9l\u00e9mentaires et secondaires.<\/p>\n<p>Elle fait \u00e9galement des b\u00e9n\u00e9voles: en tant que guide de la ville \u00e0 St. Vith, dans l&rsquo;initiative des citoyens au ch\u00e2teau de St. Vith et au comit\u00e9 M\u00f6hnen de la ville, elle est fermement ancr\u00e9e dans la vie locale.<\/p>\n","protected":false},"excerpt":{"rendered":"<p>Dans la perspective de la session pl\u00e9ni\u00e8re \u00e0 partir de ce lundi 15 septembre, au cours de laquelle le Premier ministre Oliver Paasch (ProDG) donnera<\/p>\n","protected":false},"author":1,"featured_media":10002,"comment_status":"","ping_status":"","sticky":false,"template":"","format":"standard","meta":{"footnotes":""},"categories":[298],"tags":[1254,8521,4912,8525,1245,126,443,8522,8524,8523],"class_list":["post-10001","post","type-post","status-publish","format-standard","has-post-thumbnail","hentry","category-belgique","tag-comme","tag-cremer","tag-freddy","tag-heraut","tag-ministre","tag-pas","tag-premier","tag-prodg","tag-vassal","tag-voyez","generate-columns","tablet-grid-50","mobile-grid-100","grid-parent","grid-33"],"yoast_head":"<!-- This site is optimized with the Yoast SEO plugin v24.0 - https:\/\/yoast.com\/wordpress\/plugins\/seo\/ -->\n<title>Freddy Cremer (Prodg): &quot;Ne me voyez pas comme un vassal ou comme un h\u00e9raut du Premier ministre&quot; | Vie Associative<\/title>\n<meta name=\"robots\" content=\"index, follow, max-snippet:-1, max-image-preview:large, max-video-preview:-1\" \/>\n<link rel=\"canonical\" href=\"https:\/\/vieassociative.be\/actualites\/freddy-cremer-prodg-ne-me-voyez-pas-comme-un-vassal-ou-comme-un-heraut-du-premier-ministre\/\" \/>\n<meta property=\"og:locale\" content=\"fr_FR\" \/>\n<meta property=\"og:type\" content=\"article\" \/>\n<meta property=\"og:title\" content=\"Freddy Cremer (Prodg): &quot;Ne me voyez pas comme un vassal ou comme un h\u00e9raut du Premier ministre&quot; | Vie Associative\" \/>\n<meta property=\"og:description\" content=\"Dans la perspective de la session pl\u00e9ni\u00e8re \u00e0 partir de ce lundi 15 septembre, au cours de laquelle le Premier ministre Oliver Paasch (ProDG) donnera\" \/>\n<meta property=\"og:url\" content=\"https:\/\/vieassociative.be\/actualites\/freddy-cremer-prodg-ne-me-voyez-pas-comme-un-vassal-ou-comme-un-heraut-du-premier-ministre\/\" \/>\n<meta property=\"og:site_name\" content=\"Vie Associative\" \/>\n<meta property=\"article:published_time\" content=\"2025-09-12T20:17:04+00:00\" \/>\n<meta property=\"og:image\" content=\"https:\/\/vieassociative.be\/actualites\/wp-content\/uploads\/2024\/09\/header_backgroundk-01-e1726694325946.png\" \/>\n\t<meta property=\"og:image:width\" content=\"279\" \/>\n\t<meta property=\"og:image:height\" content=\"92\" \/>\n\t<meta property=\"og:image:type\" content=\"image\/png\" \/>\n<meta name=\"author\" content=\"Julien\" \/>\n<meta name=\"twitter:card\" content=\"summary_large_image\" \/>\n<meta name=\"twitter:label1\" content=\"\u00c9crit par\" \/>\n\t<meta name=\"twitter:data1\" content=\"Julien\" \/>\n\t<meta name=\"twitter:label2\" content=\"Dur\u00e9e de lecture est.\" \/>\n\t<meta name=\"twitter:data2\" content=\"6 minutes\" \/>\n<script type=\"application\/ld+json\" class=\"yoast-schema-graph\">{\"@context\":\"https:\/\/schema.org\",\"@graph\":[{\"@type\":\"Article\",\"@id\":\"https:\/\/vieassociative.be\/actualites\/freddy-cremer-prodg-ne-me-voyez-pas-comme-un-vassal-ou-comme-un-heraut-du-premier-ministre\/#article\",\"isPartOf\":{\"@id\":\"https:\/\/vieassociative.be\/actualites\/freddy-cremer-prodg-ne-me-voyez-pas-comme-un-vassal-ou-comme-un-heraut-du-premier-ministre\/\"},\"author\":{\"name\":\"Julien\",\"@id\":\"https:\/\/vieassociative.be\/actualites\/#\/schema\/person\/b87ac4f82f9d4e7b7cec7395b679edc4\"},\"headline\":\"Freddy Cremer (Prodg): \u00ab\u00a0Ne me voyez pas comme un vassal ou comme un h\u00e9raut du Premier ministre\u00a0\u00bb\",\"datePublished\":\"2025-09-12T20:17:04+00:00\",\"dateModified\":\"2025-09-12T20:17:04+00:00\",\"mainEntityOfPage\":{\"@id\":\"https:\/\/vieassociative.be\/actualites\/freddy-cremer-prodg-ne-me-voyez-pas-comme-un-vassal-ou-comme-un-heraut-du-premier-ministre\/\"},\"wordCount\":1207,\"publisher\":{\"@id\":\"https:\/\/vieassociative.be\/actualites\/#organization\"},\"image\":{\"@id\":\"https:\/\/vieassociative.be\/actualites\/freddy-cremer-prodg-ne-me-voyez-pas-comme-un-vassal-ou-comme-un-heraut-du-premier-ministre\/#primaryimage\"},\"thumbnailUrl\":\"https:\/\/vieassociative.be\/actualites\/wp-content\/uploads\/2025\/09\/1757708225_Freddy-Cremer-Prodg-Ne-me-voyez-pas-comme-un-vassal.jpg\",\"keywords\":[\"comme\",\"Cremer\",\"Freddy\",\"h\u00e9raut\",\"ministre\",\"pas\",\"premier\",\"Prodg\",\"vassal\",\"voyez\"],\"articleSection\":[\"Belgique\"],\"inLanguage\":\"fr-BE\"},{\"@type\":\"WebPage\",\"@id\":\"https:\/\/vieassociative.be\/actualites\/freddy-cremer-prodg-ne-me-voyez-pas-comme-un-vassal-ou-comme-un-heraut-du-premier-ministre\/\",\"url\":\"https:\/\/vieassociative.be\/actualites\/freddy-cremer-prodg-ne-me-voyez-pas-comme-un-vassal-ou-comme-un-heraut-du-premier-ministre\/\",\"name\":\"Freddy Cremer (Prodg): \\\"Ne me voyez pas comme un vassal ou comme un h\u00e9raut du Premier ministre\\\" | Vie Associative\",\"isPartOf\":{\"@id\":\"https:\/\/vieassociative.be\/actualites\/#website\"},\"primaryImageOfPage\":{\"@id\":\"https:\/\/vieassociative.be\/actualites\/freddy-cremer-prodg-ne-me-voyez-pas-comme-un-vassal-ou-comme-un-heraut-du-premier-ministre\/#primaryimage\"},\"image\":{\"@id\":\"https:\/\/vieassociative.be\/actualites\/freddy-cremer-prodg-ne-me-voyez-pas-comme-un-vassal-ou-comme-un-heraut-du-premier-ministre\/#primaryimage\"},\"thumbnailUrl\":\"https:\/\/vieassociative.be\/actualites\/wp-content\/uploads\/2025\/09\/1757708225_Freddy-Cremer-Prodg-Ne-me-voyez-pas-comme-un-vassal.jpg\",\"datePublished\":\"2025-09-12T20:17:04+00:00\",\"dateModified\":\"2025-09-12T20:17:04+00:00\",\"breadcrumb\":{\"@id\":\"https:\/\/vieassociative.be\/actualites\/freddy-cremer-prodg-ne-me-voyez-pas-comme-un-vassal-ou-comme-un-heraut-du-premier-ministre\/#breadcrumb\"},\"inLanguage\":\"fr-BE\",\"potentialAction\":[{\"@type\":\"ReadAction\",\"target\":[\"https:\/\/vieassociative.be\/actualites\/freddy-cremer-prodg-ne-me-voyez-pas-comme-un-vassal-ou-comme-un-heraut-du-premier-ministre\/\"]}]},{\"@type\":\"ImageObject\",\"inLanguage\":\"fr-BE\",\"@id\":\"https:\/\/vieassociative.be\/actualites\/freddy-cremer-prodg-ne-me-voyez-pas-comme-un-vassal-ou-comme-un-heraut-du-premier-ministre\/#primaryimage\",\"url\":\"https:\/\/vieassociative.be\/actualites\/wp-content\/uploads\/2025\/09\/1757708225_Freddy-Cremer-Prodg-Ne-me-voyez-pas-comme-un-vassal.jpg\",\"contentUrl\":\"https:\/\/vieassociative.be\/actualites\/wp-content\/uploads\/2025\/09\/1757708225_Freddy-Cremer-Prodg-Ne-me-voyez-pas-comme-un-vassal.jpg\",\"width\":1200,\"height\":908,\"caption\":\"Freddy Cremer (Prodg): \\\"Ne me voyez pas comme un vassal ou comme un h\u00e9raut du Premier ministre\\\"\"},{\"@type\":\"BreadcrumbList\",\"@id\":\"https:\/\/vieassociative.be\/actualites\/freddy-cremer-prodg-ne-me-voyez-pas-comme-un-vassal-ou-comme-un-heraut-du-premier-ministre\/#breadcrumb\",\"itemListElement\":[{\"@type\":\"ListItem\",\"position\":1,\"name\":\"Accueil\",\"item\":\"https:\/\/vieassociative.be\/actualites\/\"},{\"@type\":\"ListItem\",\"position\":2,\"name\":\"Freddy Cremer (Prodg): \u00ab\u00a0Ne me voyez pas comme un vassal ou comme un h\u00e9raut du Premier ministre\u00a0\u00bb\"}]},{\"@type\":\"WebSite\",\"@id\":\"https:\/\/vieassociative.be\/actualites\/#website\",\"url\":\"https:\/\/vieassociative.be\/actualites\/\",\"name\":\"Vie Associative\",\"description\":\"\",\"publisher\":{\"@id\":\"https:\/\/vieassociative.be\/actualites\/#organization\"},\"potentialAction\":[{\"@type\":\"SearchAction\",\"target\":{\"@type\":\"EntryPoint\",\"urlTemplate\":\"https:\/\/vieassociative.be\/actualites\/?s={search_term_string}\"},\"query-input\":{\"@type\":\"PropertyValueSpecification\",\"valueRequired\":true,\"valueName\":\"search_term_string\"}}],\"inLanguage\":\"fr-BE\"},{\"@type\":\"Organization\",\"@id\":\"https:\/\/vieassociative.be\/actualites\/#organization\",\"name\":\"Vie Associative\",\"url\":\"https:\/\/vieassociative.be\/actualites\/\",\"logo\":{\"@type\":\"ImageObject\",\"inLanguage\":\"fr-BE\",\"@id\":\"https:\/\/vieassociative.be\/actualites\/#\/schema\/logo\/image\/\",\"url\":\"https:\/\/vieassociative.be\/actualites\/wp-content\/uploads\/2024\/09\/cropped-vieassociative_favicon.ico.png\",\"contentUrl\":\"https:\/\/vieassociative.be\/actualites\/wp-content\/uploads\/2024\/09\/cropped-vieassociative_favicon.ico.png\",\"width\":512,\"height\":512,\"caption\":\"Vie Associative\"},\"image\":{\"@id\":\"https:\/\/vieassociative.be\/actualites\/#\/schema\/logo\/image\/\"}},{\"@type\":\"Person\",\"@id\":\"https:\/\/vieassociative.be\/actualites\/#\/schema\/person\/b87ac4f82f9d4e7b7cec7395b679edc4\",\"name\":\"Julien\",\"image\":{\"@type\":\"ImageObject\",\"inLanguage\":\"fr-BE\",\"@id\":\"https:\/\/vieassociative.be\/actualites\/#\/schema\/person\/image\/\",\"url\":\"https:\/\/vieassociative.be\/actualites\/wp-content\/uploads\/2024\/09\/vie-associative-1-150x150.jpg\",\"contentUrl\":\"https:\/\/vieassociative.be\/actualites\/wp-content\/uploads\/2024\/09\/vie-associative-1-150x150.jpg\",\"caption\":\"Julien\"},\"description\":\"Je suis Julien, r\u00e9dacteur pour Vie Associative. Passionn\u00e9 par le monde associatif depuis plus de 10 ans, j'ai \u00e0 c\u0153ur de partager des histoires inspirantes et de mettre en lumi\u00e8re les initiatives locales. Mon objectif est de sensibiliser et d'encourager l'engagement communautaire \u00e0 travers mes articles.\",\"sameAs\":[\"https:\/\/vieassociative.be\/\"]}]}<\/script>\n<!-- \/ Yoast SEO plugin. -->","yoast_head_json":{"title":"Freddy Cremer (Prodg): \"Ne me voyez pas comme un vassal ou comme un h\u00e9raut du Premier ministre\" | Vie Associative","robots":{"index":"index","follow":"follow","max-snippet":"max-snippet:-1","max-image-preview":"max-image-preview:large","max-video-preview":"max-video-preview:-1"},"canonical":"https:\/\/vieassociative.be\/actualites\/freddy-cremer-prodg-ne-me-voyez-pas-comme-un-vassal-ou-comme-un-heraut-du-premier-ministre\/","og_locale":"fr_FR","og_type":"article","og_title":"Freddy Cremer (Prodg): \"Ne me voyez pas comme un vassal ou comme un h\u00e9raut du Premier ministre\" | Vie Associative","og_description":"Dans la perspective de la session pl\u00e9ni\u00e8re \u00e0 partir de ce lundi 15 septembre, au cours de laquelle le Premier ministre Oliver Paasch (ProDG) donnera","og_url":"https:\/\/vieassociative.be\/actualites\/freddy-cremer-prodg-ne-me-voyez-pas-comme-un-vassal-ou-comme-un-heraut-du-premier-ministre\/","og_site_name":"Vie Associative","article_published_time":"2025-09-12T20:17:04+00:00","og_image":[{"width":279,"height":92,"url":"https:\/\/vieassociative.be\/actualites\/wp-content\/uploads\/2024\/09\/header_backgroundk-01-e1726694325946.png","type":"image\/png"}],"author":"Julien","twitter_card":"summary_large_image","twitter_misc":{"\u00c9crit par":"Julien","Dur\u00e9e de lecture est.":"6 minutes"},"schema":{"@context":"https:\/\/schema.org","@graph":[{"@type":"Article","@id":"https:\/\/vieassociative.be\/actualites\/freddy-cremer-prodg-ne-me-voyez-pas-comme-un-vassal-ou-comme-un-heraut-du-premier-ministre\/#article","isPartOf":{"@id":"https:\/\/vieassociative.be\/actualites\/freddy-cremer-prodg-ne-me-voyez-pas-comme-un-vassal-ou-comme-un-heraut-du-premier-ministre\/"},"author":{"name":"Julien","@id":"https:\/\/vieassociative.be\/actualites\/#\/schema\/person\/b87ac4f82f9d4e7b7cec7395b679edc4"},"headline":"Freddy Cremer (Prodg): \u00ab\u00a0Ne me voyez pas comme un vassal ou comme un h\u00e9raut du Premier ministre\u00a0\u00bb","datePublished":"2025-09-12T20:17:04+00:00","dateModified":"2025-09-12T20:17:04+00:00","mainEntityOfPage":{"@id":"https:\/\/vieassociative.be\/actualites\/freddy-cremer-prodg-ne-me-voyez-pas-comme-un-vassal-ou-comme-un-heraut-du-premier-ministre\/"},"wordCount":1207,"publisher":{"@id":"https:\/\/vieassociative.be\/actualites\/#organization"},"image":{"@id":"https:\/\/vieassociative.be\/actualites\/freddy-cremer-prodg-ne-me-voyez-pas-comme-un-vassal-ou-comme-un-heraut-du-premier-ministre\/#primaryimage"},"thumbnailUrl":"https:\/\/vieassociative.be\/actualites\/wp-content\/uploads\/2025\/09\/1757708225_Freddy-Cremer-Prodg-Ne-me-voyez-pas-comme-un-vassal.jpg","keywords":["comme","Cremer","Freddy","h\u00e9raut","ministre","pas","premier","Prodg","vassal","voyez"],"articleSection":["Belgique"],"inLanguage":"fr-BE"},{"@type":"WebPage","@id":"https:\/\/vieassociative.be\/actualites\/freddy-cremer-prodg-ne-me-voyez-pas-comme-un-vassal-ou-comme-un-heraut-du-premier-ministre\/","url":"https:\/\/vieassociative.be\/actualites\/freddy-cremer-prodg-ne-me-voyez-pas-comme-un-vassal-ou-comme-un-heraut-du-premier-ministre\/","name":"Freddy Cremer (Prodg): \"Ne me voyez pas comme un vassal ou comme un h\u00e9raut du Premier ministre\" | Vie Associative","isPartOf":{"@id":"https:\/\/vieassociative.be\/actualites\/#website"},"primaryImageOfPage":{"@id":"https:\/\/vieassociative.be\/actualites\/freddy-cremer-prodg-ne-me-voyez-pas-comme-un-vassal-ou-comme-un-heraut-du-premier-ministre\/#primaryimage"},"image":{"@id":"https:\/\/vieassociative.be\/actualites\/freddy-cremer-prodg-ne-me-voyez-pas-comme-un-vassal-ou-comme-un-heraut-du-premier-ministre\/#primaryimage"},"thumbnailUrl":"https:\/\/vieassociative.be\/actualites\/wp-content\/uploads\/2025\/09\/1757708225_Freddy-Cremer-Prodg-Ne-me-voyez-pas-comme-un-vassal.jpg","datePublished":"2025-09-12T20:17:04+00:00","dateModified":"2025-09-12T20:17:04+00:00","breadcrumb":{"@id":"https:\/\/vieassociative.be\/actualites\/freddy-cremer-prodg-ne-me-voyez-pas-comme-un-vassal-ou-comme-un-heraut-du-premier-ministre\/#breadcrumb"},"inLanguage":"fr-BE","potentialAction":[{"@type":"ReadAction","target":["https:\/\/vieassociative.be\/actualites\/freddy-cremer-prodg-ne-me-voyez-pas-comme-un-vassal-ou-comme-un-heraut-du-premier-ministre\/"]}]},{"@type":"ImageObject","inLanguage":"fr-BE","@id":"https:\/\/vieassociative.be\/actualites\/freddy-cremer-prodg-ne-me-voyez-pas-comme-un-vassal-ou-comme-un-heraut-du-premier-ministre\/#primaryimage","url":"https:\/\/vieassociative.be\/actualites\/wp-content\/uploads\/2025\/09\/1757708225_Freddy-Cremer-Prodg-Ne-me-voyez-pas-comme-un-vassal.jpg","contentUrl":"https:\/\/vieassociative.be\/actualites\/wp-content\/uploads\/2025\/09\/1757708225_Freddy-Cremer-Prodg-Ne-me-voyez-pas-comme-un-vassal.jpg","width":1200,"height":908,"caption":"Freddy Cremer (Prodg): \"Ne me voyez pas comme un vassal ou comme un h\u00e9raut du Premier ministre\""},{"@type":"BreadcrumbList","@id":"https:\/\/vieassociative.be\/actualites\/freddy-cremer-prodg-ne-me-voyez-pas-comme-un-vassal-ou-comme-un-heraut-du-premier-ministre\/#breadcrumb","itemListElement":[{"@type":"ListItem","position":1,"name":"Accueil","item":"https:\/\/vieassociative.be\/actualites\/"},{"@type":"ListItem","position":2,"name":"Freddy Cremer (Prodg): \u00ab\u00a0Ne me voyez pas comme un vassal ou comme un h\u00e9raut du Premier ministre\u00a0\u00bb"}]},{"@type":"WebSite","@id":"https:\/\/vieassociative.be\/actualites\/#website","url":"https:\/\/vieassociative.be\/actualites\/","name":"Vie Associative","description":"","publisher":{"@id":"https:\/\/vieassociative.be\/actualites\/#organization"},"potentialAction":[{"@type":"SearchAction","target":{"@type":"EntryPoint","urlTemplate":"https:\/\/vieassociative.be\/actualites\/?s={search_term_string}"},"query-input":{"@type":"PropertyValueSpecification","valueRequired":true,"valueName":"search_term_string"}}],"inLanguage":"fr-BE"},{"@type":"Organization","@id":"https:\/\/vieassociative.be\/actualites\/#organization","name":"Vie Associative","url":"https:\/\/vieassociative.be\/actualites\/","logo":{"@type":"ImageObject","inLanguage":"fr-BE","@id":"https:\/\/vieassociative.be\/actualites\/#\/schema\/logo\/image\/","url":"https:\/\/vieassociative.be\/actualites\/wp-content\/uploads\/2024\/09\/cropped-vieassociative_favicon.ico.png","contentUrl":"https:\/\/vieassociative.be\/actualites\/wp-content\/uploads\/2024\/09\/cropped-vieassociative_favicon.ico.png","width":512,"height":512,"caption":"Vie Associative"},"image":{"@id":"https:\/\/vieassociative.be\/actualites\/#\/schema\/logo\/image\/"}},{"@type":"Person","@id":"https:\/\/vieassociative.be\/actualites\/#\/schema\/person\/b87ac4f82f9d4e7b7cec7395b679edc4","name":"Julien","image":{"@type":"ImageObject","inLanguage":"fr-BE","@id":"https:\/\/vieassociative.be\/actualites\/#\/schema\/person\/image\/","url":"https:\/\/vieassociative.be\/actualites\/wp-content\/uploads\/2024\/09\/vie-associative-1-150x150.jpg","contentUrl":"https:\/\/vieassociative.be\/actualites\/wp-content\/uploads\/2024\/09\/vie-associative-1-150x150.jpg","caption":"Julien"},"description":"Je suis Julien, r\u00e9dacteur pour Vie Associative. Passionn\u00e9 par le monde associatif depuis plus de 10 ans, j'ai \u00e0 c\u0153ur de partager des histoires inspirantes et de mettre en lumi\u00e8re les initiatives locales. Mon objectif est de sensibiliser et d'encourager l'engagement communautaire \u00e0 travers mes articles.","sameAs":["https:\/\/vieassociative.be\/"]}]}},"_links":{"self":[{"href":"https:\/\/vieassociative.be\/actualites\/wp-json\/wp\/v2\/posts\/10001"}],"collection":[{"href":"https:\/\/vieassociative.be\/actualites\/wp-json\/wp\/v2\/posts"}],"about":[{"href":"https:\/\/vieassociative.be\/actualites\/wp-json\/wp\/v2\/types\/post"}],"author":[{"embeddable":true,"href":"https:\/\/vieassociative.be\/actualites\/wp-json\/wp\/v2\/users\/1"}],"replies":[{"embeddable":true,"href":"https:\/\/vieassociative.be\/actualites\/wp-json\/wp\/v2\/comments?post=10001"}],"version-history":[{"count":0,"href":"https:\/\/vieassociative.be\/actualites\/wp-json\/wp\/v2\/posts\/10001\/revisions"}],"wp:featuredmedia":[{"embeddable":true,"href":"https:\/\/vieassociative.be\/actualites\/wp-json\/wp\/v2\/media\/10002"}],"wp:attachment":[{"href":"https:\/\/vieassociative.be\/actualites\/wp-json\/wp\/v2\/media?parent=10001"}],"wp:term":[{"taxonomy":"category","embeddable":true,"href":"https:\/\/vieassociative.be\/actualites\/wp-json\/wp\/v2\/categories?post=10001"},{"taxonomy":"post_tag","embeddable":true,"href":"https:\/\/vieassociative.be\/actualites\/wp-json\/wp\/v2\/tags?post=10001"}],"curies":[{"name":"wp","href":"https:\/\/api.w.org\/{rel}","templated":true}]}}